{"id":85712,"date":"2020-05-16T12:36:14","date_gmt":"2020-05-16T16:36:14","guid":{"rendered":"https:\/\/linitiative.ca\/International\/censee-promouvoir-leconomie-circulaire-la-covad-tourne-toujours-en-rond\/"},"modified":"2020-05-16T12:36:14","modified_gmt":"2020-05-16T16:36:14","slug":"censee-promouvoir-leconomie-circulaire-la-covad-tourne-toujours-en-rond","status":"publish","type":"post","link":"https:\/\/linitiative.ca\/International\/censee-promouvoir-leconomie-circulaire-la-covad-tourne-toujours-en-rond\/","title":{"rendered":"Cens\u00e9e promouvoir l\u2019\u00e9conomie circulaire, la COVAD tourne toujours en rond !"},"content":{"rendered":"<p><strong>Alors que les plus optimistes parmi nous esp\u00e8rent que le virus du Covid fasse pschitt au sortir du printemps, ceux qui connaissent bien chez nous le \u00abtaux de d\u00e9chets\u00bb des grandes initiatives transverses ne s\u2019attendent \u00e0 gu\u00e8re mieux de la part de la COVAD !<\/strong><\/p>\n<div class=\"c10\"\/>\n<p>La Coalition pour la Valorisation des D\u00e9chets (<strong>COVAD<\/strong>) cr\u00e9\u00e9e en grande pompe en d\u00e9cembre 2015 sur initiative conjointe du Gouvernement marocain et de la CGEM (Conf\u00e9d\u00e9ration g\u00e9n\u00e9rale des entreprises marocaines), semble s\u2019en aller en eau de boudin. Aussi, alors que le Maroc est devenu un exemple \u00e0 suivre \u00e0 l\u2019\u00e9chelle mondiale en mati\u00e8re d\u2019Energies Renouvelables, avec un objectif de 42% d\u00e8s cette ann\u00e9e de production d\u2019\u00e9lectricit\u00e9 \u00abverte\u00bb dans le mix \u00e9nerg\u00e9tique du pays (voire 52% \u00e0 horizon 2030), son bilan en mati\u00e8re de gestion et valorisation des d\u00e9chets est loin d\u2019\u00eatre tout aussi enviable. Un bilan que la COVAD visait justement \u00e0 requinquer \u00e0 travers la cr\u00e9ation d\u2019un environnement favorable, la structuration des fili\u00e8res homog\u00e8nes (au total de sept) et la promotion de l\u2019\u00e9conomie circulaire. Une mission \u00e0 laquelle s\u2019est attel\u00e9e initialement une \u00e9quipe de choc compos\u00e9e de grands pontes de la <strong>CGEM<\/strong>, mais \u00e9galement des cadres sup\u00e9rieurs des minist\u00e8res de l\u2019Environnement, de l\u2019Int\u00e9rieur et de l\u2019Industrie.<\/p>\n<p>Malheureusement, apr\u00e8s plusieurs ann\u00e9es \u00e0 se fendre surtout en effet d\u2019annonces et \u00e0 se consacrer \u00e0 l\u2019organisation d\u2019\u00e9v\u00e8nements d\u2019envergure internationale (notamment en marge de la COP 22 que le Maroc a organis\u00e9e en fin 2016), ce Partenariat Public Priv\u00e9 n\u2019a pas donn\u00e9 les fruits escompt\u00e9s au m\u00eame titre que les autres actions publiques entre-prises en faveur de l\u2019\u00e9conomie circulaire en g\u00e9n\u00e9ral. A commencer par le Programme national des d\u00e9chets m\u00e9nagers qui, malgr\u00e9 les moyens qui lui auront \u00e9t\u00e9 consacr\u00e9s (\u00e0 savoir 40 milliards de dirhams), sera assur\u00e9ment \u00e0 son terme, \u00e0 fin 2020, bien loin de l\u2019objectif d\u2019un taux de valorisation de 20% des d\u00e9chets m\u00e9nagers. Sans parler des autres types de d\u00e9chets (industriels, dangereux\u2026), o\u00f9 les r\u00e9alisations sont encore moins \u00e9loquentes en la mati\u00e8re, alors que par exemple la production nationale des <strong>d\u00e9chets<\/strong> industriels est appel\u00e9e \u00e0 tripler en 2030 pour atteindre 12 millions de tonnes.<\/p>\n<p>Lisez gratuitement Challenge en version PDF en cliquant sur le lien suivant : <a href=\"https:\/\/l.facebook.com\/l.php?u=https%3A%2F%2Femag.challenge.ma%2F743%2Fmobile%2Findex.html%3Ffbclid%3DIwAR2f0nTZo4vwmEHPqQTsK2Qr0TVPosaeuaWJ2OzTUXcX_iyFlf6-On08j-M&amp;h=AT3sQuVOAys-3y3ZSKQXFD4WfUtl131THKnMkeSDdZmVQFkghvWA8BzYhIMwDK4nSStCmc2EYuCc3NGuZT_OPbaY6V_QhFTAI4QJvf7Gi3rM5A87ivUiqnlkWP0Hf20h-T_6p04&amp;__tn__=-UK-R&amp;c[0]=AT3GBab5kvicpYkU_5CY-MS9lDukcjpzlanox4RlzP5WolFWfkiikyMZOQMVL8saAAAfy1Dj6e_sJ8huDCvjEvq_QkBeNFy9TBfMtDirStfTvqM15CrRvhOuah_b1UVcBLXs14WTeY0LnNMRzc1ZlmwwrYfDnTph8JeeMY7l6RFsxrK8TMPZ9_0p0f-x\" rel=\"noreferrer noopener\" target=\"_blank\">https:\/\/emag.challenge.ma\/743\/mobile\/index.html<\/a><\/p>\n<p><img decoding=\"async\" src=\"https:\/\/www.challenge.ma\/wp-content\/uploads\/2020\/05\/Capture-d\u2019\u00e9cran-2020-05-16-\u00e0-16.06.55-779x1024.png\" alt=\"\" class=\"wp-image-140490\" srcset=\"https:\/\/www.challenge.ma\/wp-content\/uploads\/2020\/05\/Capture-d&#x2019;&#xE9;cran-2020-05-16-&#xE0;-16.06.55-779x1024.png 779w, https:\/\/www.challenge.ma\/wp-content\/uploads\/2020\/05\/Capture-d&#x2019;&#xE9;cran-2020-05-16-&#xE0;-16.06.55-228x300.png 228w, https:\/\/www.challenge.ma\/wp-content\/uploads\/2020\/05\/Capture-d&#x2019;&#xE9;cran-2020-05-16-&#xE0;-16.06.55-768x1010.png 768w, https:\/\/www.challenge.ma\/wp-content\/uploads\/2020\/05\/Capture-d&#x2019;&#xE9;cran-2020-05-16-&#xE0;-16.06.55-360x473.png 360w, https:\/\/www.challenge.ma\/wp-content\/uploads\/2020\/05\/Capture-d&#x2019;&#xE9;cran-2020-05-16-&#xE0;-16.06.55-750x986.png 750w, https:\/\/www.challenge.ma\/wp-content\/uploads\/2020\/05\/Capture-d&#x2019;&#xE9;cran-2020-05-16-&#xE0;-16.06.55.png 966w\" sizes=\"(max-width: 779px) 100vw, 779px\"\/><\/p>\n<div class=\"c17\">\n<fieldset class=\"c16\">\n<legend><strong><span class=\"c11\">Challenge<\/span><span class=\"c12\">news<\/span><\/strong><\/legend>\n<div class=\"c15\">Le meilleur de Challenge s\u00e9lectionn\u00e9 par la r\u00e9daction :<\/p>\n<\/div>\n<\/fieldset>\n<\/div>\n<p>Auteur: Amine Amrani<br \/>\n<a href=\"https:\/\/www.challenge.ma\/censee-promouvoir-leconomie-circulaire-la-covad-tourne-toujours-en-rond-140505\/\">Cliquez ici pour lire l&rsquo;article depuis sa source.<\/a><\/p>\n","protected":false},"excerpt":{"rendered":"<p>Alors que les plus optimistes parmi nous esp\u00e8rent que le virus du Covid fasse pschitt au sortir du printemps, ceux qui connaissent bien chez nous le \u00abtaux de d\u00e9chets\u00bb des grandes initiatives transverses ne s\u2019attendent \u00e0 gu\u00e8re mieux de la part de la COVAD ! La Coalition pour la Valorisation des D\u00e9chets (COVAD) cr\u00e9\u00e9e en [&hellip;]<\/p>\n","protected":false},"author":1787,"featured_media":85713,"comment_status":"closed","ping_status":"closed","sticky":false,"template":"","format":"standard","meta":{"fifu_image_url":"","fifu_image_alt":"","footnotes":""},"categories":[78,54],"tags":[],"class_list":["post-85712","post","type-post","status-publish","format-standard","has-post-thumbnail","hentry","category-economie","category-maroc"],"_links":{"self":[{"href":"https:\/\/linitiative.ca\/International\/wp-json\/wp\/v2\/posts\/85712","targetHints":{"allow":["GET"]}}],"collection":[{"href":"https:\/\/linitiative.ca\/International\/wp-json\/wp\/v2\/posts"}],"about":[{"href":"https:\/\/linitiative.ca\/International\/wp-json\/wp\/v2\/types\/post"}],"author":[{"embeddable":true,"href":"https:\/\/linitiative.ca\/International\/wp-json\/wp\/v2\/users\/1787"}],"replies":[{"embeddable":true,"href":"https:\/\/linitiative.ca\/International\/wp-json\/wp\/v2\/comments?post=85712"}],"version-history":[{"count":0,"href":"https:\/\/linitiative.ca\/International\/wp-json\/wp\/v2\/posts\/85712\/revisions"}],"wp:featuredmedia":[{"embeddable":true,"href":"https:\/\/linitiative.ca\/International\/wp-json\/"}],"wp:attachment":[{"href":"https:\/\/linitiative.ca\/International\/wp-json\/wp\/v2\/media?parent=85712"}],"wp:term":[{"taxonomy":"category","embeddable":true,"href":"https:\/\/linitiative.ca\/International\/wp-json\/wp\/v2\/categories?post=85712"},{"taxonomy":"post_tag","embeddable":true,"href":"https:\/\/linitiative.ca\/International\/wp-json\/wp\/v2\/tags?post=85712"}],"curies":[{"name":"wp","href":"https:\/\/api.w.org\/{rel}","templated":true}]}}