{"id":85714,"date":"2020-05-16T13:11:03","date_gmt":"2020-05-16T17:11:03","guid":{"rendered":"https:\/\/linitiative.ca\/International\/cette-pandemie-va-confirmer-une-nouvelle-ere-en-matiere-de-transmission-dentreprises-au-maroc\/"},"modified":"2020-05-16T13:11:03","modified_gmt":"2020-05-16T17:11:03","slug":"cette-pandemie-va-confirmer-une-nouvelle-ere-en-matiere-de-transmission-dentreprises-au-maroc","status":"publish","type":"post","link":"https:\/\/linitiative.ca\/International\/cette-pandemie-va-confirmer-une-nouvelle-ere-en-matiere-de-transmission-dentreprises-au-maroc\/","title":{"rendered":"\u00ab\u00a0Cette pand\u00e9mie va confirmer une  nouvelle \u00e8re en mati\u00e8re de transmission d\u2019entreprises au Maroc\u00a0\u00bb"},"content":{"rendered":"<p><strong>Sp\u00e9cialiste de l\u2019accompagnement des entreprises familiales, Zakaria Fahim estime que le Coronavirus a ouvert grande la porte \u00e0 la transmission d\u2019entreprises.<\/strong><\/p>\n<div class=\"c10\"\/>\n<p><strong>Challenge : Le Coronavirus ne va-t-il pas donner un coup d\u2019acc\u00e9l\u00e9rateur au march\u00e9 de la transmission-cession des entreprises ?<\/strong><\/p>\n<p><strong>Zakaria Fahim :<\/strong> Je pense que cette pand\u00e9mie va confirmer une nouvelle \u00e8re en mati\u00e8re de trans-mission d\u2019entreprises au Maroc. L\u2019\u00e9tat de nos entreprises va \u00eatre totalement diff\u00e9rent, puisque nous aurons une cartographie d\u2019entre-prises qu\u2019on n\u2019aurait jamais pu imaginer il y a deux ou trois mois. L\u2019acc\u00e9l\u00e9ration d\u00e9pendra effectivement du type d\u2019entreprises et du secteur. Si nous prenons aujourd\u2019hui la carte avec tous les secteurs, il y a deux extr\u00eames. Il y a les fleurons dans le tourisme et dans la restauration qui peuvent \u00eatre repris pour pouvoir repartir. Il s\u2019agira notamment, de certaines entreprises qui pourraient \u00eatre reprises au franc symbolique car certaines d\u2019entre elles ont des dettes qu\u2019elles ne peuvent plus honorer et alors pour ne pas \u00eatre poursuivies, seront oblig\u00e9es de c\u00e9der leur patrimoine. Il y a aussi celles qui ne pourront pas garder la valeur qu\u2019elles avaient il y a trois mois. Il est donc clair qu\u2019il y aura des entreprises qui seront perdantes dans les secteurs sinistr\u00e9s dans lesquels il y a des valorisations tr\u00e8s faibles. Forc\u00e9ment, il y aura des opportunit\u00e9s pour les gens qui auront du cash pour ramasser \u00e0 la petite cuill\u00e8re des fleurons qui seront asphyxi\u00e9s financi\u00e8rement.<\/p>\n<p><strong>Lire la suite dans votre magazine Challenge disponible gratuitement sous format PDF, en cliquant sur le lien suivant:<\/strong> <a rel=\"noreferrer noopener\" href=\"https:\/\/l.facebook.com\/l.php?u=https%3A%2F%2Femag.challenge.ma%2F743%2Fmobile%2Findex.html%3Ffbclid%3DIwAR2bp_T8U6NQzW_kkQ_KQYPnyDOmzPdAlAPmpVO-Qnp9rd8K9i5aBdgDE1A&amp;h=AT0a6LehcTNdA6WQqJMToqcfauacrfg0G4FO3_zbKhq6Wh79lUrQ2ksKUVJQymuZhx-cbYfRr1dBcn9z1xodRddNcp3gi-X6_N93meHtsMXMaBhKh4pfo1MsjQljw4iCbwvjKGQ&amp;__tn__=-UK-R&amp;c[0]=AT1ru35XhZw9AGtAEujy0QUr08dgikrhqtodWNmuZKVKd8fL_n1dqZjPirpWjTNQv_UDJftgDbVaPlpgfdHv7rtY_zzPA8Jc96_T3zQzDAeWPRcMQ1E7hl2uXXmJYFlvGK9GDEn4tonwqLutiZ-IlohAbJ5_LMKv5SWjPcZhqD_DQBwSuFz0FgMb_U5Y\" target=\"_blank\"><a rel=\"noreferrer noopener\" href=\"https:\/\/l.facebook.com\/l.php?u=https%3A%2F%2Femag.challenge.ma%2F743%2Fmobile%2Findex.html%3Ffbclid%3DIwAR2bp_T8U6NQzW_kkQ_KQYPnyDOmzPdAlAPmpVO-Qnp9rd8K9i5aBdgDE1A&amp;h=AT0a6LehcTNdA6WQqJMToqcfauacrfg0G4FO3_zbKhq6Wh79lUrQ2ksKUVJQymuZhx-cbYfRr1dBcn9z1xodRddNcp3gi-X6_N93meHtsMXMaBhKh4pfo1MsjQljw4iCbwvjKGQ&amp;__tn__=-UK-R&amp;c[0]=AT1ru35XhZw9AGtAEujy0QUr08dgikrhqtodWNmuZKVKd8fL_n1dqZjPirpWjTNQv_UDJftgDbVaPlpgfdHv7rtY_zzPA8Jc96_T3zQzDAeWPRcMQ1E7hl2uXXmJYFlvGK9GDEn4tonwqLutiZ-IlohAbJ5_LMKv5SWjPcZhqD_DQBwSuFz0FgMb_U5Y\" target=\"_blank\">https:\/\/emag.challenge.ma\/743\/mobile\/index.html<\/a><\/p>\n<p><img decoding=\"async\" src=\"https:\/\/www.challenge.ma\/wp-content\/uploads\/2020\/05\/Capture-d\u2019\u00e9cran-2020-05-16-\u00e0-16.06.55-779x1024.png\" alt=\"\" class=\"wp-image-140490\" srcset=\"https:\/\/www.challenge.ma\/wp-content\/uploads\/2020\/05\/Capture-d&#x2019;&#xE9;cran-2020-05-16-&#xE0;-16.06.55-779x1024.png 779w, https:\/\/www.challenge.ma\/wp-content\/uploads\/2020\/05\/Capture-d&#x2019;&#xE9;cran-2020-05-16-&#xE0;-16.06.55-228x300.png 228w, https:\/\/www.challenge.ma\/wp-content\/uploads\/2020\/05\/Capture-d&#x2019;&#xE9;cran-2020-05-16-&#xE0;-16.06.55-768x1010.png 768w, https:\/\/www.challenge.ma\/wp-content\/uploads\/2020\/05\/Capture-d&#x2019;&#xE9;cran-2020-05-16-&#xE0;-16.06.55-360x473.png 360w, https:\/\/www.challenge.ma\/wp-content\/uploads\/2020\/05\/Capture-d&#x2019;&#xE9;cran-2020-05-16-&#xE0;-16.06.55-750x986.png 750w, https:\/\/www.challenge.ma\/wp-content\/uploads\/2020\/05\/Capture-d&#x2019;&#xE9;cran-2020-05-16-&#xE0;-16.06.55.png 966w\" sizes=\"(max-width: 779px) 100vw, 779px\"\/><\/p>\n<div class=\"c17\">\n<fieldset class=\"c16\">\n<legend><strong><span class=\"c11\">Challenge<\/span><span class=\"c12\">news<\/span><\/strong><\/legend>\n<div class=\"c15\">Le meilleur de Challenge s\u00e9lectionn\u00e9 par la r\u00e9daction :<\/p>\n<\/div>\n<\/fieldset>\n<\/div>\n<p>Auteur: Adama Sylla<br \/>\n<a href=\"https:\/\/www.challenge.ma\/cette-pandemie-va-confirmer-une-nouvelle-ere-en-matiere-de-transmission-dentreprises-au-maroc-140510\/\">Cliquez ici pour lire l&rsquo;article depuis sa source.<\/a><\/p>\n","protected":false},"excerpt":{"rendered":"<p>Sp\u00e9cialiste de l\u2019accompagnement des entreprises familiales, Zakaria Fahim estime que le Coronavirus a ouvert grande la porte \u00e0 la transmission d\u2019entreprises. Challenge : Le Coronavirus ne va-t-il pas donner un coup d\u2019acc\u00e9l\u00e9rateur au march\u00e9 de la transmission-cession des entreprises ? Zakaria Fahim : Je pense que cette pand\u00e9mie va confirmer une nouvelle \u00e8re en mati\u00e8re [&hellip;]<\/p>\n","protected":false},"author":1787,"featured_media":85715,"comment_status":"closed","ping_status":"closed","sticky":false,"template":"","format":"standard","meta":{"fifu_image_url":"","fifu_image_alt":"","footnotes":""},"categories":[78,54],"tags":[],"class_list":["post-85714","post","type-post","status-publish","format-standard","has-post-thumbnail","hentry","category-economie","category-maroc"],"_links":{"self":[{"href":"https:\/\/linitiative.ca\/International\/wp-json\/wp\/v2\/posts\/85714","targetHints":{"allow":["GET"]}}],"collection":[{"href":"https:\/\/linitiative.ca\/International\/wp-json\/wp\/v2\/posts"}],"about":[{"href":"https:\/\/linitiative.ca\/International\/wp-json\/wp\/v2\/types\/post"}],"author":[{"embeddable":true,"href":"https:\/\/linitiative.ca\/International\/wp-json\/wp\/v2\/users\/1787"}],"replies":[{"embeddable":true,"href":"https:\/\/linitiative.ca\/International\/wp-json\/wp\/v2\/comments?post=85714"}],"version-history":[{"count":0,"href":"https:\/\/linitiative.ca\/International\/wp-json\/wp\/v2\/posts\/85714\/revisions"}],"wp:featuredmedia":[{"embeddable":true,"href":"https:\/\/linitiative.ca\/International\/wp-json\/"}],"wp:attachment":[{"href":"https:\/\/linitiative.ca\/International\/wp-json\/wp\/v2\/media?parent=85714"}],"wp:term":[{"taxonomy":"category","embeddable":true,"href":"https:\/\/linitiative.ca\/International\/wp-json\/wp\/v2\/categories?post=85714"},{"taxonomy":"post_tag","embeddable":true,"href":"https:\/\/linitiative.ca\/International\/wp-json\/wp\/v2\/tags?post=85714"}],"curies":[{"name":"wp","href":"https:\/\/api.w.org\/{rel}","templated":true}]}}