{"id":85744,"date":"2020-05-17T11:40:53","date_gmt":"2020-05-17T15:40:53","guid":{"rendered":"https:\/\/linitiative.ca\/International\/le-pps-se-felicite-des-mesures-prises-par-le-maroc-pour-lutter-contre-covid-19\/"},"modified":"2020-05-17T11:40:53","modified_gmt":"2020-05-17T15:40:53","slug":"le-pps-se-felicite-des-mesures-prises-par-le-maroc-pour-lutter-contre-covid-19","status":"publish","type":"post","link":"https:\/\/linitiative.ca\/International\/le-pps-se-felicite-des-mesures-prises-par-le-maroc-pour-lutter-contre-covid-19\/","title":{"rendered":"Le PPS se f\u00e9licite des mesures prises par le Maroc pour lutter contre Covid-19"},"content":{"rendered":"<p class=\"has-text-color has-vivid-red-color c2\"><strong>A l\u2019issue de la Session extraordinaire de son comit\u00e9 central<\/strong><\/p>\n<p class=\"has-text-color c3\"><strong>Le comit\u00e9 central du Parti du Progr\u00e8s et du Socialisme, r\u00e9uni samedi 16 mai, \u00e0 distance, en session extraordinaire, a adopt\u00e9 le rapport du Bureau politique et sa d\u00e9claration finale, dans laquelle il se f\u00e9licite des mesures sanitaires pr\u00e9ventives et proactives \u00abcourageuses prises par notre pays, sous la conduite audacieuse et sage de Sa Majest\u00e9 le Roi, pour faire face \u00e0 l\u2018\u00e9pid\u00e9mie du corona et \u00e0 ses r\u00e9percussions, en particulier la d\u00e9cision royale clairvoyante relative \u00e0 la cr\u00e9ation d\u2019un fonds sp\u00e9cial d\u00e9di\u00e9\u00bb.<\/strong><\/p>\n<p>Dans cette d\u00e9claration, dont lecture a \u00e9t\u00e9 donn\u00e9e par Azzouz Senhaji, membre du Bureau politique, le Comit\u00e9 central salue les larges contributions de solidarit\u00e9 \u00e0 ce fonds, qui ont permis \u00e0 l\u2019Etat de prendre plusieurs mesures \u00e9conomiques et sociales de soutien tant \u00e0 ceux qui ont perdu leurs emplois et aux couches sociales pr\u00e9caires et pauvres, qu\u2019au profit de l\u2019entreprise nationale, ainsi que l\u2019ensemble des initiatives de solidarit\u00e9, organis\u00e9es par les conseils \u00e9lus, les fondations, les associations et les individus\u00bb.<\/p>\n<p>Il y salue aussi tous les soldats au front dans la bataille contre la pand\u00e9mie avec \u00e0 leur t\u00eate les femmes et les hommes de la sant\u00e9, de la s\u00e9curit\u00e9, de l\u2019enseignement et de l\u2019ensemble des services indispensables.<\/p>\n<p>\u00a0Apr\u00e8s avoir soulign\u00e9 les aspects reluisants et les valeurs positives que la pand\u00e9mie a mis en exergue dans la soci\u00e9t\u00e9, le comit\u00e9 central indique que la situation requiert de s\u2019appuyer sur ces valeurs positives et prometteuses pour dessiner les contours du Maroc de demain et pour donner un \u00e9lan nouveau au projet national de d\u00e9veloppement.<\/p>\n<p>En d\u00e9pit donc de toutes les mesures positives prises, le comit\u00e9 central rel\u00e8ve certaines carences de gestion qui entachent cette bataille nationale contre la pand\u00e9mie, dont les insuffisances ayant marqu\u00e9 la distribution du soutien financier au profit de certains m\u00e9nages, notamment dans les p\u00e9riph\u00e9ries des villes, les campagnes et les r\u00e9gions recul\u00e9es.<\/p>\n<p>Il exprime son inqui\u00e9tude \u00e0 l\u2019\u00e9gard de la faiblesse du r\u00f4le politique du gouvernement, de la confusion dans son action et du manque d\u2019homog\u00e9n\u00e9it\u00e9 entre ses composantes ayant fortement \u00e9branl\u00e9 le contexte d\u2019unanimit\u00e9 nationale, du fait de l\u2019agitation suscit\u00e9e par le regrettable projet de loi 22.20 au sujet duquel le PPS r\u00e9it\u00e8re la n\u00e9cessit\u00e9 de le retirer imm\u00e9diatement.<\/p>\n<p>Il exprime en outre ses regrets pour la non-association par le gouvernement des institutions, des diff\u00e9rents acteurs nationaux et sociaux et des partis politiques dans la discussion et l\u2019\u00e9laboration des solutions et des perspectives d\u2019avenir.<\/p>\n<p>Le comit\u00e9 central s\u2019est arr\u00eat\u00e9 aussi dans sa d\u00e9claration finale sur certaines carences du secteur priv\u00e9, en particulier le secteur bancaire et demande au gouvernement de trouver une solution rapide \u00e0 la question des Marocains retenus \u00e0 l\u2019\u00e9tranger.<\/p>\n<p>Il souligne en fin de compte que la crise a confirm\u00e9 l\u2019\u00e9chec du capitalisme \u00e0 apporter les r\u00e9ponses appropri\u00e9es \u00e0 cette crise et a d\u00e9voil\u00e9 la faiblesse de la coop\u00e9ration internationale, le repli du r\u00f4le des organisations internationales, le tr\u00e9buchement de grands Etats, des blocs et des puissances \u00e9conomiques dans la lutte contre la pand\u00e9mie. Cette crise a confirm\u00e9 en d\u2019autres mots l\u2019\u00e9chec des orientations capitalistes et n\u00e9olib\u00e9rales \u00e0 apporter les r\u00e9ponses appropri\u00e9es aux probl\u00e9matiques de la vie, de la nature et de l\u2019\u00eatre humain. Car ce sont ces m\u00eames orientations qui sont directement responsables de la pollution de la terre, de la succession des catastrophes naturelles, de l\u2019exploitation abusive des ressources hydriques, v\u00e9g\u00e9tales et animales.<\/p>\n<p>Le comit\u00e9 central consid\u00e8re en d\u2019autres termes que la pand\u00e9mie du Coronavirus n\u2019a pas uniquement approfondi la crise du capitalisme et de la mondialisation, mais a \u00e9galement mis \u00e0 nu la faiblesse et le caract\u00e8re erron\u00e9 des orientations fond\u00e9es sur le populisme et le chauvinisme ainsi que sur l\u2019extr\u00e9misme de droite et le fanatisme religieux.<\/p>\n<p>Il estime que cette situation interpelle la gauche mondiale et nationale quant \u00e0 la n\u00e9cessit\u00e9 d\u2019\u0153uvrer pour davantage d\u2019efforts th\u00e9oriques et pratiques, pour qu\u2019elle retrouve sa place dans la conduite du processus du changement et la concr\u00e9tisation des alternatives r\u00e9pondant aux attentes des peuples.<\/p>\n<p>Au niveau national, le redressement de la situation, une fois sorti de la crise du coronavirus, requiert un contrat politique nouveau, qui lui permette une sortie victorieuse et saine de la pand\u00e9mie et la transformation des difficult\u00e9s v\u00e9cues en opportunit\u00e9s de progr\u00e8s et de rompre d\u00e9finitivement avec la pr\u00e9carit\u00e9 sociale. Le but \u00e9tant de parvenir \u00e0 un Maroc capable de construire une \u00e9conomie forte dans laquelle l\u2019Etat joue un r\u00f4le axial et strat\u00e9gique et au sein de laquelle le secteur public occupe une position de premier plan \u00e0 c\u00f4t\u00e9 d\u2019un secteur priv\u00e9 national, productif et responsable socialement et \u00e9cologiquement.<\/p>\n<p>Pour ce faire, le Comit\u00e9 central appelle, afin de renforcer l\u2019homog\u00e9n\u00e9it\u00e9 nationale dans le cadre d\u2019un mod\u00e8le de d\u00e9veloppement alternatif, \u00e0 un contrat politique nouveau qui se fonde sur un pacte social visant le renforcement de la d\u00e9mocratie, des libert\u00e9s et de l\u2019\u00e9galit\u00e9 totale entre les sexes, la mise en \u0153uvre d\u2019une approche territoriale performante, ayant pour fondement la d\u00e9centralisation et la r\u00e9gionalisation v\u00e9ritable, et \u00e0 l\u2019\u00e9laboration d\u2019un plan \u00e9conomique, social et \u00e9cologique ambitieux.<\/p>\n<p>Ce qui requiert aussi une r\u00e9vision des priorit\u00e9s nationales, l\u2019adoption d\u2019approches financi\u00e8res, budg\u00e9taires et fiscales r\u00e9nov\u00e9es, le renforcement de la place et du r\u00f4le de l\u2019investissement public et du secteur public dans la relance de l\u2019\u00e9conomie nationale et la promotion de la commande publique, en parfaite compl\u00e9mentarit\u00e9 avec l\u2019appui n\u00e9cessaire \u00e0 apporter au secteur priv\u00e9 et \u00e0 l\u2019entreprise, dans un souci permanent de pr\u00e9servation des richesses naturelles de notre pays, ajoute la d\u00e9claration.<\/p>\n<p>Il souligne dans ce cadre la n\u00e9cessit\u00e9 de proc\u00e9der \u00e0 des r\u00e9formes fondamentales, \u00e0 travers l\u2019appui \u00e0 la production nationale et \u00e0 la pr\u00e9f\u00e9rence nationale, la recherche de l\u2019autosuffisance industrielle et agricole, la r\u00e9vision des accords de libre-\u00e9change en faveur de notre int\u00e9r\u00eat national, outre le soutien des secteurs \u00e9conomiques fondamentaux g\u00e9n\u00e9rateurs de revenus financiers consistants et cr\u00e9ateurs d\u2019un nombre important d\u2019emplois.<\/p>\n<p>Il estime de m\u00eame que pour garantir une justice sociale et spatiale v\u00e9ritable fond\u00e9e sur la r\u00e9partition \u00e9quitable des richesses du pays, il convient de mettre l\u2019Homme au c\u0153ur du processus de d\u00e9veloppement, de l\u2019habiliter, de le promouvoir et de lui assurer la dignit\u00e9 mat\u00e9rielle et morale, \u00e0 travers notamment la mise en \u0153uvre de la couverture sociale universelle, la mise en place d\u2019un revenu minimum de dignit\u00e9 et la promotion au rang de priorit\u00e9s majeures dans l\u2019investissement des secteurs de l\u2019emploi, de l\u2019enseignement, de la sant\u00e9, de la culture et de la recherche scientifique.<\/p>\n<p class=\"c4\"><strong>M\u2019Barek Tafsi<\/strong><\/p>\n<p>Auteur: M&rsquo;hammed rahal<br \/>\n<a href=\"http:\/\/albayane.press.ma\/le-pps-se-felicite-des-mesures-prises-par-le-maroc-pour-lutter-contre-covid-19.html\">Cliquez ici pour lire l&rsquo;article depuis sa source.<\/a><\/p>\n","protected":false},"excerpt":{"rendered":"<p>A l\u2019issue de la Session extraordinaire de son comit\u00e9 central Le comit\u00e9 central du Parti du Progr\u00e8s et du Socialisme, r\u00e9uni samedi 16 mai, \u00e0 distance, en session extraordinaire, a adopt\u00e9 le rapport du Bureau politique et sa d\u00e9claration finale, dans laquelle il se f\u00e9licite des mesures sanitaires pr\u00e9ventives et proactives \u00abcourageuses prises par notre [&hellip;]<\/p>\n","protected":false},"author":1760,"featured_media":0,"comment_status":"closed","ping_status":"closed","sticky":false,"template":"","format":"standard","meta":{"fifu_image_url":"","fifu_image_alt":"","footnotes":""},"categories":[73,54],"tags":[],"class_list":["post-85744","post","type-post","status-publish","format-standard","hentry","category-actualite","category-maroc"],"_links":{"self":[{"href":"https:\/\/linitiative.ca\/International\/wp-json\/wp\/v2\/posts\/85744","targetHints":{"allow":["GET"]}}],"collection":[{"href":"https:\/\/linitiative.ca\/International\/wp-json\/wp\/v2\/posts"}],"about":[{"href":"https:\/\/linitiative.ca\/International\/wp-json\/wp\/v2\/types\/post"}],"author":[{"embeddable":true,"href":"https:\/\/linitiative.ca\/International\/wp-json\/wp\/v2\/users\/1760"}],"replies":[{"embeddable":true,"href":"https:\/\/linitiative.ca\/International\/wp-json\/wp\/v2\/comments?post=85744"}],"version-history":[{"count":0,"href":"https:\/\/linitiative.ca\/International\/wp-json\/wp\/v2\/posts\/85744\/revisions"}],"wp:attachment":[{"href":"https:\/\/linitiative.ca\/International\/wp-json\/wp\/v2\/media?parent=85744"}],"wp:term":[{"taxonomy":"category","embeddable":true,"href":"https:\/\/linitiative.ca\/International\/wp-json\/wp\/v2\/categories?post=85744"},{"taxonomy":"post_tag","embeddable":true,"href":"https:\/\/linitiative.ca\/International\/wp-json\/wp\/v2\/tags?post=85744"}],"curies":[{"name":"wp","href":"https:\/\/api.w.org\/{rel}","templated":true}]}}