{"id":85745,"date":"2020-05-17T13:03:13","date_gmt":"2020-05-17T17:03:13","guid":{"rendered":"https:\/\/linitiative.ca\/International\/tizi-ouzou-un-concours-artistique-en-hommage-a-idir\/"},"modified":"2020-05-17T13:03:13","modified_gmt":"2020-05-17T17:03:13","slug":"tizi-ouzou-un-concours-artistique-en-hommage-a-idir","status":"publish","type":"post","link":"https:\/\/linitiative.ca\/International\/tizi-ouzou-un-concours-artistique-en-hommage-a-idir\/","title":{"rendered":"Tizi Ouzou : un concours artistique en hommage \u00e0 Idir"},"content":{"rendered":"<p><span class=\"sp-nh-title\">Deuxi\u00e8me consultation internationale sur le statut de l&rsquo;artiste en temps de crises<\/span> &#8211; <span class=\"sp-nh-date\">dimanche 17 mai 2020 17:33<\/span><\/p>\n<p><span class=\"sp-nh-title\">Alger\/A\u00efd El Fitr : plus de 2000 v\u00eatements au profit d&rsquo;enfants n\u00e9cessiteux et orphelins<\/span> &#8211; <span class=\"sp-nh-date\">dimanche 17 mai 2020 17:27<\/span><\/p>\n<p><span class=\"sp-nh-title\">PLFC: 5 ans suppl\u00e9mentaires de l\u2019avantage fiscal pour les titulaires de revenus exer\u00e7ant leurs activit\u00e9s dans le Sud<\/span> &#8211; <span class=\"sp-nh-date\">dimanche 17 mai 2020 17:20<\/span><\/p>\n<p><span class=\"sp-nh-title\">Elaboration d\u2019un fichier national des aviculteurs pour organiser la fili\u00e8re<\/span> &#8211; <span class=\"sp-nh-date\">dimanche 17 mai 2020 17:19<\/span><\/p>\n<p><span class=\"sp-nh-title\">Relizane: r\u00e9ouverture du tron\u00e7on de l\u2019autoroute Est-ouest inond\u00e9 par les eaux pluviales<\/span> &#8211; <span class=\"sp-nh-date\">dimanche 17 mai 2020 16:38<\/span><\/p>\n<p><span class=\"sp-nh-title\">Adrar: acheminement de 3500 colis alimentaires aux familles n\u00e9cessiteuses dans les zones d\u2019ombre<\/span> &#8211; <span class=\"sp-nh-date\">dimanche 17 mai 2020 16:28<\/span><\/p>\n<p><span class=\"sp-nh-title\">Covid19-D\u00e9c\u00e8s d&rsquo;un m\u00e9decin \u00e0 Bordj Bou Arreridj: le directeur de l&rsquo;h\u00f4pital de Ras El Oued suspendu<\/span> &#8211; <span class=\"sp-nh-date\">dimanche 17 mai 2020 16:27<\/span><\/p>\n<p><span class=\"sp-nh-title\">Ligue 1-JS Kabylie: Je suis contre l&rsquo;arr\u00eat d\u00e9finitif de la comp\u00e9tition<\/span> &#8211; <span class=\"sp-nh-date\">dimanche 17 mai 2020 16:18<\/span><\/p>\n<p><span class=\"sp-nh-title\">Covid19: 198 nouveaux cas, 98 gu\u00e9risons et 6 d\u00e9c\u00e8s en Alg\u00e9rie durant les derni\u00e8res 24h<\/span> &#8211; <span class=\"sp-nh-date\">dimanche 17 mai 2020 16:02<\/span><\/p>\n<p><span class=\"sp-nh-title\">Covid19-Oran: 221 personnes gu\u00e9ries quittent les h\u00f4pitaux<\/span> &#8211; <span class=\"sp-nh-date\">dimanche 17 mai 2020 15:59<\/span><\/p>\n<p><span class=\"sp-nh-title\">Etape post-d\u00e9confinement: un protocole sanitaire pour la relance de l\u2019activit\u00e9 touristique<\/span> &#8211; <span class=\"sp-nh-date\">dimanche 17 mai 2020 15:57<\/span><\/p>\n<p><span class=\"sp-nh-title\">Christopher Ross adresse un message de condol\u00e9ances \u00e0 la famille du chanteur Idir<\/span> &#8211; <span class=\"sp-nh-date\">dimanche 17 mai 2020 15:37<\/span><\/p>\n<p><span class=\"sp-nh-title\">Tizi Ouzou : un concours artistique en hommage \u00e0 Idir<\/span> &#8211; <span class=\"sp-nh-date\">dimanche 17 mai 2020 15:17<\/span><\/p>\n<p><span class=\"sp-nh-title\">Pluies orageuses sur des wilayas de l&rsquo;Est \u00e0 partir de dimanche<\/span> &#8211; <span class=\"sp-nh-date\">dimanche 17 mai 2020 15:11<\/span><\/p>\n<p><span class=\"sp-nh-title\">Sud et hauts-plateaux: une feuille de route d\u00e9di\u00e9e \u00e0 l&rsquo;acc\u00e8s \u00e9nerg\u00e9tique durable<\/span> &#8211; <span class=\"sp-nh-date\">dimanche 17 mai 2020 14:53<\/span><\/p>\n<p><span class=\"sp-nh-title\">Ain Defla: une startup produit des canons pulv\u00e9risateurs d\u00e9sinfectants de haute qualit\u00e9<\/span> &#8211; <span class=\"sp-nh-date\">dimanche 17 mai 2020 14:43<\/span><\/p>\n<p><span class=\"sp-nh-title\">Alg\u00e9rie-Turquie: entr\u00e9e en vigueur d\u2019un m\u00e9morandum d&rsquo;entente de coop\u00e9ration agricole<\/span> &#8211; <span class=\"sp-nh-date\">dimanche 17 mai 2020 14:18<\/span><\/p>\n<p><span class=\"sp-nh-title\">Centres de d\u00e9tention coloniaux \u00e0 M\u00e9d\u00e9a: des lieux de non-droit ou l\u2019horreur \u00e9tait port\u00e9 \u00e0 son paroxysme<\/span> &#8211; <span class=\"sp-nh-date\">dimanche 17 mai 2020 14:18<\/span><\/p>\n<p><span class=\"sp-nh-title\">Prolongation des mesures fiscales destin\u00e9es aux entreprises impact\u00e9es par le Covid-19<\/span> &#8211; <span class=\"sp-nh-date\">dimanche 17 mai 2020 14:10<\/span><\/p>\n<p><span class=\"sp-nh-title\">Pluies \u00e0 Oran: une fille d\u00e9c\u00e8de et sa m\u00e8re bless\u00e9e suite \u00e0 l\u2019effondrement d\u2019un mur<\/span> &#8211; <span class=\"sp-nh-date\">dimanche 17 mai 2020 13:21<\/span><\/p>\n<p>Auteur:<br \/>\n<a href=\"http:\/\/www.aps.dz\/culture\/105141-tizi-ouzou-un-concours-artistique-en-hommage-a-idir\">Cliquez ici pour lire l&rsquo;article depuis sa source.<\/a><\/p>\n","protected":false},"excerpt":{"rendered":"<p>Deuxi\u00e8me consultation internationale sur le statut de l&rsquo;artiste en temps de crises &#8211; dimanche 17 mai 2020 17:33 Alger\/A\u00efd El Fitr : plus de 2000 v\u00eatements au profit d&rsquo;enfants n\u00e9cessiteux et orphelins &#8211; dimanche 17 mai 2020 17:27 PLFC: 5 ans suppl\u00e9mentaires de l\u2019avantage fiscal pour les titulaires de revenus exer\u00e7ant leurs activit\u00e9s dans le [&hellip;]<\/p>\n","protected":false},"author":1790,"featured_media":0,"comment_status":"closed","ping_status":"closed","sticky":false,"template":"","format":"standard","meta":{"fifu_image_url":"","fifu_image_alt":"","footnotes":""},"categories":[53,79],"tags":[],"class_list":["post-85745","post","type-post","status-publish","format-standard","hentry","category-algerie","category-culture"],"_links":{"self":[{"href":"https:\/\/linitiative.ca\/International\/wp-json\/wp\/v2\/posts\/85745","targetHints":{"allow":["GET"]}}],"collection":[{"href":"https:\/\/linitiative.ca\/International\/wp-json\/wp\/v2\/posts"}],"about":[{"href":"https:\/\/linitiative.ca\/International\/wp-json\/wp\/v2\/types\/post"}],"author":[{"embeddable":true,"href":"https:\/\/linitiative.ca\/International\/wp-json\/wp\/v2\/users\/1790"}],"replies":[{"embeddable":true,"href":"https:\/\/linitiative.ca\/International\/wp-json\/wp\/v2\/comments?post=85745"}],"version-history":[{"count":0,"href":"https:\/\/linitiative.ca\/International\/wp-json\/wp\/v2\/posts\/85745\/revisions"}],"wp:attachment":[{"href":"https:\/\/linitiative.ca\/International\/wp-json\/wp\/v2\/media?parent=85745"}],"wp:term":[{"taxonomy":"category","embeddable":true,"href":"https:\/\/linitiative.ca\/International\/wp-json\/wp\/v2\/categories?post=85745"},{"taxonomy":"post_tag","embeddable":true,"href":"https:\/\/linitiative.ca\/International\/wp-json\/wp\/v2\/tags?post=85745"}],"curies":[{"name":"wp","href":"https:\/\/api.w.org\/{rel}","templated":true}]}}