{"id":85751,"date":"2020-05-17T10:12:07","date_gmt":"2020-05-17T14:12:07","guid":{"rendered":"https:\/\/linitiative.ca\/International\/six-infractions-en-matiere-des-prix-des-produits-alimentaires\/"},"modified":"2020-05-17T10:12:07","modified_gmt":"2020-05-17T14:12:07","slug":"six-infractions-en-matiere-des-prix-des-produits-alimentaires","status":"publish","type":"post","link":"https:\/\/linitiative.ca\/International\/six-infractions-en-matiere-des-prix-des-produits-alimentaires\/","title":{"rendered":"Six infractions en mati\u00e8re des prix des produits alimentaires"},"content":{"rendered":"<div readability=\"35\">\n<p>Essaouira \u2013 Les visites sur le terrain effectu\u00e9es par la Commission mixte provinciale de contr\u00f4le des prix et de la qualit\u00e9 des produits alimentaires au niveau de la province d\u2019Essaouira ont permis de relever 6 infractions durant les 19 premiers jours du mois du Ramadan (du 25 avril au 13 mai).<\/p>\n<\/div>\n<div readability=\"82\">\n<p>Selon des donn\u00e9es de la Division des Affaires \u00e9conomiques et de la Coordination (DAEC) de la pr\u00e9fecture de la province d\u2019Essaouira, les six infractions enregistr\u00e9es sont ventil\u00e9es en cinq (05) pour d\u00e9faut d\u2019affichage des prix et une (01) pour non-respect des normes d\u2019hygi\u00e8ne, de salubrit\u00e9 ou de s\u00e9curit\u00e9 sanitaire.<\/p>\n<p>Et de souligner que six proc\u00e8s-verbaux ont \u00e9t\u00e9 r\u00e9dig\u00e9s, dans ce sens, \u00e0 l\u2019encontre des contrevenants et soumis au tribunal conform\u00e9ment \u00e0 la proc\u00e9dure judiciaire en vigueur.<\/p>\n<p>Par ailleurs, un total de 19 sorties de contr\u00f4le ont \u00e9t\u00e9 effectu\u00e9es par les membres de ladite Commission, dont 11 en milieu urbain, 5 en milieu rural et 3 au niveau des souks hebdomadaires.<\/p>\n<p>Ces tourn\u00e9es ont concern\u00e9 526 points de vente, dont 286 en milieu urbain, 89 en milieu rural et 151 au niveau des souks hebdomadaires, pr\u00e9cise la m\u00eame source, indiquant que l\u2019\u00e9tat d\u2019approvisionnement des march\u00e9s et diff\u00e9rents commerces au niveau de la province demeure normal avec une abondance en produits alimentaires, dont les prix restent stables.<\/p>\n<p>Il a \u00e9t\u00e9, en outre, proc\u00e9d\u00e9 \u00e0 l\u2019intensification des op\u00e9rations de contr\u00f4le au niveau des grandes surfaces et des points de vente en gros en vue de s\u2019assurer du respect des mesures d\u2019hygi\u00e8ne et de s\u00e9curit\u00e9 sanitaire pour \u00e9viter la propagation du Covid-19.<\/p>\n<p>La Commission mixte provinciale continue de multiplier ses descentes afin de veiller au suivi de l\u2019\u00e9tat d\u2019approvisionnement et au contr\u00f4le des prix des produits de premi\u00e8re n\u00e9cessit\u00e9 au niveau local, pour lutter contre toute hausse, sp\u00e9culation ou pratique susceptible de porter pr\u00e9judice au pouvoir d\u2019achat ou \u00e0 la s\u00e9curit\u00e9 sanitaire des citoyens.<\/p>\n<p>Par ailleurs, quatre r\u00e9unions hebdomadaires (chaque mardi) du Comit\u00e9 du suivi de l\u2019\u00e9tat d\u2019approvisionnement, ont \u00e9t\u00e9 tenues, par audioconf\u00e9rence, sous la pr\u00e9sidence du gouverneur de la province, M. Adil El Maliki, ax\u00e9es principalement sur tous les aspects li\u00e9s \u00e0 la situation de l\u2019approvisionnement du march\u00e9 local ainsi qu\u2019au contr\u00f4le des prix et de la qualit\u00e9 des produits alimentaires.<\/p>\n<\/div>\n<p>Auteur: Meriem IGASS<br \/>\n<a href=\"http:\/\/www.mapmarrakech.ma\/fr\/six-infractions-en-matiere-des-prix-des-produits-alimentaires\/\">Cliquez ici pour lire l&rsquo;article depuis sa source.<\/a><\/p>\n","protected":false},"excerpt":{"rendered":"<p>Essaouira \u2013 Les visites sur le terrain effectu\u00e9es par la Commission mixte provinciale de contr\u00f4le des prix et de la qualit\u00e9 des produits alimentaires au niveau de la province d\u2019Essaouira ont permis de relever 6 infractions durant les 19 premiers jours du mois du Ramadan (du 25 avril au 13 mai). Selon des donn\u00e9es de [&hellip;]<\/p>\n","protected":false},"author":1788,"featured_media":0,"comment_status":"closed","ping_status":"closed","sticky":false,"template":"","format":"standard","meta":{"fifu_image_url":"","fifu_image_alt":"","footnotes":""},"categories":[54,76],"tags":[],"class_list":["post-85751","post","type-post","status-publish","format-standard","hentry","category-maroc","category-regions"],"_links":{"self":[{"href":"https:\/\/linitiative.ca\/International\/wp-json\/wp\/v2\/posts\/85751","targetHints":{"allow":["GET"]}}],"collection":[{"href":"https:\/\/linitiative.ca\/International\/wp-json\/wp\/v2\/posts"}],"about":[{"href":"https:\/\/linitiative.ca\/International\/wp-json\/wp\/v2\/types\/post"}],"author":[{"embeddable":true,"href":"https:\/\/linitiative.ca\/International\/wp-json\/wp\/v2\/users\/1788"}],"replies":[{"embeddable":true,"href":"https:\/\/linitiative.ca\/International\/wp-json\/wp\/v2\/comments?post=85751"}],"version-history":[{"count":0,"href":"https:\/\/linitiative.ca\/International\/wp-json\/wp\/v2\/posts\/85751\/revisions"}],"wp:attachment":[{"href":"https:\/\/linitiative.ca\/International\/wp-json\/wp\/v2\/media?parent=85751"}],"wp:term":[{"taxonomy":"category","embeddable":true,"href":"https:\/\/linitiative.ca\/International\/wp-json\/wp\/v2\/categories?post=85751"},{"taxonomy":"post_tag","embeddable":true,"href":"https:\/\/linitiative.ca\/International\/wp-json\/wp\/v2\/tags?post=85751"}],"curies":[{"name":"wp","href":"https:\/\/api.w.org\/{rel}","templated":true}]}}