{"id":85752,"date":"2020-05-17T10:30:18","date_gmt":"2020-05-17T14:30:18","guid":{"rendered":"https:\/\/linitiative.ca\/International\/le-tissu-associatif-a-aguerd-mobilise-en-faveur-des-populations-demunies\/"},"modified":"2020-05-17T10:30:18","modified_gmt":"2020-05-17T14:30:18","slug":"le-tissu-associatif-a-aguerd-mobilise-en-faveur-des-populations-demunies","status":"publish","type":"post","link":"https:\/\/linitiative.ca\/International\/le-tissu-associatif-a-aguerd-mobilise-en-faveur-des-populations-demunies\/","title":{"rendered":"Le tissu associatif \u00e0 Aguerd mobilis\u00e9 en faveur des populations d\u00e9munies"},"content":{"rendered":"<div readability=\"37\">\n<p>Commune d\u2019Aguerd (Province d\u2019Essaouira) \u2013 Le tissu associatif dans la commune d\u2019Aguerd relevant de la province d\u2019Essaouira s\u2019est fortement mobilis\u00e9 dans le cadre d\u2019une campagne de solidarit\u00e9 en vue de venir en aide aux populations vuln\u00e9rables et d\u00e9munies, notamment en milieu rural, impact\u00e9es par les effets socio-\u00e9conomiques engendr\u00e9s par la propagation de la pand\u00e9mie du nouveau coronavirus (Covid-19).<\/p>\n<\/div>\n<div readability=\"84\">\n<p>Ainsi, l\u2019association Tifaouine Ntoudert pour la promotion de la Femme Aguerdie a proc\u00e9d\u00e9, r\u00e9cemment, en coop\u00e9ration avec la collectivit\u00e9 territoriale et le concours de nombreux bienfaiteurs, \u00e0 la distribution de quelque 240 paniers alimentaires au profit des habitants b\u00e9n\u00e9ficiaires dans plusieurs douars relevant de la commune d\u2019Aguerd.<\/p>\n<p>Dans une premi\u00e8re phase, 75 paniers alimentaires ont \u00e9t\u00e9 remis \u00e0 des habitants des douars d\u2019A\u00eft Ali, de Dhar, de Jmalat et d\u2019El Bour, alors que 37 autres paniers ont \u00e9t\u00e9 distribu\u00e9s au titre de la 2\u00e8me phase de cette op\u00e9ration au niveau des douars d\u2019Azrou et d\u2019El Mers.<\/p>\n<p>Lors de la 3\u00e8me phase, il a \u00e9t\u00e9 proc\u00e9d\u00e9 \u00e0 la livraison de 39 paniers alimentaires aux b\u00e9n\u00e9ficiaires dans les douars d\u2019Ibachratene, d\u2019Id Naoum et d\u2019Idaouzamene, tandis que 90 paniers alimentaires ont \u00e9t\u00e9 remis aux b\u00e9n\u00e9ficiaires au niveau des douars d\u2019Imarirene, de Laadamna et de Bouzama.<\/p>\n<p>Cette action, qui s\u2019inscrit dans le cadre de la consolidation des diff\u00e9rentes initiatives humanitaires pour la promotion de la culture de solidarit\u00e9 et la r\u00e9alisation d\u2019un d\u00e9veloppement humain durable, a b\u00e9n\u00e9fici\u00e9 notamment \u00e0 des veuves, \u00e0 des femmes divorc\u00e9es et \u00e0 des personnes \u00e0 besoins sp\u00e9cifiques ainsi qu\u2019aux m\u00e9nages d\u00e9munis ou \u00e0 revenus limit\u00e9s \u00e0 l\u2019\u00e9chelle du territoire de la Commune.<\/p>\n<p>Men\u00e9e en \u00e9troite coordination avec les autorit\u00e9s locales, cette op\u00e9ration s\u2019est d\u00e9roul\u00e9e dans le strict respect des mesures pr\u00e9ventives et de pr\u00e9caution en vue d\u2019endiguer la propagation de la pand\u00e9mie du Covid-19, dont la distanciation sociale et le port obligatoire des masques de protection.<\/p>\n<p>A cette occasion, une campagne a \u00e9t\u00e9 men\u00e9e aupr\u00e8s de la population des douars visit\u00e9s pour mieux les sensibiliser aux risques du nouveau coronavirus et les inciter \u00e0 se conformer strictement aux mesures pr\u00e9ventives en vigueur pour la protection de leur sant\u00e9 et \u00e0 respecter les conditions d\u2019hygi\u00e8ne.<\/p>\n<p>Cette initiative, qui a suscit\u00e9 un \u00e9cho tr\u00e8s favorable dans les rangs des b\u00e9n\u00e9ficiaires, refl\u00e8te l\u2019esprit d\u2019entraide qui anime l\u2019ensemble des composantes de la soci\u00e9t\u00e9 marocaine et vient consacrer la culture de solidarit\u00e9 port\u00e9e par SM le Roi Mohammed VI conform\u00e9ment aux nobles valeurs et pr\u00e9ceptes de l\u2019Islam.<\/p>\n<\/div>\n<p>Auteur: Meriem IGASS<br \/>\n<a href=\"http:\/\/www.mapmarrakech.ma\/fr\/le-tissu-associatif-a-aguerd-mobilise-en-faveur-des-populations-demunies\/\">Cliquez ici pour lire l&rsquo;article depuis sa source.<\/a><\/p>\n","protected":false},"excerpt":{"rendered":"<p>Commune d\u2019Aguerd (Province d\u2019Essaouira) \u2013 Le tissu associatif dans la commune d\u2019Aguerd relevant de la province d\u2019Essaouira s\u2019est fortement mobilis\u00e9 dans le cadre d\u2019une campagne de solidarit\u00e9 en vue de venir en aide aux populations vuln\u00e9rables et d\u00e9munies, notamment en milieu rural, impact\u00e9es par les effets socio-\u00e9conomiques engendr\u00e9s par la propagation de la pand\u00e9mie du [&hellip;]<\/p>\n","protected":false},"author":1788,"featured_media":0,"comment_status":"closed","ping_status":"closed","sticky":false,"template":"","format":"standard","meta":{"fifu_image_url":"","fifu_image_alt":"","footnotes":""},"categories":[54,76],"tags":[],"class_list":["post-85752","post","type-post","status-publish","format-standard","hentry","category-maroc","category-regions"],"_links":{"self":[{"href":"https:\/\/linitiative.ca\/International\/wp-json\/wp\/v2\/posts\/85752","targetHints":{"allow":["GET"]}}],"collection":[{"href":"https:\/\/linitiative.ca\/International\/wp-json\/wp\/v2\/posts"}],"about":[{"href":"https:\/\/linitiative.ca\/International\/wp-json\/wp\/v2\/types\/post"}],"author":[{"embeddable":true,"href":"https:\/\/linitiative.ca\/International\/wp-json\/wp\/v2\/users\/1788"}],"replies":[{"embeddable":true,"href":"https:\/\/linitiative.ca\/International\/wp-json\/wp\/v2\/comments?post=85752"}],"version-history":[{"count":0,"href":"https:\/\/linitiative.ca\/International\/wp-json\/wp\/v2\/posts\/85752\/revisions"}],"wp:attachment":[{"href":"https:\/\/linitiative.ca\/International\/wp-json\/wp\/v2\/media?parent=85752"}],"wp:term":[{"taxonomy":"category","embeddable":true,"href":"https:\/\/linitiative.ca\/International\/wp-json\/wp\/v2\/categories?post=85752"},{"taxonomy":"post_tag","embeddable":true,"href":"https:\/\/linitiative.ca\/International\/wp-json\/wp\/v2\/tags?post=85752"}],"curies":[{"name":"wp","href":"https:\/\/api.w.org\/{rel}","templated":true}]}}