{"id":85753,"date":"2020-05-17T10:35:34","date_gmt":"2020-05-17T14:35:34","guid":{"rendered":"https:\/\/linitiative.ca\/International\/20-nouvelles-remissions-et-7-nouveaux-cas-confirmes-drs\/"},"modified":"2020-05-17T10:35:34","modified_gmt":"2020-05-17T14:35:34","slug":"20-nouvelles-remissions-et-7-nouveaux-cas-confirmes-drs","status":"publish","type":"post","link":"https:\/\/linitiative.ca\/International\/20-nouvelles-remissions-et-7-nouveaux-cas-confirmes-drs\/","title":{"rendered":"20 nouvelles r\u00e9missions et 7 nouveaux cas confirm\u00e9s (DRS)"},"content":{"rendered":"<div readability=\"35\">\n<p>Marrakech \u2013 Vingt (20) nouvelles r\u00e9missions ont \u00e9t\u00e9 enregistr\u00e9es au niveau de la r\u00e9gion Marrakech-Safi, portant \u00e0 960 le nombre total des personnes d\u00e9clar\u00e9es d\u00e9finitivement gu\u00e9ries dans la r\u00e9gion jusqu\u2019\u00e0 dimanche \u00e0 10H00.<\/p>\n<\/div>\n<div readability=\"68\">\n<p>Un nouveau bilan de la Direction R\u00e9gionale de la Sant\u00e9 (DRS) fait ressortir que 15 nouvelles gu\u00e9risons ont \u00e9t\u00e9 signal\u00e9es dans la pr\u00e9fecture de Marrakech et 5 dans la province de Rehamna.<\/p>\n<p>Ainsi, le total des cas gu\u00e9ris est r\u00e9parti entre la pr\u00e9fecture de Marrakech (662) et les provinces de Rehamna (230), d\u2019Al Haouz (39), de Chichaoua (23), d\u2019El Kela\u00e2 des Sraghna (04), d\u2019Essaouira (01) et de Safi (01), pr\u00e9cise la DRS, notant que le taux de gu\u00e9rison s\u2019\u00e9l\u00e8ve \u00e0 76%.<\/p>\n<p>La m\u00eame source rel\u00e8ve que 7 nouveaux cas d\u2019infection au Covid-19 ont \u00e9t\u00e9 confirm\u00e9s, portant \u00e0 1.262 le nombre total des contaminations dans la r\u00e9gion jusqu\u2019\u00e0 dimanche \u00e0 10H00, dont 252 patients sous traitement.<\/p>\n<p>Ces cas hospitalis\u00e9s sont r\u00e9partis entre la pr\u00e9fecture de Marrakech (236) et les provinces d\u2019Al Haouz (11), d\u2019Essaouira (3), de Rehamna (1) et de Safi (1).<\/p>\n<p>Le nombre des cas exclus apr\u00e8s des r\u00e9sultats n\u00e9gatifs d\u2019analyses effectu\u00e9es au laboratoire a atteint 8.054, tandis que celui des d\u00e9c\u00e8s s\u2019est stabilis\u00e9 \u00e0 50, fait savoir la Direction R\u00e9gionale de la Sant\u00e9.<\/p>\n<p>Au niveau national, 158 nouveaux cas gu\u00e9ris du nouveau coronavirus ont \u00e9t\u00e9 enregistr\u00e9s, portant \u00e0 3.645 le nombre total des r\u00e9missions dans le Royaume jusqu\u2019\u00e0 dimanche \u00e0 10H00, selon les chiffres du minist\u00e8re de la Sant\u00e9.<\/p>\n<\/div>\n<p>Auteur: Meriem IGASS<br \/>\n<a href=\"http:\/\/www.mapmarrakech.ma\/fr\/20-nouvelles-remissions-et-7-nouveaux-cas-confirmes-drs\/\">Cliquez ici pour lire l&rsquo;article depuis sa source.<\/a><\/p>\n","protected":false},"excerpt":{"rendered":"<p>Marrakech \u2013 Vingt (20) nouvelles r\u00e9missions ont \u00e9t\u00e9 enregistr\u00e9es au niveau de la r\u00e9gion Marrakech-Safi, portant \u00e0 960 le nombre total des personnes d\u00e9clar\u00e9es d\u00e9finitivement gu\u00e9ries dans la r\u00e9gion jusqu\u2019\u00e0 dimanche \u00e0 10H00. Un nouveau bilan de la Direction R\u00e9gionale de la Sant\u00e9 (DRS) fait ressortir que 15 nouvelles gu\u00e9risons ont \u00e9t\u00e9 signal\u00e9es dans la [&hellip;]<\/p>\n","protected":false},"author":1788,"featured_media":0,"comment_status":"closed","ping_status":"closed","sticky":false,"template":"","format":"standard","meta":{"fifu_image_url":"","fifu_image_alt":"","footnotes":""},"categories":[54,76],"tags":[],"class_list":["post-85753","post","type-post","status-publish","format-standard","hentry","category-maroc","category-regions"],"_links":{"self":[{"href":"https:\/\/linitiative.ca\/International\/wp-json\/wp\/v2\/posts\/85753","targetHints":{"allow":["GET"]}}],"collection":[{"href":"https:\/\/linitiative.ca\/International\/wp-json\/wp\/v2\/posts"}],"about":[{"href":"https:\/\/linitiative.ca\/International\/wp-json\/wp\/v2\/types\/post"}],"author":[{"embeddable":true,"href":"https:\/\/linitiative.ca\/International\/wp-json\/wp\/v2\/users\/1788"}],"replies":[{"embeddable":true,"href":"https:\/\/linitiative.ca\/International\/wp-json\/wp\/v2\/comments?post=85753"}],"version-history":[{"count":0,"href":"https:\/\/linitiative.ca\/International\/wp-json\/wp\/v2\/posts\/85753\/revisions"}],"wp:attachment":[{"href":"https:\/\/linitiative.ca\/International\/wp-json\/wp\/v2\/media?parent=85753"}],"wp:term":[{"taxonomy":"category","embeddable":true,"href":"https:\/\/linitiative.ca\/International\/wp-json\/wp\/v2\/categories?post=85753"},{"taxonomy":"post_tag","embeddable":true,"href":"https:\/\/linitiative.ca\/International\/wp-json\/wp\/v2\/tags?post=85753"}],"curies":[{"name":"wp","href":"https:\/\/api.w.org\/{rel}","templated":true}]}}