{"id":85754,"date":"2020-05-17T11:20:18","date_gmt":"2020-05-17T15:20:18","guid":{"rendered":"https:\/\/linitiative.ca\/International\/une-nouvelle-remission-a-lhopital-mohammed-vi-a-tahanaout-18-au-total\/"},"modified":"2020-05-17T11:20:18","modified_gmt":"2020-05-17T15:20:18","slug":"une-nouvelle-remission-a-lhopital-mohammed-vi-a-tahanaout-18-au-total","status":"publish","type":"post","link":"https:\/\/linitiative.ca\/International\/une-nouvelle-remission-a-lhopital-mohammed-vi-a-tahanaout-18-au-total\/","title":{"rendered":"Une nouvelle r\u00e9mission \u00e0 l\u2019h\u00f4pital Mohammed VI \u00e0 Tahanaout, 18 au total"},"content":{"rendered":"<div class=\"single-featured\"><img alt=\"\" data-src=\"http:\/\/www.mapmarrakech.ma\/map\/uploads\/2020\/05\/Centre-de-virologie-MAP.jpg\"\/><\/div>\n<div class=\"single-post-excerpt post-excerpt-bc\" readability=\"36\">\n<p>Tahanaout (province d\u2019Al Haouz) \u2013 L\u2019h\u00f4pital provincial Mohammed VI \u00e0 Tahanaout relevant de la province d\u2019Al Haouz a enregistr\u00e9, dimanche, la r\u00e9mission compl\u00e8te d\u2019un patient atteint du nouveau coronavirus (Covid-19).<\/p>\n<\/div>\n<div class=\"entry-content clearfix single-post-content\" readability=\"55\">\n<p>Il s\u2019agit d\u2019un homme \u00e2g\u00e9 de 31 ans, d\u00e9finitivement gu\u00e9ris apr\u00e8s que les tests m\u00e9dicaux et cliniques effectu\u00e9s se sont r\u00e9v\u00e9l\u00e9s n\u00e9gatifs.<\/p>\n<p>Ainsi, cette nouvelle r\u00e9mission porte \u00e0 18, le nombre total des patients totalement r\u00e9tablis apr\u00e8s avoir b\u00e9n\u00e9fici\u00e9 d\u2019une prise en charge m\u00e9dicale au sein de cet \u00e9tablissement hospitalier.<\/p>\n<p>Selon le directeur de l\u2019h\u00f4pital provincial Mohammed VI \u00e0 Tahanaout, Abdellatif Zrhadi, ce patient dont la dur\u00e9e d\u2019hospitalisation a \u00e9t\u00e9 de 18 jours, ne souffrait\u00a0 d\u2019aucune complication ou de maladie chronique et que son \u00e9tat de sant\u00e9 a \u00e9t\u00e9 stable durant la dur\u00e9e d\u2019hospitalisation.<\/p>\n<p>Ce patient devra passer quelques jours de convalescence et de confinement dans un centre d\u00e9di\u00e9 \u00e0 cet effet conform\u00e9ment au protocole de sant\u00e9 adopt\u00e9 par le minist\u00e8re de la sant\u00e9, a-t-il ajout\u00e9.<\/p>\n<p>Et de rappeler que le nombre de patients atteints du coronavirus (Covid-19) et pris en charge au sein de l\u2019h\u00f4pital Mohammed VI de\u00a0Tahanaout s\u2019\u00e9l\u00e8ve actuellement \u00e0 09.<\/p>\n<\/div>\n<p>Auteur: Meriem IGASS<br \/>\n<a href=\"http:\/\/www.mapmarrakech.ma\/fr\/une-nouvelle-remission-a-lhopital-mohammed-vi-a-tahanaout-18-au-total\/\">Cliquez ici pour lire l&rsquo;article depuis sa source.<\/a><\/p>\n","protected":false},"excerpt":{"rendered":"<p>Tahanaout (province d\u2019Al Haouz) \u2013 L\u2019h\u00f4pital provincial Mohammed VI \u00e0 Tahanaout relevant de la province d\u2019Al Haouz a enregistr\u00e9, dimanche, la r\u00e9mission compl\u00e8te d\u2019un patient atteint du nouveau coronavirus (Covid-19). Il s\u2019agit d\u2019un homme \u00e2g\u00e9 de 31 ans, d\u00e9finitivement gu\u00e9ris apr\u00e8s que les tests m\u00e9dicaux et cliniques effectu\u00e9s se sont r\u00e9v\u00e9l\u00e9s n\u00e9gatifs. Ainsi, cette nouvelle [&hellip;]<\/p>\n","protected":false},"author":1788,"featured_media":85755,"comment_status":"closed","ping_status":"closed","sticky":false,"template":"","format":"standard","meta":{"fifu_image_url":"","fifu_image_alt":"","footnotes":""},"categories":[54,76],"tags":[],"class_list":["post-85754","post","type-post","status-publish","format-standard","has-post-thumbnail","hentry","category-maroc","category-regions"],"_links":{"self":[{"href":"https:\/\/linitiative.ca\/International\/wp-json\/wp\/v2\/posts\/85754","targetHints":{"allow":["GET"]}}],"collection":[{"href":"https:\/\/linitiative.ca\/International\/wp-json\/wp\/v2\/posts"}],"about":[{"href":"https:\/\/linitiative.ca\/International\/wp-json\/wp\/v2\/types\/post"}],"author":[{"embeddable":true,"href":"https:\/\/linitiative.ca\/International\/wp-json\/wp\/v2\/users\/1788"}],"replies":[{"embeddable":true,"href":"https:\/\/linitiative.ca\/International\/wp-json\/wp\/v2\/comments?post=85754"}],"version-history":[{"count":0,"href":"https:\/\/linitiative.ca\/International\/wp-json\/wp\/v2\/posts\/85754\/revisions"}],"wp:featuredmedia":[{"embeddable":true,"href":"https:\/\/linitiative.ca\/International\/wp-json\/"}],"wp:attachment":[{"href":"https:\/\/linitiative.ca\/International\/wp-json\/wp\/v2\/media?parent=85754"}],"wp:term":[{"taxonomy":"category","embeddable":true,"href":"https:\/\/linitiative.ca\/International\/wp-json\/wp\/v2\/categories?post=85754"},{"taxonomy":"post_tag","embeddable":true,"href":"https:\/\/linitiative.ca\/International\/wp-json\/wp\/v2\/tags?post=85754"}],"curies":[{"name":"wp","href":"https:\/\/api.w.org\/{rel}","templated":true}]}}