{"id":85756,"date":"2020-05-17T11:49:52","date_gmt":"2020-05-17T15:49:52","guid":{"rendered":"https:\/\/linitiative.ca\/International\/madani-ait-ouhanni-dernier-temoin-de-lexpedition-ra-ii\/"},"modified":"2020-05-17T11:49:52","modified_gmt":"2020-05-17T15:49:52","slug":"madani-ait-ouhanni-dernier-temoin-de-lexpedition-ra-ii","status":"publish","type":"post","link":"https:\/\/linitiative.ca\/International\/madani-ait-ouhanni-dernier-temoin-de-lexpedition-ra-ii\/","title":{"rendered":"Madani Ait Ouhanni, dernier t\u00e9moin de l\u2019exp\u00e9dition RA II"},"content":{"rendered":"<div readability=\"38\">\n<p>-Par Fouad BENJLIKA-<br \/>Safi \u2013 Hajj Madani Ait Ouhanni ne pensait pas que sa vie allait prendre une autre tournure lorsqu\u2019il accepta de prendre part \u00e0 l\u2019exp\u00e9dition scientifique de Thor Heyerdahl, l\u2019explorateur et scientifique norv\u00e9gien, qui est parti depuis Safi le 17 mai 1970 pour d\u00e9montrer que des civilisations anciennes des deux c\u00f4t\u00e9s de l\u2019Atlantique aient pu avoir contact \u00e0 l\u2019aide de bateaux en papyrus, avant que Christophe Colomb ne d\u00e9couvre le continent am\u00e9ricain.<\/p>\n<\/div>\n<div readability=\"189\">\n<p>Aujourd\u2019hui \u00e0 81 ans, Hajj Madani Ait Ouhanni se sent heureux et chanceux d\u2019\u00eatre le dernier encore en vie parmi les huit hommes ayant pris part \u00e0 cette odyss\u00e9e scientifique.<\/p>\n<p>Le 50\u00e8 anniversaire de ce grand p\u00e9riple, qui sera c\u00e9l\u00e9br\u00e9 dimanche par l\u2019Ambassade de la Norv\u00e8ge au Maroc, est d\u2019une forte symbolique et charg\u00e9 de souvenirs pour ce Marocain qui faisait partie des 08 \u00ab\u00a0heureux hommes \u00e9lus\u00a0\u00bb pour faire la travers\u00e9e de l\u2019Atlantique en compagnie de ce c\u00e9l\u00e8bre explorateur norv\u00e9gien, \u00e0 bord d\u2019une embarcation en papyrus.<\/p>\n<p>Cet ancien directeur de plusieurs \u00e9tablissements touristiques au Maroc, dont celui o\u00f9 \u00e9taient h\u00e9berg\u00e9s les membres de l\u2019\u00e9quipage de l\u2019exp\u00e9dition \u00ab\u00a0Ra II\u00a0\u00bb, a confi\u00e9 \u00e0 la MAP que tout a commenc\u00e9 lorsqu\u2019un des membres de cette exp\u00e9dition maritime et scientifique a d\u00e9sist\u00e9 pour des raisons personnelles.<\/p>\n<p>\u00ab\u00a0Je me souviens que cette d\u00e9fection me donna l\u2019occasion pour convaincre Thor Heyerdahl, avec qui je me suis li\u00e9 d\u2019une profonde amiti\u00e9, de choisir un Marocain pour faire partie de l\u2019aventure\u00a0\u00bb, se souvient-il avec \u00e9motion et fiert\u00e9, relevant que le profil de trois Marocains propos\u00e9s ne correspondait pas exactement aux attentes du c\u00e9l\u00e8bre explorateur norv\u00e9gien.<\/p>\n<p>\u00ab\u00a0A la fin, le choix de Thor tomba sur moi\u00a0\u00bb, a-t-il indiqu\u00e9, notant qu\u2019il n\u2019a pas h\u00e9sit\u00e9 \u00e0 accepter cette invitation inattendue car, cette aventure repr\u00e9sente une occasion unique d\u2019inscrire le nom du Maroc dans les annales de l\u2019histoire. Un choix qu\u2019il ne regretta jamais de sa vie.<\/p>\n<p>Sur le choix de la ville de Safi comme point de d\u00e9part de cette exp\u00e9dition, Hajj Madani Ait Ouhanni a expliqu\u00e9 que Thor \u00e9tait au courant que cette cit\u00e9 marocaine mill\u00e9naire de l\u2019Atlantique \u00e9tait dot\u00e9e d\u2019un port ancien, qui remonte au moins \u00e0 l\u2019\u00e8re de l\u2019occupation romaine.<\/p>\n<p>Hajj Madani, qui \u00e9tait \u00e2g\u00e9 alors de 30 ans, se souvient des moindres d\u00e9tails de cette odyss\u00e9e qu\u2019il a v\u00e9cue et dont les p\u00e9rip\u00e9ties resteront grav\u00e9es dans sa m\u00e9moire toute sa vie.<\/p>\n<p>L\u2019exp\u00e9dition avait commenc\u00e9 le 17 mai 1970 \u00e0 bord d\u2019une embarcation en papyrus construite selon la pure tradition de l\u2019Egypte antique : pas le moindre clou, l\u2019eau potable \u00e9tait conserv\u00e9e dans des cruches en terre cuite, juste un instrument pour mesurer le temps \u00e0 la mani\u00e8re des anciens \u00e9gyptiens, et une boussole pour orienter et \u00e9viter de se perdre dans cet immense oc\u00e9an.<\/p>\n<p>L\u2019objectif affich\u00e9 de cette aventure consistait \u00e0 d\u00e9montrer par l\u2019exemple qu\u2019il est possible de naviguer en haute mer avec des embarcations en balsa, en papyrus et en roseaux.<\/p>\n<p>Il s\u2019agissait aussi de prouver que les anciens \u00e9gyptiens \u00e9taient les premiers \u00e0 d\u00e9couvrir le continent am\u00e9ricain, 5000 ans avant Christophe Colomb, et \u00e0 y laisser leurs empreintes dans la conception et la construction des pyramides, a-t-il expliqu\u00e9.<\/p>\n<p>L\u2019exp\u00e9dition avait aussi permis de mesurer la pollution de l\u2019oc\u00e9an Atlantique et gr\u00e2ce \u00e0 Heyerdahl, la communaut\u00e9 internationale avait interdit en 1972 le d\u00e9versement d\u2019huiles usag\u00e9es en pleine mer.<\/p>\n<p>\u00ab\u00a0Le p\u00e9riple avait atteint ses objectifs et nous sommes parvenus aux Iles Barbade (Cara\u00efbes) le 12 juillet, soit apr\u00e8s 57 jours de navigation maritime, et 6.400 km parcourus\u00a0\u00bb, a-t-il ajout\u00e9.<\/p>\n<p>\u00ab\u00a0Les membres de l\u2019\u00e9quipage, compos\u00e9 de 08 hommes, appartenaient \u00e0 diff\u00e9rentes nationalit\u00e9s et confessions, mais formaient une \u00e9quipe soud\u00e9e et unie par le m\u00eame objectif : accomplir jusqu\u2019au bout notre mission et notre r\u00eave\u00a0\u00bb, a-t-il insist\u00e9.<\/p>\n<p>\u00ab\u00a0Nous arriv\u00e2mes sains et saufs \u00e0 notre destination en d\u00e9pit de la houle, des pluies tropicales, des temp\u00eates, de la faim, de certaines complications de sant\u00e9, de la tension, du stress et de la peur de l\u2019\u00e9chec\u00a0\u00bb, a-t-il expliqu\u00e9, se souvenant que l\u2019\u00e9quipe a v\u00e9cu les pires moments lorsque le gouvernail de l\u2019embarcation se brisa.<\/p>\n<p>Cette exp\u00e9dition a transform\u00e9 la vie de Hajj Madani, chang\u00e9 sa vision du monde et le rendit du jour au lendemain c\u00e9l\u00e8bre et une grande fiert\u00e9 pour ses compatriotes.<\/p>\n<p>Cette m\u00e9moire vivante de cette grande aventure scientifique et humaine unique est sollicit\u00e9e partout \u00e0 animer des conf\u00e9rences, \u00e0 apporter des t\u00e9moignages, \u00e0 partager les souvenirs de cette exp\u00e9rience dans les m\u00e9dias nationaux et internationaux et \u00e0 participer \u00e0 des comm\u00e9morations en Norv\u00e8ge et dans son pays.<\/p>\n<p>Apr\u00e8s cette exp\u00e9dition, ses membres \u00e9taient rest\u00e9s li\u00e9s entre eux par une profonde amiti\u00e9 qui transcende leurs diff\u00e9rentes cultures.<\/p>\n<p>\u00ab\u00a0Nous sommes rest\u00e9s en contact permanent et nous nous rencontrions notamment lors de conf\u00e9rences et des comm\u00e9morations o\u00f9 nous sommes sollicit\u00e9s \u00e0 apporter notre t\u00e9moignage sur cet exploit historique\u00a0\u00bb, a-t-il fait remarquer.<\/p>\n<p>Ce natif de Marrakech qui vit \u00e0 Safi depuis 20 ans, se sent fier d\u2019avoir v\u00e9cu un exploit humain de grande envergure.<\/p>\n<p>\u00ab\u00a0Quoi de plus grand, de plus valeureux que de participer \u00e0 la travers\u00e9e de l\u2019Atlantique \u00e0 bord d\u2019une embarcation en papyrus\u00a0\u00bb, a-t-il dit.<\/p>\n<p>Sa grande satisfaction reste indubitablement d\u2019avoir dignement repr\u00e9sent\u00e9 sa patrie, hiss\u00e9 le drapeau de son pays et contribu\u00e9 au rayonnement international du Maroc.<\/p>\n<p>Interrog\u00e9 sur les moments forts qui l\u2019ont marqu\u00e9 durant sa vie, Hajj Madani se rappelle, avec \u00e9motion et fiert\u00e9, d\u2019avoir eu le privil\u00e8ge d\u2019\u00eatre re\u00e7u par Feu Sa Majest\u00e9 Hassan II et d\u00e9cor\u00e9 par le pr\u00e9sident \u00e9gyptien Jamal Abdennasser en compagnie des autres membres de cette exp\u00e9dition.<\/p>\n<p>Avec fiert\u00e9 et patriotisme, Hajj Madani \u00e9voquera la lettre Royale adress\u00e9e par Feu Sa Majest\u00e9 Hassan II \u00e0 Thor Heyerdahl, dont il garde soigneusement une copie.<\/p>\n<p>Dans cette lettre, le regrett\u00e9 Souverain avait exprim\u00e9 Sa joie \u00ab\u00a0d\u2019avoir pu assister \u00e0 vos pr\u00e9paratifs, d\u2019avoir encourag\u00e9 votre initiative, de vous avoir permis de r\u00e9aliser votre ambition \u00e0 partir de nos c\u00f4tes et d\u2019avoir manifest\u00e9 Notre confiance \u00e0 votre projet et Notre joie \u00e0 votre succ\u00e8s, en associant un de nos concitoyens \u00e0 votre entreprise\u00a0\u00bb.<\/p>\n<p>En tant que t\u00e9moin vivant de cette exp\u00e9dition, Hajj Madani compte publier ses souvenirs dans un livre afin d\u2019offrir aux g\u00e9n\u00e9rations futures l\u2019opportunit\u00e9 de prendre connaissance de cette belle histoire si passionnante.<\/p>\n<\/div>\n<p>Auteur: Meriem IGASS<br \/>\n<a href=\"http:\/\/www.mapmarrakech.ma\/fr\/madani-ait-ouhanni-dernier-temoin-de-lexpedition-ra-ii\/\">Cliquez ici pour lire l&rsquo;article depuis sa source.<\/a><\/p>\n","protected":false},"excerpt":{"rendered":"<p>-Par Fouad BENJLIKA-Safi \u2013 Hajj Madani Ait Ouhanni ne pensait pas que sa vie allait prendre une autre tournure lorsqu\u2019il accepta de prendre part \u00e0 l\u2019exp\u00e9dition scientifique de Thor Heyerdahl, l\u2019explorateur et scientifique norv\u00e9gien, qui est parti depuis Safi le 17 mai 1970 pour d\u00e9montrer que des civilisations anciennes des deux c\u00f4t\u00e9s de l\u2019Atlantique aient [&hellip;]<\/p>\n","protected":false},"author":1788,"featured_media":0,"comment_status":"closed","ping_status":"closed","sticky":false,"template":"","format":"standard","meta":{"fifu_image_url":"","fifu_image_alt":"","footnotes":""},"categories":[54,76],"tags":[],"class_list":["post-85756","post","type-post","status-publish","format-standard","hentry","category-maroc","category-regions"],"_links":{"self":[{"href":"https:\/\/linitiative.ca\/International\/wp-json\/wp\/v2\/posts\/85756","targetHints":{"allow":["GET"]}}],"collection":[{"href":"https:\/\/linitiative.ca\/International\/wp-json\/wp\/v2\/posts"}],"about":[{"href":"https:\/\/linitiative.ca\/International\/wp-json\/wp\/v2\/types\/post"}],"author":[{"embeddable":true,"href":"https:\/\/linitiative.ca\/International\/wp-json\/wp\/v2\/users\/1788"}],"replies":[{"embeddable":true,"href":"https:\/\/linitiative.ca\/International\/wp-json\/wp\/v2\/comments?post=85756"}],"version-history":[{"count":0,"href":"https:\/\/linitiative.ca\/International\/wp-json\/wp\/v2\/posts\/85756\/revisions"}],"wp:attachment":[{"href":"https:\/\/linitiative.ca\/International\/wp-json\/wp\/v2\/media?parent=85756"}],"wp:term":[{"taxonomy":"category","embeddable":true,"href":"https:\/\/linitiative.ca\/International\/wp-json\/wp\/v2\/categories?post=85756"},{"taxonomy":"post_tag","embeddable":true,"href":"https:\/\/linitiative.ca\/International\/wp-json\/wp\/v2\/tags?post=85756"}],"curies":[{"name":"wp","href":"https:\/\/api.w.org\/{rel}","templated":true}]}}