{"id":85757,"date":"2020-05-17T10:11:48","date_gmt":"2020-05-17T14:11:48","guid":{"rendered":"https:\/\/linitiative.ca\/International\/pluies-orageuses-sur-des-wilayas-de-lest-a-partir-de-dimanche\/"},"modified":"2020-05-17T10:11:48","modified_gmt":"2020-05-17T14:11:48","slug":"pluies-orageuses-sur-des-wilayas-de-lest-a-partir-de-dimanche","status":"publish","type":"post","link":"https:\/\/linitiative.ca\/International\/pluies-orageuses-sur-des-wilayas-de-lest-a-partir-de-dimanche\/","title":{"rendered":"Pluies orageuses sur des wilayas de l&rsquo;Est \u00e0 partir de dimanche"},"content":{"rendered":"<p><span class=\"sp-nh-title\">Oran: des pluies torrentielles atteignant 18 \u00e0 35 millim\u00e8tres dans la wilaya<\/span> &#8211; <span class=\"sp-nh-date\">dimanche 17 mai 2020 18:44<\/span><\/p>\n<p><span class=\"sp-nh-title\">BAD: un s\u00e9minaire virtuel sur la politiques agricoles face au coronavirus<\/span> &#8211; <span class=\"sp-nh-date\">dimanche 17 mai 2020 18:43<\/span><\/p>\n<p><span class=\"sp-nh-title\">Adrar-Covid19: les agents du commerce r\u00e9clament des conditions de pr\u00e9vention<\/span> &#8211; <span class=\"sp-nh-date\">dimanche 17 mai 2020 18:41<\/span><\/p>\n<p><span class=\"sp-nh-title\">Industries m\u00e9canique et \u00e9lectronique: un nouveau r\u00e9gime pr\u00e9f\u00e9rentiel \u00e9cartant les lots CKD<\/span> &#8211; <span class=\"sp-nh-date\">dimanche 17 mai 2020 18:28<\/span><\/p>\n<p><span class=\"sp-nh-title\">Covid19: 206 op\u00e9rations de sensibilisation effectu\u00e9es \u00e0 travers 25 wilayas en 24 h<\/span> &#8211; <span class=\"sp-nh-date\">dimanche 17 mai 2020 18:25<\/span><\/p>\n<p><span class=\"sp-nh-title\">Krikou insiste sur le soutien de l\u2019Etat \u00e0 la femme rurale dans les zones d\u2019ombre<\/span> &#8211; <span class=\"sp-nh-date\">dimanche 17 mai 2020 18:12<\/span><\/p>\n<p><span class=\"sp-nh-title\">Cin\u00e9math\u00e8que alg\u00e9rienne : hommage virtuel \u00e0 Azzedine Meddour<\/span> &#8211; <span class=\"sp-nh-date\">dimanche 17 mai 2020 18:06<\/span><\/p>\n<p><span class=\"sp-nh-title\">143 individus arr\u00eat\u00e9s et une quantit\u00e9 de kif trait\u00e9 et de psychotropes saisie<\/span> &#8211; <span class=\"sp-nh-date\">dimanche 17 mai 2020 17:51<\/span><\/p>\n<p><span class=\"sp-nh-title\">Amendement de la Constitution: l\u2019ARAV d\u00e9finit les cadres du d\u00e9bat de la mouture sur les cha\u00eenes audiovisuelles<\/span> &#8211; <span class=\"sp-nh-date\">dimanche 17 mai 2020 17:48<\/span><\/p>\n<p><span class=\"sp-nh-title\">Deuxi\u00e8me consultation internationale sur le statut de l&rsquo;artiste en temps de crises<\/span> &#8211; <span class=\"sp-nh-date\">dimanche 17 mai 2020 17:33<\/span><\/p>\n<p><span class=\"sp-nh-title\">Alger-A\u00efd El Fitr: plus de 2000 v\u00eatements au profit d&rsquo;enfants n\u00e9cessiteux et orphelins<\/span> &#8211; <span class=\"sp-nh-date\">dimanche 17 mai 2020 17:27<\/span><\/p>\n<p><span class=\"sp-nh-title\">PLFC: 5 ans suppl\u00e9mentaires de l\u2019avantage fiscal pour les titulaires de revenus exer\u00e7ant leurs activit\u00e9s dans le Sud<\/span> &#8211; <span class=\"sp-nh-date\">dimanche 17 mai 2020 17:20<\/span><\/p>\n<p><span class=\"sp-nh-title\">Elaboration d\u2019un fichier national des aviculteurs pour organiser la fili\u00e8re<\/span> &#8211; <span class=\"sp-nh-date\">dimanche 17 mai 2020 17:19<\/span><\/p>\n<p><span class=\"sp-nh-title\">Relizane: r\u00e9ouverture du tron\u00e7on de l\u2019autoroute Est-ouest inond\u00e9 par les eaux pluviales<\/span> &#8211; <span class=\"sp-nh-date\">dimanche 17 mai 2020 16:38<\/span><\/p>\n<p><span class=\"sp-nh-title\">Adrar: acheminement de 3500 colis alimentaires aux familles n\u00e9cessiteuses<\/span> &#8211; <span class=\"sp-nh-date\">dimanche 17 mai 2020 16:28<\/span><\/p>\n<p><span class=\"sp-nh-title\">Covid19-D\u00e9c\u00e8s d&rsquo;un m\u00e9decin \u00e0 Bordj Bou Arreridj: le directeur de l&rsquo;h\u00f4pital de Ras El Oued suspendu<\/span> &#8211; <span class=\"sp-nh-date\">dimanche 17 mai 2020 16:27<\/span><\/p>\n<p><span class=\"sp-nh-title\">Ligue 1-JS Kabylie: Je suis contre l&rsquo;arr\u00eat d\u00e9finitif de la comp\u00e9tition<\/span> &#8211; <span class=\"sp-nh-date\">dimanche 17 mai 2020 16:18<\/span><\/p>\n<p><span class=\"sp-nh-title\">Covid19: 198 nouveaux cas, 98 gu\u00e9risons et 6 d\u00e9c\u00e8s en Alg\u00e9rie durant les derni\u00e8res 24h<\/span> &#8211; <span class=\"sp-nh-date\">dimanche 17 mai 2020 16:02<\/span><\/p>\n<p><span class=\"sp-nh-title\">Covid19-Oran: 221 personnes gu\u00e9ries quittent les h\u00f4pitaux<\/span> &#8211; <span class=\"sp-nh-date\">dimanche 17 mai 2020 15:59<\/span><\/p>\n<p><span class=\"sp-nh-title\">Etape post-d\u00e9confinement: un protocole sanitaire pour la relance de l\u2019activit\u00e9 touristique<\/span> &#8211; <span class=\"sp-nh-date\">dimanche 17 mai 2020 15:57<\/span><\/p>\n<p>Auteur:<br \/>\n<a href=\"http:\/\/www.aps.dz\/regions\/105139-pluies-orageuses-sur-des-wilayas-de-l-est-a-partir-de-dimanche\">Cliquez ici pour lire l&rsquo;article depuis sa source.<\/a><\/p>\n","protected":false},"excerpt":{"rendered":"<p>Oran: des pluies torrentielles atteignant 18 \u00e0 35 millim\u00e8tres dans la wilaya &#8211; dimanche 17 mai 2020 18:44 BAD: un s\u00e9minaire virtuel sur la politiques agricoles face au coronavirus &#8211; dimanche 17 mai 2020 18:43 Adrar-Covid19: les agents du commerce r\u00e9clament des conditions de pr\u00e9vention &#8211; dimanche 17 mai 2020 18:41 Industries m\u00e9canique et \u00e9lectronique: [&hellip;]<\/p>\n","protected":false},"author":1790,"featured_media":0,"comment_status":"closed","ping_status":"closed","sticky":false,"template":"","format":"standard","meta":{"fifu_image_url":"","fifu_image_alt":"","footnotes":""},"categories":[53,76],"tags":[],"class_list":["post-85757","post","type-post","status-publish","format-standard","hentry","category-algerie","category-regions"],"_links":{"self":[{"href":"https:\/\/linitiative.ca\/International\/wp-json\/wp\/v2\/posts\/85757","targetHints":{"allow":["GET"]}}],"collection":[{"href":"https:\/\/linitiative.ca\/International\/wp-json\/wp\/v2\/posts"}],"about":[{"href":"https:\/\/linitiative.ca\/International\/wp-json\/wp\/v2\/types\/post"}],"author":[{"embeddable":true,"href":"https:\/\/linitiative.ca\/International\/wp-json\/wp\/v2\/users\/1790"}],"replies":[{"embeddable":true,"href":"https:\/\/linitiative.ca\/International\/wp-json\/wp\/v2\/comments?post=85757"}],"version-history":[{"count":0,"href":"https:\/\/linitiative.ca\/International\/wp-json\/wp\/v2\/posts\/85757\/revisions"}],"wp:attachment":[{"href":"https:\/\/linitiative.ca\/International\/wp-json\/wp\/v2\/media?parent=85757"}],"wp:term":[{"taxonomy":"category","embeddable":true,"href":"https:\/\/linitiative.ca\/International\/wp-json\/wp\/v2\/categories?post=85757"},{"taxonomy":"post_tag","embeddable":true,"href":"https:\/\/linitiative.ca\/International\/wp-json\/wp\/v2\/tags?post=85757"}],"curies":[{"name":"wp","href":"https:\/\/api.w.org\/{rel}","templated":true}]}}