{"id":85761,"date":"2020-05-17T13:44:00","date_gmt":"2020-05-17T17:44:00","guid":{"rendered":"https:\/\/linitiative.ca\/International\/oran-des-pluies-torrentielles-atteignant-18-a-35-millimetres-dans-la-wilaya\/"},"modified":"2020-05-17T13:44:00","modified_gmt":"2020-05-17T17:44:00","slug":"oran-des-pluies-torrentielles-atteignant-18-a-35-millimetres-dans-la-wilaya","status":"publish","type":"post","link":"https:\/\/linitiative.ca\/International\/oran-des-pluies-torrentielles-atteignant-18-a-35-millimetres-dans-la-wilaya\/","title":{"rendered":"Oran: des pluies torrentielles atteignant 18 \u00e0 35 millim\u00e8tres dans la wilaya"},"content":{"rendered":"<div readability=\"36\">\n<p><strong>ORAN &#8211; Des pluies torrentielles qui se sont abattues durant la nuit de samedi \u00e0 dimanche sur la wilaya d\u2019Oran ont atteint par endroits 18 \u00e0 35 millim\u00e8tres provoquant des inondations et des d\u00e9g\u00e2ts mat\u00e9riels et causant la mort d&rsquo;un nourrisson, a-t-on appris aupr\u00e8s des services la protection civile.<\/strong><\/p>\n<\/div>\n<div readability=\"98.232876712329\">\n<p>Contact\u00e9e par t\u00e9l\u00e9phone par l\u2019APS, les services locaux de la m\u00e9t\u00e9orologie ont indiqu\u00e9 que les quantit\u00e9s de pluies pr\u00e9vues durant cette journ\u00e9e sont estim\u00e9es \u00e0 20 millim\u00e8tres et qu&rsquo;une am\u00e9lioration des conditions climatiques est pr\u00e9vue \u00e0 partir de 18 heures.<\/p>\n<p>Les fortes pluies qui se sont abattues de mani\u00e8re continue dans la nuit de samedi \u00e0 dimanche \u00e0 Oran ont enregistr\u00e9 de nombreux accidents, \u00e0 l\u2019instar de l\u2019effondrement partiel de certaines habitations pr\u00e9caires et l&rsquo;inondation par la crue de plusieurs axes routiers principaux, places publiques et cit\u00e9s d\u2019habitations. Les unit\u00e9s de la protection civile sont intervenus pour pomper les eaux infiltr\u00e9s dans les habitations, \u00e9vacuer la boue charri\u00e9e par les eaux et secourir des personnes coinc\u00e9es dans plusieurs communes, \u00e0 Mers El Kebir, Bousfer, Tafraoui, A\u00efn El Turck et Bir El Djir.<\/p>\n<p>Les pluies ont provoqu\u00e9 \u00e9galement l\u2019effondrement d\u2019un mur \u00e0 ha\u00ef Lalla Khadidja dans la commune de Mers El K\u00e9bir ayant caus\u00e9 la mort d\u2019un b\u00e9b\u00e9 (une fille \u00e2g\u00e9e d\u2019une (1) ann\u00e9e et demi) et bless\u00e9 sa m\u00e8re. Le corps sans vie du nourrisson a \u00e9t\u00e9 transf\u00e9r\u00e9 \u00e0 la morgue de l\u2019h\u00f4pital d\u2019A\u00efn El Turck et la maman a \u00e9t\u00e9 \u00e9vacu\u00e9e \u00e0 l\u2019h\u00f4pital pour les soins n\u00e9cessaires.<\/p>\n<p>La cellule de communication des services de la protection civile a indiqu\u00e9 que les op\u00e9rations d\u2019intervention et d\u2019\u00e9vacuation des eaux de pluies se poursuivent jusqu\u2019alors.<\/p>\n<hr\/>\n<h3>Lire aussi:\u00a0<a href=\"http:\/\/www.aps.dz\/regions\/105132-averses-de-pluies-a-oran-une-fille-decede-et-sa-mere-blessee-suite-a-l-effondrement-d-un-mur\" target=\"_blank\" rel=\"noopener noreferrer\">Pluies \u00e0 Oran: une fille d\u00e9c\u00e8de et sa m\u00e8re bless\u00e9e suite \u00e0 l\u2019effondrement d\u2019un mur<\/a><\/h3>\n<hr\/>\n<p>Le wali d\u2019Oran, Abdelkader Djellaoui, s\u2019est rendu en compagnie des membres de la commission de s\u00e9curit\u00e9 de la wilaya dans de nombreux quartiers et points bas des axes routiers de la wilaya submerg\u00e9s par les eaux des pluies, \u00e0 l\u2019instar de la RN 2, notamment \u00e0 l\u2019entr\u00e9e de Mers El Kebir.<\/p>\n<p>Aussi, a-t-il \u00e9t\u00e9 proc\u00e9d\u00e9 \u00e0 la constitution d\u2019une cellule de crise, dont le pilotage sera assur\u00e9 par le secr\u00e9taire g\u00e9n\u00e9ral de la wilaya, regroupant les repr\u00e9sentants des services de la s\u00fbret\u00e9 de wilaya, de la protection civile, de la direction des travaux publics, de la direction des ressources en eaux et de la Soci\u00e9t\u00e9 des eaux et de l\u2019assainissement d\u2019Oran (SEOR).<\/p>\n<p>Il s\u2019agit de recenser les diff\u00e9rentes zones et axes routiers endommag\u00e9s par les fortes pluies et ce, pour mener, en commun, des op\u00e9rations d\u2019intervention et \u00e9galement pour mettre les moyens permettant l\u2019ouverture des routes et l\u2019\u00e9vacuation des points noirs dus \u00e0 la stagnation des eaux.<\/p>\n<p>Les communes de Mers El Kebir et d\u2019A\u00efn El Turck, situ\u00e9es \u00e0 l\u2019ouest d\u2019Oran, ont connu, dimanche, des protestations de groupes de citoyens qui ont bloqu\u00e9 des axes routiers pour faire entendre leurs pr\u00e9occupations et les conditions difficiles dont lesquelles ils vivent, r\u00e9clamant des logements d\u00e9cents dans les meilleurs d\u00e9lais possibles.<\/p>\n<p>Concernant une tornade au large du littoral de la commune d&rsquo;A\u00efn El Turck, vue par de nombreux citoyens et film\u00e9e dans des vid\u00e9os ayant fait le tour des r\u00e9seaux sociaux, les services de la m\u00e9t\u00e9orologie ont expliqu\u00e9 que \u00ab\u00a0ce n\u2019est pas la premi\u00e8re fois que ce ph\u00e9nom\u00e8ne se produit\u00a0\u00bb, pr\u00e9cisant que ce ph\u00e9nom\u00e8ne a \u00e9t\u00e9 observ\u00e9 dans le littoral de certains pays arabes, et qu&rsquo;il s&rsquo;agit-l\u00e0 d\u2019une petite temp\u00eate qui ne pr\u00e9sente aucun danger.<\/p>\n<\/div>\n<p>Auteur:<br \/>\n<a href=\"http:\/\/www.aps.dz\/regions\/105162-oran-des-pluies-torrentielles-atteignant-18-a-35-millimetres-dans-la-wilaya\">Cliquez ici pour lire l&rsquo;article depuis sa source.<\/a><\/p>\n","protected":false},"excerpt":{"rendered":"<p>ORAN &#8211; Des pluies torrentielles qui se sont abattues durant la nuit de samedi \u00e0 dimanche sur la wilaya d\u2019Oran ont atteint par endroits 18 \u00e0 35 millim\u00e8tres provoquant des inondations et des d\u00e9g\u00e2ts mat\u00e9riels et causant la mort d&rsquo;un nourrisson, a-t-on appris aupr\u00e8s des services la protection civile. Contact\u00e9e par t\u00e9l\u00e9phone par l\u2019APS, les [&hellip;]<\/p>\n","protected":false},"author":1790,"featured_media":0,"comment_status":"closed","ping_status":"closed","sticky":false,"template":"","format":"standard","meta":{"fifu_image_url":"","fifu_image_alt":"","footnotes":""},"categories":[53,76],"tags":[],"class_list":["post-85761","post","type-post","status-publish","format-standard","hentry","category-algerie","category-regions"],"_links":{"self":[{"href":"https:\/\/linitiative.ca\/International\/wp-json\/wp\/v2\/posts\/85761","targetHints":{"allow":["GET"]}}],"collection":[{"href":"https:\/\/linitiative.ca\/International\/wp-json\/wp\/v2\/posts"}],"about":[{"href":"https:\/\/linitiative.ca\/International\/wp-json\/wp\/v2\/types\/post"}],"author":[{"embeddable":true,"href":"https:\/\/linitiative.ca\/International\/wp-json\/wp\/v2\/users\/1790"}],"replies":[{"embeddable":true,"href":"https:\/\/linitiative.ca\/International\/wp-json\/wp\/v2\/comments?post=85761"}],"version-history":[{"count":0,"href":"https:\/\/linitiative.ca\/International\/wp-json\/wp\/v2\/posts\/85761\/revisions"}],"wp:attachment":[{"href":"https:\/\/linitiative.ca\/International\/wp-json\/wp\/v2\/media?parent=85761"}],"wp:term":[{"taxonomy":"category","embeddable":true,"href":"https:\/\/linitiative.ca\/International\/wp-json\/wp\/v2\/categories?post=85761"},{"taxonomy":"post_tag","embeddable":true,"href":"https:\/\/linitiative.ca\/International\/wp-json\/wp\/v2\/tags?post=85761"}],"curies":[{"name":"wp","href":"https:\/\/api.w.org\/{rel}","templated":true}]}}