{"id":85763,"date":"2020-05-17T12:33:40","date_gmt":"2020-05-17T16:33:40","guid":{"rendered":"https:\/\/linitiative.ca\/International\/des-telespectateurs-friands-de-productions-nationales\/"},"modified":"2020-05-17T12:33:40","modified_gmt":"2020-05-17T16:33:40","slug":"des-telespectateurs-friands-de-productions-nationales","status":"publish","type":"post","link":"https:\/\/linitiative.ca\/International\/des-telespectateurs-friands-de-productions-nationales\/","title":{"rendered":"Des t\u00e9l\u00e9spectateurs friands de productions nationales"},"content":{"rendered":"<div class=\"body\">\n<div class=\"field field-name-body field-type-text-with-summary field-label-hidden\">\n<div class=\"field-items\" readability=\"9.5\">\n<div class=\"field-item even\" property=\"content:encoded\" readability=\"14\">\n<p class=\"rtejustify\">Les feuilletons et s\u00e9ries maro\u00adcaines dament le pion aux produc\u00adtions \u00e9trang\u00e8res notamment turques. Chez 2M par exemple, Fadila wa Banatouha (Fadila et ses filles) totalise presque 10,9 millions de \u00abfid\u00e8les\u00bb contre 8,8 millions pour les Turques de Forsat Taniya (Deu\u00adxi\u00e8me chance). Ils ont \u00e9t\u00e9 diffus\u00e9s durant la m\u00eame semaine du 6 au 12 mai et presque dans la m\u00eame plage horaire, celle pr\u00e9c\u00e9dant la rupture du je\u00fbne. Ce revirement marque depuis quelques ann\u00e9es d\u00e9j\u00e0 cette bataille audiovisuelle. Et o\u00f9 l&rsquo;on rel\u00e8ve \u00e9galement la disparition des l\u00e9gendaires feuilletons \u00e9gyptiens des ann\u00e9es 1980 et 1990.<br \/><em>\u00a0F.F.<\/em><\/p>\n<\/div>\n<\/div>\n<\/div>\n<\/div>\n<div class=\"eco-conseil\">\n<div class=\"view view-eco-conseil-16 view-id-eco_conseil_16 view-display-id-cookies view-dom-id-222de2748c580a450e63f2af22c85937\">\n<div class=\"view-content\">\n<div id=\"views-bootstrap-grid-1\" class=\"views-bootstrap-grid-plugin-style\">\n<div class=\"row\">\n<div class=\" col-xs-12 col-lg-4\">\n<div class=\"row\">\n<div class=\"col col-xs-12 col-lg-12\">\n<div class=\"field-content\"><a href=\"\/article\/1062056-un-cas-covid-19-parmi-les-rapatries-de-melilla\"><img loading=\"lazy\" decoding=\"async\" class=\"img-responsive\" typeof=\"foaf:Image\" src=\"https:\/\/www.leconomiste.com\/sites\/default\/files\/eco7\/public\/styles\/800x400\/public\/default_images\/default_une.jpg?itok=4jZlgnIZ\" width=\"660\" height=\"330\" alt=\"\"\/><\/a><\/div>\n<\/div>\n<div class=\" title_suite_2 col col-xs-12 col-lg-12\"> <a href=\"\/article\/1062056-un-cas-covid-19-parmi-les-rapatries-de-melilla\"\/><span class=\"field-content\">Article 1062056<\/span><\/div>\n<\/div>\n<\/div>\n<div class=\" col-xs-12 col-lg-4\">\n<div class=\"row\">\n<div class=\"col col-xs-12 col-lg-12\">\n<div class=\"field-content\"><a href=\"\/article\/1062055-debats-vers-le-haut-serie-de-webinaires-par-2wls\"><img loading=\"lazy\" decoding=\"async\" class=\"img-responsive\" typeof=\"foaf:Image\" src=\"https:\/\/www.leconomiste.com\/sites\/default\/files\/eco7\/public\/styles\/800x400\/public\/default_images\/default_une.jpg?itok=4jZlgnIZ\" width=\"660\" height=\"330\" alt=\"\"\/><\/a><\/div>\n<\/div>\n<div class=\" title_suite_2 col col-xs-12 col-lg-12\"> <a href=\"\/article\/1062055-debats-vers-le-haut-serie-de-webinaires-par-2wls\"\/><span class=\"field-content\">\u00abD\u00e9bats vers le haut\u00bb: S\u00e9rie de webinaires par 2WLS<\/span><\/div>\n<\/div>\n<\/div>\n<div class=\" col-xs-12 col-lg-4\">\n<div class=\"row\">\n<div class=\"col col-xs-12 col-lg-12\">\n<div class=\"field-content\"><a href=\"\/article\/1062054-evenementiel-l-appel-l-aide-des-professionnels\"><img loading=\"lazy\" decoding=\"async\" class=\"img-responsive\" typeof=\"foaf:Image\" src=\"https:\/\/www.leconomiste.com\/sites\/default\/files\/eco7\/public\/styles\/800x400\/public\/default_images\/default_une.jpg?itok=4jZlgnIZ\" width=\"660\" height=\"330\" alt=\"\"\/><\/a><\/div>\n<\/div>\n<div class=\" title_suite_2 col col-xs-12 col-lg-12\"> <a href=\"\/article\/1062054-evenementiel-l-appel-l-aide-des-professionnels\"\/><span class=\"field-content\">Ev\u00e9nementiel: L\u2019appel \u00e0 l\u2019aide des professionnels<\/span><\/div>\n<\/div>\n<\/div>\n<\/div>\n<\/div>\n<\/div>\n<\/div>\n<\/div>\n<p>Auteur: hlafriqi<br \/>\n<a href=\"https:\/\/www.leconomiste.com\/article\/1062053-des-telespectateurs-friands-de-productions-nationales\">Cliquez ici pour lire l&rsquo;article depuis sa source.<\/a><\/p>\n","protected":false},"excerpt":{"rendered":"<p>Les feuilletons et s\u00e9ries maro\u00adcaines dament le pion aux produc\u00adtions \u00e9trang\u00e8res notamment turques. Chez 2M par exemple, Fadila wa Banatouha (Fadila et ses filles) totalise presque 10,9 millions de \u00abfid\u00e8les\u00bb contre 8,8 millions pour les Turques de Forsat Taniya (Deu\u00adxi\u00e8me chance). Ils ont \u00e9t\u00e9 diffus\u00e9s durant la m\u00eame semaine du 6 au 12 mai et [&hellip;]<\/p>\n","protected":false},"author":1763,"featured_media":0,"comment_status":"closed","ping_status":"closed","sticky":false,"template":"","format":"standard","meta":{"fifu_image_url":"","fifu_image_alt":"","footnotes":""},"categories":[78,54],"tags":[],"class_list":["post-85763","post","type-post","status-publish","format-standard","hentry","category-economie","category-maroc"],"_links":{"self":[{"href":"https:\/\/linitiative.ca\/International\/wp-json\/wp\/v2\/posts\/85763","targetHints":{"allow":["GET"]}}],"collection":[{"href":"https:\/\/linitiative.ca\/International\/wp-json\/wp\/v2\/posts"}],"about":[{"href":"https:\/\/linitiative.ca\/International\/wp-json\/wp\/v2\/types\/post"}],"author":[{"embeddable":true,"href":"https:\/\/linitiative.ca\/International\/wp-json\/wp\/v2\/users\/1763"}],"replies":[{"embeddable":true,"href":"https:\/\/linitiative.ca\/International\/wp-json\/wp\/v2\/comments?post=85763"}],"version-history":[{"count":0,"href":"https:\/\/linitiative.ca\/International\/wp-json\/wp\/v2\/posts\/85763\/revisions"}],"wp:attachment":[{"href":"https:\/\/linitiative.ca\/International\/wp-json\/wp\/v2\/media?parent=85763"}],"wp:term":[{"taxonomy":"category","embeddable":true,"href":"https:\/\/linitiative.ca\/International\/wp-json\/wp\/v2\/categories?post=85763"},{"taxonomy":"post_tag","embeddable":true,"href":"https:\/\/linitiative.ca\/International\/wp-json\/wp\/v2\/tags?post=85763"}],"curies":[{"name":"wp","href":"https:\/\/api.w.org\/{rel}","templated":true}]}}