{"id":85764,"date":"2020-05-17T12:36:05","date_gmt":"2020-05-17T16:36:05","guid":{"rendered":"https:\/\/linitiative.ca\/International\/evenementiel-lappel-a-laide-des-professionnels\/"},"modified":"2020-05-17T12:36:05","modified_gmt":"2020-05-17T16:36:05","slug":"evenementiel-lappel-a-laide-des-professionnels","status":"publish","type":"post","link":"https:\/\/linitiative.ca\/International\/evenementiel-lappel-a-laide-des-professionnels\/","title":{"rendered":"Ev\u00e9nementiel: L\u2019appel \u00e0 l\u2019aide des professionnels"},"content":{"rendered":"<div class=\"body\">\n<div class=\"field field-name-body field-type-text-with-summary field-label-hidden\">\n<div class=\"field-items\" readability=\"8.5\">\n<div class=\"field-item even\" property=\"content:encoded\" readability=\"12\">\n<p class=\"rtejustify\">Les professionnels de l\u2019\u00e9v\u00e9\u00adnementiel tirent la langue. Repr\u00e9\u00adsentant pr\u00e8s de 5.000 entreprises, 190.000 emplois directs et indi\u00adrects et un chiffre d\u2019affaires direct et induit de 63 milliards de DH, l\u2019\u00e9cosyst\u00e8me de l\u2019industrie de l\u2019\u00e9v\u00e9nementiel veut avoir sa place dans le plan de relance national. Le Groupement Professionnel des Prestataires de l\u2019Ev\u00e9nementiel au Maroc (GPPEM) a \u00e9labor\u00e9 des pro\u00adpositions pour \u00e9viter une baisse de plus de 70% du chiffre d\u2019affaires de l\u2019\u00e9cosyst\u00e8me de l\u2019industrie de l\u2019\u00e9v\u00e9\u00adnementiel qui entra\u00eenerait une perte de pr\u00e8s de 150.000 emplois. GP\u00adPEM en appelle en premier lieu au maintien de la commande publique.<br \/><em>M.A.B.<\/em><\/p>\n<\/div>\n<\/div>\n<\/div>\n<\/div>\n<div class=\"eco-conseil\">\n<div class=\"view view-eco-conseil-16 view-id-eco_conseil_16 view-display-id-cookies view-dom-id-cade24b677045574443edf42383e56ec\">\n<div class=\"view-content\">\n<div id=\"views-bootstrap-grid-1\" class=\"views-bootstrap-grid-plugin-style\">\n<div class=\"row\">\n<div class=\" col-xs-12 col-lg-4\">\n<div class=\"row\">\n<div class=\"col col-xs-12 col-lg-12\">\n<div class=\"field-content\"><a href=\"\/article\/1062056-un-cas-covid-19-parmi-les-rapatries-de-melilla\"><img loading=\"lazy\" decoding=\"async\" class=\"img-responsive\" typeof=\"foaf:Image\" src=\"https:\/\/www.leconomiste.com\/sites\/default\/files\/eco7\/public\/styles\/800x400\/public\/default_images\/default_une.jpg?itok=4jZlgnIZ\" width=\"660\" height=\"330\" alt=\"\"\/><\/a><\/div>\n<\/div>\n<div class=\" title_suite_2 col col-xs-12 col-lg-12\"> <a href=\"\/article\/1062056-un-cas-covid-19-parmi-les-rapatries-de-melilla\"\/><span class=\"field-content\">Article 1062056<\/span><\/div>\n<\/div>\n<\/div>\n<div class=\" col-xs-12 col-lg-4\">\n<div class=\"row\">\n<div class=\"col col-xs-12 col-lg-12\">\n<div class=\"field-content\"><a href=\"\/article\/1062055-debats-vers-le-haut-serie-de-webinaires-par-2wls\"><img loading=\"lazy\" decoding=\"async\" class=\"img-responsive\" typeof=\"foaf:Image\" src=\"https:\/\/www.leconomiste.com\/sites\/default\/files\/eco7\/public\/styles\/800x400\/public\/default_images\/default_une.jpg?itok=4jZlgnIZ\" width=\"660\" height=\"330\" alt=\"\"\/><\/a><\/div>\n<\/div>\n<div class=\" title_suite_2 col col-xs-12 col-lg-12\"> <a href=\"\/article\/1062055-debats-vers-le-haut-serie-de-webinaires-par-2wls\"\/><span class=\"field-content\">\u00abD\u00e9bats vers le haut\u00bb: S\u00e9rie de webinaires par 2WLS<\/span><\/div>\n<\/div>\n<\/div>\n<div class=\" col-xs-12 col-lg-4\">\n<div class=\"row\">\n<div class=\"col col-xs-12 col-lg-12\">\n<div class=\"field-content\"><a href=\"\/article\/1062053-des-telespectateurs-friands-de-productions-nationales\"><img loading=\"lazy\" decoding=\"async\" class=\"img-responsive\" typeof=\"foaf:Image\" src=\"https:\/\/www.leconomiste.com\/sites\/default\/files\/eco7\/public\/styles\/800x400\/public\/default_images\/default_une.jpg?itok=4jZlgnIZ\" width=\"660\" height=\"330\" alt=\"\"\/><\/a><\/div>\n<\/div>\n<div class=\" title_suite_2 col col-xs-12 col-lg-12\"> <a href=\"\/article\/1062053-des-telespectateurs-friands-de-productions-nationales\"\/><span class=\"field-content\">Des t\u00e9l\u00e9spectateurs friands de productions nationales<\/span><\/div>\n<\/div>\n<\/div>\n<\/div>\n<\/div>\n<\/div>\n<\/div>\n<\/div>\n<p>Auteur: hlafriqi<br \/>\n<a href=\"https:\/\/www.leconomiste.com\/article\/1062054-evenementiel-l-appel-l-aide-des-professionnels\">Cliquez ici pour lire l&rsquo;article depuis sa source.<\/a><\/p>\n","protected":false},"excerpt":{"rendered":"<p>Les professionnels de l\u2019\u00e9v\u00e9\u00adnementiel tirent la langue. Repr\u00e9\u00adsentant pr\u00e8s de 5.000 entreprises, 190.000 emplois directs et indi\u00adrects et un chiffre d\u2019affaires direct et induit de 63 milliards de DH, l\u2019\u00e9cosyst\u00e8me de l\u2019industrie de l\u2019\u00e9v\u00e9nementiel veut avoir sa place dans le plan de relance national. Le Groupement Professionnel des Prestataires de l\u2019Ev\u00e9nementiel au Maroc (GPPEM) a [&hellip;]<\/p>\n","protected":false},"author":1763,"featured_media":0,"comment_status":"closed","ping_status":"closed","sticky":false,"template":"","format":"standard","meta":{"fifu_image_url":"","fifu_image_alt":"","footnotes":""},"categories":[78,54],"tags":[],"class_list":["post-85764","post","type-post","status-publish","format-standard","hentry","category-economie","category-maroc"],"_links":{"self":[{"href":"https:\/\/linitiative.ca\/International\/wp-json\/wp\/v2\/posts\/85764","targetHints":{"allow":["GET"]}}],"collection":[{"href":"https:\/\/linitiative.ca\/International\/wp-json\/wp\/v2\/posts"}],"about":[{"href":"https:\/\/linitiative.ca\/International\/wp-json\/wp\/v2\/types\/post"}],"author":[{"embeddable":true,"href":"https:\/\/linitiative.ca\/International\/wp-json\/wp\/v2\/users\/1763"}],"replies":[{"embeddable":true,"href":"https:\/\/linitiative.ca\/International\/wp-json\/wp\/v2\/comments?post=85764"}],"version-history":[{"count":0,"href":"https:\/\/linitiative.ca\/International\/wp-json\/wp\/v2\/posts\/85764\/revisions"}],"wp:attachment":[{"href":"https:\/\/linitiative.ca\/International\/wp-json\/wp\/v2\/media?parent=85764"}],"wp:term":[{"taxonomy":"category","embeddable":true,"href":"https:\/\/linitiative.ca\/International\/wp-json\/wp\/v2\/categories?post=85764"},{"taxonomy":"post_tag","embeddable":true,"href":"https:\/\/linitiative.ca\/International\/wp-json\/wp\/v2\/tags?post=85764"}],"curies":[{"name":"wp","href":"https:\/\/api.w.org\/{rel}","templated":true}]}}