{"id":85765,"date":"2020-05-17T12:37:09","date_gmt":"2020-05-17T16:37:09","guid":{"rendered":"https:\/\/linitiative.ca\/International\/debats-vers-le-haut-serie-de-webinaires-par-2wls\/"},"modified":"2020-05-17T12:37:09","modified_gmt":"2020-05-17T16:37:09","slug":"debats-vers-le-haut-serie-de-webinaires-par-2wls","status":"publish","type":"post","link":"https:\/\/linitiative.ca\/International\/debats-vers-le-haut-serie-de-webinaires-par-2wls\/","title":{"rendered":"\u00abD\u00e9bats vers le haut\u00bb: S\u00e9rie de webinaires par 2WLS"},"content":{"rendered":"<div class=\"body\">\n<div class=\"field field-name-body field-type-text-with-summary field-label-hidden\">\n<div class=\"field-items\" readability=\"12.5\">\n<div class=\"field-item even\" property=\"content:encoded\" readability=\"20\">\n<p class=\"rtejustify\">2WLS organise, pour ce mois de mai 2020, une s\u00e9rie de webi\u00adnaires, sous l\u2019embl\u00e8me \u00abD\u00e9bats vers le haut\u00bb. A travers ces d\u00e9bats, le sp\u00e9cialiste africain des solu\u00adtions du capital client projette de \u00abd\u00e9crypter davantage la s\u00e9quence que vit le monde, et plus particu\u00adli\u00e8rement l\u2019Afrique, avec la crise du Covid-19, et partager, d\u00e8s main\u00adtenant, les pistes saines pour une action imm\u00e9diate qui va au-del\u00e0 de la reprise \u00e9conomique\u00bb. Le premier webinaire tenu le mardi 12 mai, a \u00e9t\u00e9 d\u00e9di\u00e9 au th\u00e8me \u00abLe nouveau syst\u00e8me de valeurs: les h\u00e9ros sont l\u00e0 o\u00f9 on ne le soup\u00e7onne pas\u00bb. Deux autres visioconf\u00e9rences sont au pro\u00adgramme le 19 mai et le 2 juin pro\u00adchain.<br \/><em>\u00a0M.A.B.<\/em><\/p>\n<\/div>\n<\/div>\n<\/div>\n<\/div>\n<div class=\"eco-conseil\">\n<div class=\"view view-eco-conseil-16 view-id-eco_conseil_16 view-display-id-cookies view-dom-id-fb9804045788eb2f20042ec81dc14582\">\n<div class=\"view-content\">\n<div id=\"views-bootstrap-grid-1\" class=\"views-bootstrap-grid-plugin-style\">\n<div class=\"row\">\n<div class=\" col-xs-12 col-lg-4\">\n<div class=\"row\">\n<div class=\"col col-xs-12 col-lg-12\">\n<div class=\"field-content\"><a href=\"\/article\/1062056-un-cas-covid-19-parmi-les-rapatries-de-melilla\"><img loading=\"lazy\" decoding=\"async\" class=\"img-responsive\" typeof=\"foaf:Image\" src=\"https:\/\/www.leconomiste.com\/sites\/default\/files\/eco7\/public\/styles\/800x400\/public\/default_images\/default_une.jpg?itok=4jZlgnIZ\" width=\"660\" height=\"330\" alt=\"\"\/><\/a><\/div>\n<\/div>\n<div class=\" title_suite_2 col col-xs-12 col-lg-12\"> <a href=\"\/article\/1062056-un-cas-covid-19-parmi-les-rapatries-de-melilla\"\/><span class=\"field-content\">Article 1062056<\/span><\/div>\n<\/div>\n<\/div>\n<div class=\" col-xs-12 col-lg-4\">\n<div class=\"row\">\n<div class=\"col col-xs-12 col-lg-12\">\n<div class=\"field-content\"><a href=\"\/article\/1062054-evenementiel-l-appel-l-aide-des-professionnels\"><img loading=\"lazy\" decoding=\"async\" class=\"img-responsive\" typeof=\"foaf:Image\" src=\"https:\/\/www.leconomiste.com\/sites\/default\/files\/eco7\/public\/styles\/800x400\/public\/default_images\/default_une.jpg?itok=4jZlgnIZ\" width=\"660\" height=\"330\" alt=\"\"\/><\/a><\/div>\n<\/div>\n<div class=\" title_suite_2 col col-xs-12 col-lg-12\"> <a href=\"\/article\/1062054-evenementiel-l-appel-l-aide-des-professionnels\"\/><span class=\"field-content\">Ev\u00e9nementiel: L\u2019appel \u00e0 l\u2019aide des professionnels<\/span><\/div>\n<\/div>\n<\/div>\n<div class=\" col-xs-12 col-lg-4\">\n<div class=\"row\">\n<div class=\"col col-xs-12 col-lg-12\">\n<div class=\"field-content\"><a href=\"\/article\/1062053-des-telespectateurs-friands-de-productions-nationales\"><img loading=\"lazy\" decoding=\"async\" class=\"img-responsive\" typeof=\"foaf:Image\" src=\"https:\/\/www.leconomiste.com\/sites\/default\/files\/eco7\/public\/styles\/800x400\/public\/default_images\/default_une.jpg?itok=4jZlgnIZ\" width=\"660\" height=\"330\" alt=\"\"\/><\/a><\/div>\n<\/div>\n<div class=\" title_suite_2 col col-xs-12 col-lg-12\"> <a href=\"\/article\/1062053-des-telespectateurs-friands-de-productions-nationales\"\/><span class=\"field-content\">Des t\u00e9l\u00e9spectateurs friands de productions nationales<\/span><\/div>\n<\/div>\n<\/div>\n<\/div>\n<\/div>\n<\/div>\n<\/div>\n<\/div>\n<p>Auteur: hlafriqi<br \/>\n<a href=\"https:\/\/www.leconomiste.com\/article\/1062055-debats-vers-le-haut-serie-de-webinaires-par-2wls\">Cliquez ici pour lire l&rsquo;article depuis sa source.<\/a><\/p>\n","protected":false},"excerpt":{"rendered":"<p>2WLS organise, pour ce mois de mai 2020, une s\u00e9rie de webi\u00adnaires, sous l\u2019embl\u00e8me \u00abD\u00e9bats vers le haut\u00bb. A travers ces d\u00e9bats, le sp\u00e9cialiste africain des solu\u00adtions du capital client projette de \u00abd\u00e9crypter davantage la s\u00e9quence que vit le monde, et plus particu\u00adli\u00e8rement l\u2019Afrique, avec la crise du Covid-19, et partager, d\u00e8s main\u00adtenant, les pistes [&hellip;]<\/p>\n","protected":false},"author":1763,"featured_media":0,"comment_status":"closed","ping_status":"closed","sticky":false,"template":"","format":"standard","meta":{"fifu_image_url":"","fifu_image_alt":"","footnotes":""},"categories":[78,54],"tags":[],"class_list":["post-85765","post","type-post","status-publish","format-standard","hentry","category-economie","category-maroc"],"_links":{"self":[{"href":"https:\/\/linitiative.ca\/International\/wp-json\/wp\/v2\/posts\/85765","targetHints":{"allow":["GET"]}}],"collection":[{"href":"https:\/\/linitiative.ca\/International\/wp-json\/wp\/v2\/posts"}],"about":[{"href":"https:\/\/linitiative.ca\/International\/wp-json\/wp\/v2\/types\/post"}],"author":[{"embeddable":true,"href":"https:\/\/linitiative.ca\/International\/wp-json\/wp\/v2\/users\/1763"}],"replies":[{"embeddable":true,"href":"https:\/\/linitiative.ca\/International\/wp-json\/wp\/v2\/comments?post=85765"}],"version-history":[{"count":0,"href":"https:\/\/linitiative.ca\/International\/wp-json\/wp\/v2\/posts\/85765\/revisions"}],"wp:attachment":[{"href":"https:\/\/linitiative.ca\/International\/wp-json\/wp\/v2\/media?parent=85765"}],"wp:term":[{"taxonomy":"category","embeddable":true,"href":"https:\/\/linitiative.ca\/International\/wp-json\/wp\/v2\/categories?post=85765"},{"taxonomy":"post_tag","embeddable":true,"href":"https:\/\/linitiative.ca\/International\/wp-json\/wp\/v2\/tags?post=85765"}],"curies":[{"name":"wp","href":"https:\/\/api.w.org\/{rel}","templated":true}]}}