{"id":85766,"date":"2020-05-17T12:38:01","date_gmt":"2020-05-17T16:38:01","guid":{"rendered":"https:\/\/linitiative.ca\/International\/article-1062056\/"},"modified":"2020-05-17T12:38:01","modified_gmt":"2020-05-17T16:38:01","slug":"article-1062056","status":"publish","type":"post","link":"https:\/\/linitiative.ca\/International\/article-1062056\/","title":{"rendered":"Article 1062056"},"content":{"rendered":"<div class=\"body\">\n<div class=\"field field-name-body field-type-text-with-summary field-label-hidden\">\n<div class=\"field-items\" readability=\"9.5\">\n<div class=\"field-item even\" property=\"content:encoded\" readability=\"14\">\n<p class=\"rtejustify\">Les analyses effectu\u00e9es sur les rapatri\u00e9s marocains de Melilla ont confirm\u00e9 un cas positif au Covid-19. Il est actuellement admis \u00e0 l\u2019h\u00f4pital de Sa\u00efdia. Une structure hospitali\u00e8re qui prend en charge les cas d\u00e9tec\u00adt\u00e9s parmi les rapatri\u00e9s marocains du pr\u00e9side occup\u00e9 selon les mesures de sant\u00e9 en vigueur. Rappelons que les 200 marocains qui sont rest\u00e9s bloqu\u00e9s \u00e0 Melilla, depuis que l&rsquo;\u00e9tat d&rsquo;urgence sanitaire a \u00e9t\u00e9 d\u00e9cr\u00e9t\u00e9, sont actuellement regroup\u00e9s, dans une structure h\u00f4teli\u00e8re de la station baln\u00e9aire de Sa\u00efdia. Ils y passeront une p\u00e9riode de quarantaine (deux semaines) pour assurer leur s\u00e9cu\u00adrit\u00e9 et subir les tests obligatoires. Le choix de Sa\u00efdia n&rsquo;est pas fortuit car la ville dispose d&rsquo;un h\u00f4pital provin\u00adcial d\u00e9di\u00e9 \u00e0 la pand\u00e9mie du corona\u00advirus et une importante infrastruc\u00adture h\u00f4teli\u00e8re, mise \u00e0 disposition par Madaef.<br \/><em>A.K. <\/em><\/p>\n<\/div>\n<\/div>\n<\/div>\n<\/div>\n<div class=\"eco-conseil\">\n<div class=\"view view-eco-conseil-16 view-id-eco_conseil_16 view-display-id-cookies view-dom-id-ba9ac1dbec3ec752c338dd9554c51577\">\n<div class=\"view-content\">\n<div id=\"views-bootstrap-grid-1\" class=\"views-bootstrap-grid-plugin-style\">\n<div class=\"row\">\n<div class=\" col-xs-12 col-lg-4\">\n<div class=\"row\">\n<div class=\"col col-xs-12 col-lg-12\">\n<div class=\"field-content\"><a href=\"\/article\/1062055-debats-vers-le-haut-serie-de-webinaires-par-2wls\"><img loading=\"lazy\" decoding=\"async\" class=\"img-responsive\" typeof=\"foaf:Image\" src=\"https:\/\/www.leconomiste.com\/sites\/default\/files\/eco7\/public\/styles\/800x400\/public\/default_images\/default_une.jpg?itok=4jZlgnIZ\" width=\"660\" height=\"330\" alt=\"\"\/><\/a><\/div>\n<\/div>\n<div class=\" title_suite_2 col col-xs-12 col-lg-12\"> <a href=\"\/article\/1062055-debats-vers-le-haut-serie-de-webinaires-par-2wls\"\/><span class=\"field-content\">\u00abD\u00e9bats vers le haut\u00bb: S\u00e9rie de webinaires par 2WLS<\/span><\/div>\n<\/div>\n<\/div>\n<div class=\" col-xs-12 col-lg-4\">\n<div class=\"row\">\n<div class=\"col col-xs-12 col-lg-12\">\n<div class=\"field-content\"><a href=\"\/article\/1062054-evenementiel-l-appel-l-aide-des-professionnels\"><img loading=\"lazy\" decoding=\"async\" class=\"img-responsive\" typeof=\"foaf:Image\" src=\"https:\/\/www.leconomiste.com\/sites\/default\/files\/eco7\/public\/styles\/800x400\/public\/default_images\/default_une.jpg?itok=4jZlgnIZ\" width=\"660\" height=\"330\" alt=\"\"\/><\/a><\/div>\n<\/div>\n<div class=\" title_suite_2 col col-xs-12 col-lg-12\"> <a href=\"\/article\/1062054-evenementiel-l-appel-l-aide-des-professionnels\"\/><span class=\"field-content\">Ev\u00e9nementiel: L\u2019appel \u00e0 l\u2019aide des professionnels<\/span><\/div>\n<\/div>\n<\/div>\n<div class=\" col-xs-12 col-lg-4\">\n<div class=\"row\">\n<div class=\"col col-xs-12 col-lg-12\">\n<div class=\"field-content\"><a href=\"\/article\/1062053-des-telespectateurs-friands-de-productions-nationales\"><img loading=\"lazy\" decoding=\"async\" class=\"img-responsive\" typeof=\"foaf:Image\" src=\"https:\/\/www.leconomiste.com\/sites\/default\/files\/eco7\/public\/styles\/800x400\/public\/default_images\/default_une.jpg?itok=4jZlgnIZ\" width=\"660\" height=\"330\" alt=\"\"\/><\/a><\/div>\n<\/div>\n<div class=\" title_suite_2 col col-xs-12 col-lg-12\"> <a href=\"\/article\/1062053-des-telespectateurs-friands-de-productions-nationales\"\/><span class=\"field-content\">Des t\u00e9l\u00e9spectateurs friands de productions nationales<\/span><\/div>\n<\/div>\n<\/div>\n<\/div>\n<\/div>\n<\/div>\n<\/div>\n<\/div>\n<p>Auteur: hlafriqi<br \/>\n<a href=\"https:\/\/www.leconomiste.com\/article\/1062056-un-cas-covid-19-parmi-les-rapatries-de-melilla\">Cliquez ici pour lire l&rsquo;article depuis sa source.<\/a><\/p>\n","protected":false},"excerpt":{"rendered":"<p>Les analyses effectu\u00e9es sur les rapatri\u00e9s marocains de Melilla ont confirm\u00e9 un cas positif au Covid-19. Il est actuellement admis \u00e0 l\u2019h\u00f4pital de Sa\u00efdia. Une structure hospitali\u00e8re qui prend en charge les cas d\u00e9tec\u00adt\u00e9s parmi les rapatri\u00e9s marocains du pr\u00e9side occup\u00e9 selon les mesures de sant\u00e9 en vigueur. Rappelons que les 200 marocains qui sont [&hellip;]<\/p>\n","protected":false},"author":1763,"featured_media":0,"comment_status":"closed","ping_status":"closed","sticky":false,"template":"","format":"standard","meta":{"fifu_image_url":"","fifu_image_alt":"","footnotes":""},"categories":[78,54],"tags":[],"class_list":["post-85766","post","type-post","status-publish","format-standard","hentry","category-economie","category-maroc"],"_links":{"self":[{"href":"https:\/\/linitiative.ca\/International\/wp-json\/wp\/v2\/posts\/85766","targetHints":{"allow":["GET"]}}],"collection":[{"href":"https:\/\/linitiative.ca\/International\/wp-json\/wp\/v2\/posts"}],"about":[{"href":"https:\/\/linitiative.ca\/International\/wp-json\/wp\/v2\/types\/post"}],"author":[{"embeddable":true,"href":"https:\/\/linitiative.ca\/International\/wp-json\/wp\/v2\/users\/1763"}],"replies":[{"embeddable":true,"href":"https:\/\/linitiative.ca\/International\/wp-json\/wp\/v2\/comments?post=85766"}],"version-history":[{"count":0,"href":"https:\/\/linitiative.ca\/International\/wp-json\/wp\/v2\/posts\/85766\/revisions"}],"wp:attachment":[{"href":"https:\/\/linitiative.ca\/International\/wp-json\/wp\/v2\/media?parent=85766"}],"wp:term":[{"taxonomy":"category","embeddable":true,"href":"https:\/\/linitiative.ca\/International\/wp-json\/wp\/v2\/categories?post=85766"},{"taxonomy":"post_tag","embeddable":true,"href":"https:\/\/linitiative.ca\/International\/wp-json\/wp\/v2\/tags?post=85766"}],"curies":[{"name":"wp","href":"https:\/\/api.w.org\/{rel}","templated":true}]}}