{"id":85767,"date":"2020-05-17T10:00:00","date_gmt":"2020-05-17T14:00:00","guid":{"rendered":"https:\/\/linitiative.ca\/International\/les-entraineurs-et-les-joueurs-exercant-au-bahrein-seront-rapatries-aujourdhui\/"},"modified":"2020-05-17T10:00:00","modified_gmt":"2020-05-17T14:00:00","slug":"les-entraineurs-et-les-joueurs-exercant-au-bahrein-seront-rapatries-aujourdhui","status":"publish","type":"post","link":"https:\/\/linitiative.ca\/International\/les-entraineurs-et-les-joueurs-exercant-au-bahrein-seront-rapatries-aujourdhui\/","title":{"rendered":"Les entra\u00eeneurs et les joueurs, exer\u00e7ant au Bahre\u00efn ,seront rapatri\u00e9s aujourd&rsquo;hui"},"content":{"rendered":"<p class=\"MsoNormal c3\"><span class=\"c2\">La Tunisie continue de faire de grand efforts pour rapatrier ses ressortissants bloqu\u00e9s dans les pays \u00e9tranger par la pand\u00e9mie du covid 19. En effet, \u00e7a sera le tour de tous les techniciens et autres joueurs exer\u00e7ant au Bahre\u00een de rentrer, aujourd&rsquo;hui, au pays \u00e0 bord d&rsquo;un vol sp\u00e9cial affr\u00e9t\u00e9\u00a0\u00e0 cet effet par le\u00a0gouvernement. Le personnes faisant partie\u00a0de ce contingent seront achemin\u00e9es directement \u00e0 un centre d&rsquo;accueil\u00a0 am\u00e9nag\u00e9 sp\u00e9cialement pour leur mise en quarantaine pour une dur\u00e9e de deux semaines avant de pouvoir rejoindre leurs familles.<\/span><\/p>\n<p class=\"MsoNormal c3\"><span class=\"c4\">\u00a0<\/span><\/p>\n<p class=\"MsoNormal c3\"><span class=\"c4\">\u00a0 \u00a0 \u00a0 \u00a0<strong>Prompt\u00a0r\u00e9tablissement Hamadi\u00a0Agrebi!<\/strong><\/span><\/p>\n<p class=\"MsoNormal c3\"><span class=\"c2\">\u00a0<\/span><\/p>\n<p class=\"MsoNormal c3\"><span class=\"c2\">Suite \u00e0 un subite malaise, l&rsquo;ex strat\u00e8ge du CS Sfaxien et de la s\u00e9lection nationale,\u00a0Hamdi Agrebi, a d\u00fb subir une intervention chirurgicale\u00a0dans une clinique priv\u00e9e de Sfax \u00e0 l&rsquo;issue de laquelle il a pu rentrer sain et sauf \u00e0 son domicile. L&rsquo;\u00e9tat de sant\u00e9 de Agrebi est en effet qualifi\u00e9 de rassurant. Le Temps du Sport profite de de cette occasion pour renouveler au prodige du football national ses souhaits de prompt r\u00e9tablissement.<\/span><\/p>\n<p class=\"MsoNormal c7\"><span class=\"c6\"><span class=\"c5\">\u00a0\u00a0\u00a0\u00a0\u00a0\u00a0\u00a0\u00a0\u00a0\u00a0\u00a0\u00a0\u00a0\u00a0\u00a0\u00a0\u00a0\u00a0\u00a0\u00a0\u00a0\u00a0\u00a0\u00a0\u00a0\u00a0\u00a0\u00a0\u00a0\u00a0\u00a0\u00a0\u00a0\u00a0\u00a0\u00a0\u00a0\u00a0\u00a0\u00a0\u00a0\u00a0\u00a0\u00a0\u00a0\u00a0\u00a0\u00a0\u00a0\u00a0\u00a0\u00a0\u00a0\u00a0\u00a0\u00a0\u00a0\u00a0\u00a0\u00a0\u00a0\u00a0\u00a0\u00a0\u00a0\u00a0\u00a0\u00a0\u00a0\u00a0\u00a0\u00a0\u00a0\u00a0\u00a0\u00a0\u00a0\u00a0\u00a0\u00a0\u00a0\u00a0\u00a0<\/span> <strong>Ameur KERKENNI\u00a0\u00a0<\/strong><\/span><\/p>\n<p>Auteur: letemps1<br \/>\n<a href=\"http:\/\/www.letemps.com.tn\/article\/113955\/les-entra%C3%AEneurs-et-les-joueurs-exer%C3%A7ant-au-bahre%C3%AFn-seront-rapatri%C3%A9s-aujourdhui\">Cliquez ici pour lire l&rsquo;article depuis sa source.<\/a><\/p>\n","protected":false},"excerpt":{"rendered":"<p>La Tunisie continue de faire de grand efforts pour rapatrier ses ressortissants bloqu\u00e9s dans les pays \u00e9tranger par la pand\u00e9mie du covid 19. En effet, \u00e7a sera le tour de tous les techniciens et autres joueurs exer\u00e7ant au Bahre\u00een de rentrer, aujourd&rsquo;hui, au pays \u00e0 bord d&rsquo;un vol sp\u00e9cial affr\u00e9t\u00e9\u00a0\u00e0 cet effet par le\u00a0gouvernement. Le [&hellip;]<\/p>\n","protected":false},"author":1773,"featured_media":0,"comment_status":"closed","ping_status":"closed","sticky":false,"template":"","format":"standard","meta":{"fifu_image_url":"","fifu_image_alt":"","footnotes":""},"categories":[73,55],"tags":[],"class_list":["post-85767","post","type-post","status-publish","format-standard","hentry","category-actualite","category-tunisie"],"_links":{"self":[{"href":"https:\/\/linitiative.ca\/International\/wp-json\/wp\/v2\/posts\/85767","targetHints":{"allow":["GET"]}}],"collection":[{"href":"https:\/\/linitiative.ca\/International\/wp-json\/wp\/v2\/posts"}],"about":[{"href":"https:\/\/linitiative.ca\/International\/wp-json\/wp\/v2\/types\/post"}],"author":[{"embeddable":true,"href":"https:\/\/linitiative.ca\/International\/wp-json\/wp\/v2\/users\/1773"}],"replies":[{"embeddable":true,"href":"https:\/\/linitiative.ca\/International\/wp-json\/wp\/v2\/comments?post=85767"}],"version-history":[{"count":0,"href":"https:\/\/linitiative.ca\/International\/wp-json\/wp\/v2\/posts\/85767\/revisions"}],"wp:attachment":[{"href":"https:\/\/linitiative.ca\/International\/wp-json\/wp\/v2\/media?parent=85767"}],"wp:term":[{"taxonomy":"category","embeddable":true,"href":"https:\/\/linitiative.ca\/International\/wp-json\/wp\/v2\/categories?post=85767"},{"taxonomy":"post_tag","embeddable":true,"href":"https:\/\/linitiative.ca\/International\/wp-json\/wp\/v2\/tags?post=85767"}],"curies":[{"name":"wp","href":"https:\/\/api.w.org\/{rel}","templated":true}]}}