{"id":85769,"date":"2020-05-17T10:00:00","date_gmt":"2020-05-17T14:00:00","guid":{"rendered":"https:\/\/linitiative.ca\/International\/heni-amamou-demande-un-temps-de-reflexion\/"},"modified":"2020-05-17T10:00:00","modified_gmt":"2020-05-17T14:00:00","slug":"heni-amamou-demande-un-temps-de-reflexion","status":"publish","type":"post","link":"https:\/\/linitiative.ca\/International\/heni-amamou-demande-un-temps-de-reflexion\/","title":{"rendered":"H\u00e9ni Amamou demande un temps de r\u00e9flexion"},"content":{"rendered":"<p>CS S : Sollicit\u00e9 pour renouveler son contrat<\/p>\n<footer class=\"submitted clearfix\">\n<p><span class=\"date-display-single\" property=\"dc:date\" datatype=\"xsd:dateTime\" content=\"2020-05-17T00:00:00+01:00\">Dimanche 17 Mai 2020<\/span><\/p>\n<\/footer>\n<div class=\"content clearfix\" readability=\"42.355146557601\"><span class=\"print-link\"><span class=\"print_html\"><a href=\"http:\/\/www.letemps.com.tn\/print\/113957\" title=\"Display a printer-friendly version of this page.\" class=\"print-page\" onclick=\"window.open(this.href); return false\" rel=\"nofollow\"><img decoding=\"async\" class=\"print-icon\" typeof=\"foaf:Image\" src=\"http:\/\/www.letemps.com.tn\/sites\/all\/modules\/print\/icons\/print_icon.gif\" alt=\"\u0646\u0633\u062e\u0629 \u0644\u0644\u0637\u0628\u0627\u0639\u0629\" title=\"\u0646\u0633\u062e\u0629 \u0644\u0644\u0637\u0628\u0627\u0639\u0629\"\/><\/a><\/span><\/span><\/p>\n<div class=\"beacon9-social\">\n<p><iframe src=\"http:\/\/www.facebook.com\/plugins\/like.php?href=http%3A%2F%2Fwww.letemps.com.tn%2Farticle%2F113957%2Fh%25C3%25A9ni-amamou-demande-un-temps-de-r%25C3%25A9flexion&amp;layout=button_count&amp;show_faces=false&amp;action=like&amp;font=arial&amp;colorscheme=light\" scrolling=\"no\" frameborder=\"0\" class=\"c1\" allowtransparency=\"true\">[embedded content]<\/iframe><\/p>\n<\/div>\n<div class=\"field field-name-field-op-main-image field-type-image field-label-hidden field-items field-item even\"><img loading=\"lazy\" decoding=\"async\" typeof=\"foaf:Image\" src=\"http:\/\/www.letemps.com.tn\/sites\/www.letemps.com.tn\/files\/styles\/620px_wide\/public\/main\/articles\/p11-coul-n3_0.JPG\" width=\"287\" height=\"653\" alt=\"\"\/><\/div>\n<div class=\"field field-name-body field-type-text-with-summary field-label-hidden field-items field-item even\" readability=\"55\">\n<p class=\"MsoNormal c3\"><span class=\"c2\">\u00a0<\/span><\/p>\n<p class=\"MsoNormal c3\"><span class=\"c4\">Le pr\u00e9sident de la section de football du CS Sfaxien, Moez Mestiri s&#8217;emploie ces derniers temps au renouvellement des contrats des joueurs\u00a0qui expireront\u00a0pour les uns \u00e0 la fin de l&rsquo;actuelle saison comme c&rsquo;est le cas pour le lat\u00e9ral droit Hamza Methlouthi et pour d&rsquo;autres qui viendront \u00e0 terme \u00e0 l&rsquo;issue de la prochaine saison (2020-2021).Les joueurs\u00a0concern\u00e9s par cette op\u00e9ration sont les deux gardiens Aymen Dahmen et Sabri Ben Hassen, les deux d\u00e9fenseurs centraux Hani Amamou et Nessim Hnid, le lat\u00e9ral gauche Houssam Dagdoug et les deux milieux de terrain Walid Karoui et Azmi Ghouma.<\/span><\/p>\n<p class=\"MsoNormal c3\"><span class=\"c4\">\u00a0<\/span><\/p>\n<p class=\"MsoNormal c3\"><span class=\"c4\">\u00a0 \u00a0 \u00a0 \u00a0 \u00a0 \u00a0 \u00a0 <strong>Un r\u00e9cidiviste patent\u00e9<\/strong><\/span><\/p>\n<p class=\"MsoNormal c3\"><span class=\"c4\">\u00a0<\/span><\/p>\n<p class=\"MsoNormal c3\"><span class=\"c4\">Selon une source bien inform\u00e9e, tous les joueurs concern\u00e9s ont accept\u00e9 de renouveler leurs contrats, \u00e0 l&rsquo;exception de Hani Ammamou\u00a0qui a demand\u00e9 un temps de r\u00e9flexion avant de faire conna\u00eetre sa r\u00e9ponse.<\/span><\/p>\n<p class=\"MsoNormal c3\"><span class=\"c4\">Notons, pour la petite histoire, que ce n&rsquo;est pas pour la premi\u00e8re fois que le joueur concern\u00e9 manifeste peu d&#8217;empressement \u00e0 rempiler avec son club. En effet, il a eu le m\u00eame comportement quand il fut sollicit\u00e9 en\u00a02017 par ses employeurs de rempiler pour une dur\u00e9e de quatre ann\u00e9es (jusqu&rsquo;au 30 juin 2021). Sa<span class=\"c5\">\u00a0<\/span> r\u00e9calcitrance<span class=\"c5\">\u00a0<\/span> lui co\u00fbta alors d&rsquo;\u00eatre\u00a0\u00e9cart\u00e9 de l&rsquo;effectif et priv\u00e9 de la participation au tournoi de Abha en Arabie Saoudite Arabie\u00a0Saoudite. Deux semaines plus tard, il est revenu \u00e0 de meilleurs sentiments\u00a0 et accepta de signer son contrat.<\/span><\/p>\n<p class=\"MsoNormal c7\"><strong><span class=\"c6\">Ameur KERKENNI<\/span><\/strong><\/p>\n<\/div>\n<\/div>\n<p>Auteur: letemps1<br \/>\n<a href=\"http:\/\/www.letemps.com.tn\/article\/113957\/h%C3%A9ni-amamou-demande-un-temps-de-r%C3%A9flexion\">Cliquez ici pour lire l&rsquo;article depuis sa source.<\/a><\/p>\n","protected":false},"excerpt":{"rendered":"<p>CS S : Sollicit\u00e9 pour renouveler son contrat Dimanche 17 Mai 2020 [embedded content] \u00a0 Le pr\u00e9sident de la section de football du CS Sfaxien, Moez Mestiri s&#8217;emploie ces derniers temps au renouvellement des contrats des joueurs\u00a0qui expireront\u00a0pour les uns \u00e0 la fin de l&rsquo;actuelle saison comme c&rsquo;est le cas pour le lat\u00e9ral droit Hamza [&hellip;]<\/p>\n","protected":false},"author":1773,"featured_media":85770,"comment_status":"closed","ping_status":"closed","sticky":false,"template":"","format":"standard","meta":{"fifu_image_url":"","fifu_image_alt":"","footnotes":""},"categories":[73,55],"tags":[],"class_list":["post-85769","post","type-post","status-publish","format-standard","has-post-thumbnail","hentry","category-actualite","category-tunisie"],"_links":{"self":[{"href":"https:\/\/linitiative.ca\/International\/wp-json\/wp\/v2\/posts\/85769","targetHints":{"allow":["GET"]}}],"collection":[{"href":"https:\/\/linitiative.ca\/International\/wp-json\/wp\/v2\/posts"}],"about":[{"href":"https:\/\/linitiative.ca\/International\/wp-json\/wp\/v2\/types\/post"}],"author":[{"embeddable":true,"href":"https:\/\/linitiative.ca\/International\/wp-json\/wp\/v2\/users\/1773"}],"replies":[{"embeddable":true,"href":"https:\/\/linitiative.ca\/International\/wp-json\/wp\/v2\/comments?post=85769"}],"version-history":[{"count":0,"href":"https:\/\/linitiative.ca\/International\/wp-json\/wp\/v2\/posts\/85769\/revisions"}],"wp:featuredmedia":[{"embeddable":true,"href":"https:\/\/linitiative.ca\/International\/wp-json\/"}],"wp:attachment":[{"href":"https:\/\/linitiative.ca\/International\/wp-json\/wp\/v2\/media?parent=85769"}],"wp:term":[{"taxonomy":"category","embeddable":true,"href":"https:\/\/linitiative.ca\/International\/wp-json\/wp\/v2\/categories?post=85769"},{"taxonomy":"post_tag","embeddable":true,"href":"https:\/\/linitiative.ca\/International\/wp-json\/wp\/v2\/tags?post=85769"}],"curies":[{"name":"wp","href":"https:\/\/api.w.org\/{rel}","templated":true}]}}