{"id":85771,"date":"2020-05-17T10:00:00","date_gmt":"2020-05-17T14:00:00","guid":{"rendered":"https:\/\/linitiative.ca\/International\/avec-le-meme-staff-technique-la-prochaine-saison\/"},"modified":"2020-05-17T10:00:00","modified_gmt":"2020-05-17T14:00:00","slug":"avec-le-meme-staff-technique-la-prochaine-saison","status":"publish","type":"post","link":"https:\/\/linitiative.ca\/International\/avec-le-meme-staff-technique-la-prochaine-saison\/","title":{"rendered":"Avec  le m\u00eame staff technique, la prochaine saison ?"},"content":{"rendered":"<p class=\"MsoNormal c4\"><span class=\"c3\">Lors de son intervention sur les ondes de la radio \u00ab\u00a0Expresse FM\u00a0\u00bb Anis B\u00e9ji a abord\u00e9 le chapitre du staff technique et \u00e0 sa t\u00eate Jalel Kadri. Il a avou\u00e9 qu\u2019il ne peut dire \u00e0 l\u2019heure actuelle si son \u00e9quipe est capable de pr\u00e9server son entra\u00eeneur au-del\u00e0 du 30 juin prochain.<span class=\"c2\">\u00a0<\/span><\/span><\/p>\n<p class=\"MsoNormal c4\"><span class=\"c3\">Kadri , selon des proches , se sent bien au Bardo et n\u2019est pas int\u00e9ress\u00e9 par une nouvelle aventure<span class=\"c2\">\u00a0\u00a0<\/span><\/span><\/p>\n<p class=\"MsoNormal c4\"><span class=\"c3\">\u00a0<\/span><\/p>\n<p class=\"MsoNormal c4\"><strong><span class=\"c5\">Stage incertain<\/span><\/strong><\/p>\n<p class=\"MsoNormal c7\"><strong><span class=\"c6\">\u00a0<\/span><\/strong><\/p>\n<p class=\"MsoNormal c4\"><span class=\"c3\">Les joueurs stadistes comme leurs coll\u00e8gues dans toutes les autres \u00e9quipes sont au repos depuis l\u2019arr\u00eat de la comp\u00e9tition. Les s\u00e9ances d\u2019entra\u00eenements en solitaire , sont loin de remplacer les entra\u00eenements collectifs dirig\u00e9s par le staff technique.<\/span><\/p>\n<p class=\"MsoNormal c7\"><span class=\"c6\">La reprise de la comp\u00e9tition au mois d\u2019ao\u00fbt prochain n\u00e9cessitera une pr\u00e9paration sp\u00e9ciale et l\u2019organisation d\u2019au moins un stage afin de remettre les joueurs en condition et surtout les pr\u00e9parer d\u2019une mani\u00e8re scientifique afin d\u2019 <span class=\"c2\">\u00a0<\/span>\u00e9viter des blessures musculaires.<\/span><\/p>\n<p class=\"MsoNormal c4\"><span class=\"c3\">Mais face \u00e0 la crise par laquelle traversent toutes les \u00e9quipes, les dirigeants stadistes sont <span class=\"c2\">\u00a0<\/span>\u00e0 la recherche des fonds d\u00e8s \u00e0 pr\u00e9sent pour organiser un tel rassemblement .<span class=\"c2\">\u00a0\u00a0\u00a0<\/span><\/span><\/p>\n<p class=\"MsoNormal c7\"><span class=\"c6\">\u00a0<\/span><\/p>\n<p class=\"MsoNormal c4\"><strong class=\"c9\"><span class=\"c8\">Conjoncture d\u00e9licate<\/span><\/strong><\/p>\n<p class=\"MsoNormal c10\"><strong class=\"c9\"><span class=\"c3\">\u00a0<\/span><\/strong><\/p>\n<p class=\"MsoNormal c4\"><span class=\"c3\">Le projet de reprise du championnat \u00e9labor\u00e9 par la FTF et pr\u00e9sent\u00e9 aux clubs, a<span class=\"c2\">\u00a0<\/span> trouv\u00e9 un \u00e9cho favorable aupr\u00e8s de plusieurs \u00e9quipes dont le S.T ,selon les dires de son SG.<\/span><\/p>\n<p class=\"MsoNormal c4\"><span class=\"c3\">Anis B\u00e9ji a salu\u00e9 \u00e9galement les dispositions prises par la FTF , au sujet de la r\u00e9duction des salaires des joueurs , pour venir en aide aux clubs tout en assurant \u00e0 ces derniers , une entr\u00e9e d\u2019argent honorable. Toutefois, le SG stadiste estime que l\u2019Etat doit absolument venir en aide aux clubs qui ne parviennent plus \u00e0 honorer leurs engagements par cette p\u00e9riode de confinement et d\u2019arr\u00eat des activit\u00e9s sportives et de tous les contrats des sponsors .<\/span><\/p>\n<p class=\"MsoNormal c7\"><span class=\"c6\"><span class=\"c2\">\u00a0\u00a0\u00a0\u00a0\u00a0\u00a0\u00a0\u00a0\u00a0\u00a0\u00a0\u00a0\u00a0\u00a0\u00a0\u00a0\u00a0\u00a0\u00a0\u00a0\u00a0\u00a0\u00a0\u00a0\u00a0\u00a0\u00a0\u00a0\u00a0\u00a0\u00a0\u00a0\u00a0\u00a0\u00a0\u00a0\u00a0\u00a0\u00a0\u00a0\u00a0\u00a0\u00a0\u00a0\u00a0\u00a0\u00a0\u00a0\u00a0\u00a0\u00a0\u00a0\u00a0\u00a0\u00a0\u00a0\u00a0\u00a0\u00a0\u00a0\u00a0\u00a0\u00a0\u00a0\u00a0\u00a0\u00a0\u00a0\u00a0\u00a0\u00a0\u00a0\u00a0\u00a0\u00a0\u00a0\u00a0\u00a0\u00a0\u00a0\u00a0\u00a0\u00a0\u00a0\u00a0\u00a0\u00a0\u00a0\u00a0\u00a0\u00a0\u00a0\u00a0\u00a0\u00a0\u00a0\u00a0\u00a0\u00a0\u00a0\u00a0\u00a0\u00a0\u00a0\u00a0\u00a0\u00a0\u00a0\u00a0\u00a0\u00a0\u00a0\u00a0\u00a0\u00a0\u00a0\u00a0\u00a0\u00a0\u00a0\u00a0\u00a0\u00a0\u00a0<\/span> <strong>M.R<\/strong><\/span><\/p>\n<p>Auteur: letemps1<br \/>\n<a href=\"http:\/\/www.letemps.com.tn\/article\/113958\/avec-le-m%C3%AAme-staff-technique-la-prochaine-saison\">Cliquez ici pour lire l&rsquo;article depuis sa source.<\/a><\/p>\n","protected":false},"excerpt":{"rendered":"<p>Lors de son intervention sur les ondes de la radio \u00ab\u00a0Expresse FM\u00a0\u00bb Anis B\u00e9ji a abord\u00e9 le chapitre du staff technique et \u00e0 sa t\u00eate Jalel Kadri. Il a avou\u00e9 qu\u2019il ne peut dire \u00e0 l\u2019heure actuelle si son \u00e9quipe est capable de pr\u00e9server son entra\u00eeneur au-del\u00e0 du 30 juin prochain.\u00a0 Kadri , selon des [&hellip;]<\/p>\n","protected":false},"author":1773,"featured_media":0,"comment_status":"closed","ping_status":"closed","sticky":false,"template":"","format":"standard","meta":{"fifu_image_url":"","fifu_image_alt":"","footnotes":""},"categories":[73,55],"tags":[],"class_list":["post-85771","post","type-post","status-publish","format-standard","hentry","category-actualite","category-tunisie"],"_links":{"self":[{"href":"https:\/\/linitiative.ca\/International\/wp-json\/wp\/v2\/posts\/85771","targetHints":{"allow":["GET"]}}],"collection":[{"href":"https:\/\/linitiative.ca\/International\/wp-json\/wp\/v2\/posts"}],"about":[{"href":"https:\/\/linitiative.ca\/International\/wp-json\/wp\/v2\/types\/post"}],"author":[{"embeddable":true,"href":"https:\/\/linitiative.ca\/International\/wp-json\/wp\/v2\/users\/1773"}],"replies":[{"embeddable":true,"href":"https:\/\/linitiative.ca\/International\/wp-json\/wp\/v2\/comments?post=85771"}],"version-history":[{"count":0,"href":"https:\/\/linitiative.ca\/International\/wp-json\/wp\/v2\/posts\/85771\/revisions"}],"wp:attachment":[{"href":"https:\/\/linitiative.ca\/International\/wp-json\/wp\/v2\/media?parent=85771"}],"wp:term":[{"taxonomy":"category","embeddable":true,"href":"https:\/\/linitiative.ca\/International\/wp-json\/wp\/v2\/categories?post=85771"},{"taxonomy":"post_tag","embeddable":true,"href":"https:\/\/linitiative.ca\/International\/wp-json\/wp\/v2\/tags?post=85771"}],"curies":[{"name":"wp","href":"https:\/\/api.w.org\/{rel}","templated":true}]}}