{"id":85772,"date":"2020-05-17T10:00:00","date_gmt":"2020-05-17T14:00:00","guid":{"rendered":"https:\/\/linitiative.ca\/International\/saison-annulee-pas-de-sacre-pour-al-ahly\/"},"modified":"2020-05-17T10:00:00","modified_gmt":"2020-05-17T14:00:00","slug":"saison-annulee-pas-de-sacre-pour-al-ahly","status":"publish","type":"post","link":"https:\/\/linitiative.ca\/International\/saison-annulee-pas-de-sacre-pour-al-ahly\/","title":{"rendered":"Saison annul\u00e9e, pas de sacre pour Al Ahly !"},"content":{"rendered":"<p class=\"MsoNormal c3\"><span class=\"c2\">La d\u00e9cision de la F\u00e9d\u00e9ration Egyptienne concernant la saison sportive 2019-2020 est tomb\u00e9e. Suspendu \u00e0 la 18<sup>\u00e8me<\/sup>\u00a0journ\u00e9e pour plus de deux mois, le championnat de premi\u00e8re division ne va plus reprendre et donc annul\u00e9.<\/span><\/p>\n<p class=\"MsoNormal c3\"><span class=\"c2\">Vendredi dernier, les 17 clubs de l\u2019\u00e9lite se sont r\u00e9unis pour se pencher sur l\u2019issue de la saison sportive. Tous n\u2019\u00e9taient pas d\u2019accord. 11 ont opt\u00e9 pour l\u2019arr\u00eat d\u00e9finitif et les 6 autres, une annulation pure et simple. Le dernier mot est revenu \u00e0 la F\u00e9d\u00e9ration qui a pris de la d\u00e9cision de s\u2019aligner sur celle prise par la minorit\u00e9.<\/span><\/p>\n<p class=\"MsoNormal c3\"><span class=\"c2\">La saison est annul\u00e9e en Egypte. Mais Al Ahly et Mokawloon respectivement 1<sup>er<\/sup>\u00a0et 2<sup>\u00e8me<\/sup>avant la suspension du championnat sont qualifi\u00e9s pour la Ligue des Champions CAF. Tandis que Pyramids et Zamalek vont disputer la Coupe CAF.<\/span><\/p>\n<p class=\"MsoNormal c3\"><span class=\"c2\">Une mauvaise nouvelle pour Al Ahly qui \u00e9tait sur la voie royale pour d\u00e9crocher son 42<sup>\u00e8me<\/sup>titre de champion. Puisqu\u2019il devan\u00e7ait son dauphin de 16 points mais h\u00e9las\u00a0!<\/span><\/p>\n<p class=\"MsoNormal c3\"><span class=\"c2\">L\u2019Egypte devient donc le 12<sup>\u00e8me<\/sup>\u00a0pays africain \u00e0 prendre une telle d\u00e9cision depuis l\u2019av\u00e8nement du Coronavirus.<\/span><\/p>\n<p>Auteur: letemps1<br \/>\n<a href=\"http:\/\/www.letemps.com.tn\/article\/113959\/saison-annul%C3%A9e-pas-de-sacre-pour-al-ahly\">Cliquez ici pour lire l&rsquo;article depuis sa source.<\/a><\/p>\n","protected":false},"excerpt":{"rendered":"<p>La d\u00e9cision de la F\u00e9d\u00e9ration Egyptienne concernant la saison sportive 2019-2020 est tomb\u00e9e. Suspendu \u00e0 la 18\u00e8me\u00a0journ\u00e9e pour plus de deux mois, le championnat de premi\u00e8re division ne va plus reprendre et donc annul\u00e9. Vendredi dernier, les 17 clubs de l\u2019\u00e9lite se sont r\u00e9unis pour se pencher sur l\u2019issue de la saison sportive. Tous n\u2019\u00e9taient [&hellip;]<\/p>\n","protected":false},"author":1773,"featured_media":0,"comment_status":"closed","ping_status":"closed","sticky":false,"template":"","format":"standard","meta":{"fifu_image_url":"","fifu_image_alt":"","footnotes":""},"categories":[73,55],"tags":[],"class_list":["post-85772","post","type-post","status-publish","format-standard","hentry","category-actualite","category-tunisie"],"_links":{"self":[{"href":"https:\/\/linitiative.ca\/International\/wp-json\/wp\/v2\/posts\/85772","targetHints":{"allow":["GET"]}}],"collection":[{"href":"https:\/\/linitiative.ca\/International\/wp-json\/wp\/v2\/posts"}],"about":[{"href":"https:\/\/linitiative.ca\/International\/wp-json\/wp\/v2\/types\/post"}],"author":[{"embeddable":true,"href":"https:\/\/linitiative.ca\/International\/wp-json\/wp\/v2\/users\/1773"}],"replies":[{"embeddable":true,"href":"https:\/\/linitiative.ca\/International\/wp-json\/wp\/v2\/comments?post=85772"}],"version-history":[{"count":0,"href":"https:\/\/linitiative.ca\/International\/wp-json\/wp\/v2\/posts\/85772\/revisions"}],"wp:attachment":[{"href":"https:\/\/linitiative.ca\/International\/wp-json\/wp\/v2\/media?parent=85772"}],"wp:term":[{"taxonomy":"category","embeddable":true,"href":"https:\/\/linitiative.ca\/International\/wp-json\/wp\/v2\/categories?post=85772"},{"taxonomy":"post_tag","embeddable":true,"href":"https:\/\/linitiative.ca\/International\/wp-json\/wp\/v2\/tags?post=85772"}],"curies":[{"name":"wp","href":"https:\/\/api.w.org\/{rel}","templated":true}]}}