{"id":85773,"date":"2020-05-17T15:13:28","date_gmt":"2020-05-17T19:13:28","guid":{"rendered":"https:\/\/linitiative.ca\/International\/pros-bennacer-ibra-aime-que-tout-soit-parfait-sur-le-terrain-vous-navez-pas-le-droit-a-lerreur-devant-lui\/"},"modified":"2020-05-17T15:13:28","modified_gmt":"2020-05-17T19:13:28","slug":"pros-bennacer-ibra-aime-que-tout-soit-parfait-sur-le-terrain-vous-navez-pas-le-droit-a-lerreur-devant-lui","status":"publish","type":"post","link":"https:\/\/linitiative.ca\/International\/pros-bennacer-ibra-aime-que-tout-soit-parfait-sur-le-terrain-vous-navez-pas-le-droit-a-lerreur-devant-lui\/","title":{"rendered":"Pros : Bennacer : \u00abIbra aime que tout soit parfait sur le terrain, vous n\u2019avez pas le droit \u00e0 l\u2019erreur devant lui\u00bb"},"content":{"rendered":"<div readability=\"32\">\n<p>Auteur : <span>Riad O.<\/span> <span class=\"time\">dimanche 17 mai 2020 16:54<\/span><\/p>\n<\/div>\n<div id=\"post_core\" readability=\"40\">\n<p>Le joueur milieu de terrain Alg\u00e9rien du Milan AC, Isma\u00ebl Bennacer s\u2019est dit content d\u2019avoir un co\u00e9quipier de la trempe de Zlatan Ibrahimovic avec lui au club. Le joueur de l\u2019EN a expliqu\u00e9 dans ce sens\u00a0:\u00a0\u00abIbra aime que tout soit parfait sur le terrain.\u00bb a-t-il d\u00e9clar\u00e9 \u00e0 la presse italienne, avant d\u2019ajouter\u00a0:\u00a0\u00abVous n\u2019avez pas le droit \u00e0 l\u2019erreur devant lui. C\u2019est ce qui me plait chez lui, il vous pousse toujours \u00e0 donner le meilleur de vous-m\u00eames sur le terrain. Il est important d\u2019avoir un joueur comme Ibra au club.\u00bb<\/p>\n<p><strong>Publi\u00e9 dans :<\/strong> <span>Ibra<\/span> <span>BENNACER<\/span><\/p>\n<\/div>\n<p>Auteur:<br \/>\n<a href=\"http:\/\/www.lebuteur.com\/article\/detail?titre=bennacer-ibra-aime-que-tout-soit-parfait-sur-le-terrain-vous-navez-pas-le-droit-a-lerreur-devant-lui&#038;id=95956&#038;utm_source=feedburner&#038;utm_medium=feed&#038;utm_campaign=Feed%3A+GalerieFArtciles+%28Les+derniers+articles++-+lebuteur.com%29\">Cliquez ici pour lire l&rsquo;article depuis sa source.<\/a><\/p>\n","protected":false},"excerpt":{"rendered":"<p>Auteur : Riad O. dimanche 17 mai 2020 16:54 Le joueur milieu de terrain Alg\u00e9rien du Milan AC, Isma\u00ebl Bennacer s\u2019est dit content d\u2019avoir un co\u00e9quipier de la trempe de Zlatan Ibrahimovic avec lui au club. Le joueur de l\u2019EN a expliqu\u00e9 dans ce sens\u00a0:\u00a0\u00abIbra aime que tout soit parfait sur le terrain.\u00bb a-t-il d\u00e9clar\u00e9 [&hellip;]<\/p>\n","protected":false},"author":1738,"featured_media":85774,"comment_status":"closed","ping_status":"closed","sticky":false,"template":"","format":"standard","meta":{"fifu_image_url":"","fifu_image_alt":"","footnotes":""},"categories":[53,75],"tags":[],"class_list":["post-85773","post","type-post","status-publish","format-standard","has-post-thumbnail","hentry","category-algerie","category-sport"],"_links":{"self":[{"href":"https:\/\/linitiative.ca\/International\/wp-json\/wp\/v2\/posts\/85773","targetHints":{"allow":["GET"]}}],"collection":[{"href":"https:\/\/linitiative.ca\/International\/wp-json\/wp\/v2\/posts"}],"about":[{"href":"https:\/\/linitiative.ca\/International\/wp-json\/wp\/v2\/types\/post"}],"author":[{"embeddable":true,"href":"https:\/\/linitiative.ca\/International\/wp-json\/wp\/v2\/users\/1738"}],"replies":[{"embeddable":true,"href":"https:\/\/linitiative.ca\/International\/wp-json\/wp\/v2\/comments?post=85773"}],"version-history":[{"count":0,"href":"https:\/\/linitiative.ca\/International\/wp-json\/wp\/v2\/posts\/85773\/revisions"}],"wp:featuredmedia":[{"embeddable":true,"href":"https:\/\/linitiative.ca\/International\/wp-json\/"}],"wp:attachment":[{"href":"https:\/\/linitiative.ca\/International\/wp-json\/wp\/v2\/media?parent=85773"}],"wp:term":[{"taxonomy":"category","embeddable":true,"href":"https:\/\/linitiative.ca\/International\/wp-json\/wp\/v2\/categories?post=85773"},{"taxonomy":"post_tag","embeddable":true,"href":"https:\/\/linitiative.ca\/International\/wp-json\/wp\/v2\/tags?post=85773"}],"curies":[{"name":"wp","href":"https:\/\/api.w.org\/{rel}","templated":true}]}}