{"id":85786,"date":"2020-05-17T15:18:21","date_gmt":"2020-05-17T19:18:21","guid":{"rendered":"https:\/\/linitiative.ca\/International\/lutte-contre-la-corruption-le-dg-de-la-pch-sous-mandat-de-depot\/"},"modified":"2020-05-17T15:18:21","modified_gmt":"2020-05-17T19:18:21","slug":"lutte-contre-la-corruption-le-dg-de-la-pch-sous-mandat-de-depot","status":"publish","type":"post","link":"https:\/\/linitiative.ca\/International\/lutte-contre-la-corruption-le-dg-de-la-pch-sous-mandat-de-depot\/","title":{"rendered":"Lutte contre la corruption : Le DG de la PCH sous mandat de d\u00e9p\u00f4t"},"content":{"rendered":"<p>Le Directeur G\u00e9n\u00e9ral de la Pharmacie Centrale des H\u00f4pitaux, T.DJ, et le directeur finances et comptabilit\u00e9, K. S, ont \u00e9t\u00e9 plac\u00e9, hier en fin de journ\u00e9e, sous mandat de d\u00e9p\u00f4t par le juge d\u2019instruction pr\u00e8s le tribunal de Dar El Beida, a-t-on appris de source judiciaire.\u00a0 Le directeur des achats et \u00e9quipements m\u00e9dicaux,\u00a0F.CH, a \u00e9t\u00e9, quant \u00e0 lui, mis sous contr\u00f4le judiciaire .<br \/>La PCH a subi, \u00e0 cause de cette affaire, un important pr\u00e9judice financier.<br \/>Les enqu\u00eates li\u00e9es \u00e0 la lutte contre la corruption se poursuivent. La Section de Recherche pr\u00e8s le groupement territorial de la Gendarmerie nationale d\u2019Alger, vient d\u2019achever les investigations dans le dossier de la gestion de la Pharmacie centrale des h\u00f4pitaux (PCH), transmis, hier, au tribunal de Dar El Beida \u00e0 Alger. Selon une source proche du dossier, trois hauts cadres ont \u00e9t\u00e9 pr\u00e9sent\u00e9s dans la matin\u00e9e, devant le procureur de la R\u00e9publique pr\u00e8s le tribunal avant d\u2019\u00eatre pr\u00e9sent\u00e9s en fin de matin\u00e9e au juge d\u2019instruction pr\u00e8s la m\u00eame juridiction. Il s\u2019agit de l\u2019ancien directeur g\u00e9n\u00e9ral de la Pharmacie centrale des h\u00f4pitaux, du directeur des achats et des \u00e9quipements m\u00e9dicaux \u00e9galement pr\u00e9sident de la commission interne des march\u00e9s ainsi que du directeur des finances et de la comptabilit\u00e9. Ces derniers ont \u00e9t\u00e9 auditionn\u00e9s pour des soup\u00e7ons de dilapidation de deniers publics, octroi d\u2019indus privil\u00e8ges, octroi de march\u00e9s concernant les mouvements de capitaux \u00e0 destination et en provenance de l\u2019\u00e9tranger \u00e0 travers des fausses d\u00e9clarations dans les factures d\u2019importation et infraction \u00e0 la r\u00e9glementation. La justice vient d\u2019ouvrir le dossier de la corruption dans le secteur de la sant\u00e9. L\u2019Inspection G\u00e9n\u00e9rale des Finances avait \u00e9tabli en 2014 un rapport accablant sur la gestion de la PCH, mettant en cause le directeur, certains cadres du minist\u00e8re de la Sant\u00e9 toujours en poste et l\u2019ex-secr\u00e9taire g\u00e9n\u00e9ral, Bouchenak Khelladi (en d\u00e9tention provisoire dans une autre affaire), mais sans suite. De m\u00eame pour le rapport de la Cour des comptes qui a relev\u00e9 de graves irr\u00e9gularit\u00e9s dans l\u2019attribution des march\u00e9s de m\u00e9dicaments et s\u2019est pench\u00e9e sur le dossier Sipharmal, un laboratoire fictif auquel la PCH a attribu\u00e9 un march\u00e9.<br \/>Ne\u00efla B.<\/p>\n<p>Auteur: elmoudjahid<br \/>\n<a href=\"http:\/\/www.elmoudjahid.com\/fr\/actualites\/153502\">Cliquez ici pour lire l&rsquo;article depuis sa source.<\/a><\/p>\n","protected":false},"excerpt":{"rendered":"<p>Le Directeur G\u00e9n\u00e9ral de la Pharmacie Centrale des H\u00f4pitaux, T.DJ, et le directeur finances et comptabilit\u00e9, K. S, ont \u00e9t\u00e9 plac\u00e9, hier en fin de journ\u00e9e, sous mandat de d\u00e9p\u00f4t par le juge d\u2019instruction pr\u00e8s le tribunal de Dar El Beida, a-t-on appris de source judiciaire.\u00a0 Le directeur des achats et \u00e9quipements m\u00e9dicaux,\u00a0F.CH, a \u00e9t\u00e9, [&hellip;]<\/p>\n","protected":false},"author":1744,"featured_media":0,"comment_status":"closed","ping_status":"closed","sticky":false,"template":"","format":"standard","meta":{"fifu_image_url":"","fifu_image_alt":"","footnotes":""},"categories":[73,53],"tags":[],"class_list":["post-85786","post","type-post","status-publish","format-standard","hentry","category-actualite","category-algerie"],"_links":{"self":[{"href":"https:\/\/linitiative.ca\/International\/wp-json\/wp\/v2\/posts\/85786","targetHints":{"allow":["GET"]}}],"collection":[{"href":"https:\/\/linitiative.ca\/International\/wp-json\/wp\/v2\/posts"}],"about":[{"href":"https:\/\/linitiative.ca\/International\/wp-json\/wp\/v2\/types\/post"}],"author":[{"embeddable":true,"href":"https:\/\/linitiative.ca\/International\/wp-json\/wp\/v2\/users\/1744"}],"replies":[{"embeddable":true,"href":"https:\/\/linitiative.ca\/International\/wp-json\/wp\/v2\/comments?post=85786"}],"version-history":[{"count":0,"href":"https:\/\/linitiative.ca\/International\/wp-json\/wp\/v2\/posts\/85786\/revisions"}],"wp:attachment":[{"href":"https:\/\/linitiative.ca\/International\/wp-json\/wp\/v2\/media?parent=85786"}],"wp:term":[{"taxonomy":"category","embeddable":true,"href":"https:\/\/linitiative.ca\/International\/wp-json\/wp\/v2\/categories?post=85786"},{"taxonomy":"post_tag","embeddable":true,"href":"https:\/\/linitiative.ca\/International\/wp-json\/wp\/v2\/tags?post=85786"}],"curies":[{"name":"wp","href":"https:\/\/api.w.org\/{rel}","templated":true}]}}