{"id":85787,"date":"2020-05-17T15:18:24","date_gmt":"2020-05-17T19:18:24","guid":{"rendered":"https:\/\/linitiative.ca\/International\/amendement-de-la-constitution-larav-definit-les-cadres-du-debat-de-la-mouture-sur-les-chaines-audiovisuelles\/"},"modified":"2020-05-17T15:18:24","modified_gmt":"2020-05-17T19:18:24","slug":"amendement-de-la-constitution-larav-definit-les-cadres-du-debat-de-la-mouture-sur-les-chaines-audiovisuelles","status":"publish","type":"post","link":"https:\/\/linitiative.ca\/International\/amendement-de-la-constitution-larav-definit-les-cadres-du-debat-de-la-mouture-sur-les-chaines-audiovisuelles\/","title":{"rendered":"Amendement  de la Constitution  : L\u2019ARAV d\u00e9finit les cadres du d\u00e9bat de la mouture sur les cha\u00eenes audiovisuelles"},"content":{"rendered":"<p>L&rsquo;Autorit\u00e9 de r\u00e9gulation de l&rsquo;audiovisuel (ARAV) a \u00e9mis une s\u00e9rie de recommandations visant \u00e0 r\u00e9guler le r\u00f4le des m\u00e9dias audiovisuels dans l\u2019encadrement du d\u00e9bat relatif \u00e0 l&rsquo;enrichissement de la mouture de l\u2019avant-projet d&rsquo;amendement de la Constitution, a indiqu\u00e9 dimanche un communiqu\u00e9 de l\u2019instance.<br \/>L&rsquo;ARAV a pr\u00e9cis\u00e9 que ses recommandations et directives visaient \u00e0 \u00ab\u00a0r\u00e9guler le r\u00f4le des m\u00e9dias audiovisuels dans l\u2019accompagnement de l&rsquo;effort national et \u00e0 encadrer le d\u00e9bat relatif \u00e0 l\u2019enrichissement de la mouture de l\u2019avant-projet d\u2019amendement de la Constitution, eu \u00e9gard \u00e0 son importance et pour asseoir de nouvelles bases pour l\u2019Alg\u00e9rie nouvelle\u00a0\u00bb.<br \/>Cette d\u00e9marche d\u00e9coule de \u00ab\u00a0la responsabilit\u00e9 sociale et du r\u00f4le efficace que jouent les m\u00e9dias audiovisuels \u00e0 l&rsquo;effet de sensibiliser et de garantir, autant que faire se peut, l&rsquo;enrichissement et le d\u00e9bat de la mouture de la Constitution dans le cadre du respect des r\u00e8gles professionnelles et d&rsquo;\u00e9thique\u00a0\u00bb, pr\u00e9cise l&rsquo;ARAV.<br \/>Ces recommandations soulignent \u00ab\u00a0l&rsquo;importance d&rsquo;un d\u00e9bat approfondi et d&rsquo;un enrichissement constructif \u00e0 m\u00eame de permettre \u00e0 tout un chacun d&rsquo;acc\u00e9der aux informations vraies sur le contenu de la mouture de la Constitution qui reste perfectible\u00a0\u00bb, et de contribuer \u00e0 l&rsquo;\u00e9largissement de la concertation et du d\u00e9bat pour inclure les diff\u00e9rentes franges de la soci\u00e9t\u00e9.<br \/>Dans ses orientations, l\u2019ARAV appelle \u00e0 \u00ab\u00a0traiter avec objectivit\u00e9 et impartialit\u00e9 et encadrer le d\u00e9bat dans le respect des opinions diff\u00e9rentes et des normes professionnelles et d&rsquo;\u00e9thique\u00a0\u00bb, tout en \u00ab\u00a0s\u2019engageant \u00e0 garantir la diversit\u00e9 et la participation des diff\u00e9rentes sensibilit\u00e9s et orientations intellectuelles et politiques, ainsi que les composantes culturelles et linguistiques dans toutes forme et type de couverture m\u00e9diatique, \u00e0 m\u00eame d&rsquo;assurer une couverture au niveau national et \u00e9galement impliquer notre communaut\u00e9 \u00e0 l\u2019\u00e9tranger \u00ab\u00a0, ajoute le communiqu\u00e9.<br \/>Elle recommande \u00e9galement \u00ab\u00a0d\u2019impliquer la cat\u00e9gorie des jeunes dans les d\u00e9bats, \u00e9tant l\u2019avenir de l\u2019Alg\u00e9rie\u00a0\u00bb, de \u00ab\u00a0prendre en consid\u00e9ration la cat\u00e9gorie des personnes aux besoins sp\u00e9cifiques en leur assurant les moyens n\u00e9cessaires et appropri\u00e9s qui leur permettent de participer au d\u00e9bat et \u00e0 son enrichissement, et d'\u00a0\u00bbimpliquer les sp\u00e9cialistes et les professionnels dans les diff\u00e9rents programmes d\u2019information ou de d\u00e9bat, les entrevues et les \u00e9missions de d\u00e9bat, en confiant cette t\u00e2che \u00e0 des journalistes comp\u00e9tents qui ma\u00eetrisent ce dossier\u00a0\u00bb.<br \/>A ce propos, l\u2019ARAV souligne qu\u2019il \u00ab\u00a0est interdit, lors de la diffusion de programmes radio et t\u00e9l\u00e9visuels d\u00e9di\u00e9s au d\u00e9bat de la mouture de la Constitution sur leurs sites \u00e9lectroniques ou sur les pages des r\u00e9seaux sociaux, de faire un montage ou d&rsquo;en extraire des passages, de mani\u00e8re \u00e0 entamer l\u2019essence m\u00eame du contenu originel ou de d\u00e9former son v\u00e9ritable sens\u00a0\u00bb. L\u2019ARAV a, en outre, \u00ab\u00a0condamn\u00e9, \u00e9nergiquement, les campagnes de provocation et le discours de haine, v\u00e9hicul\u00e9s par certains sur les r\u00e9seaux sociaux\u00a0\u00bb et appelle, par ailleurs, au strict respect des conditions d\u2019hygi\u00e8ne et de pr\u00e9vention lors des couvertures ou dans les studios de diffusion de programmes y aff\u00e9rents.<br \/>\u00a0<\/p>\n<p>Auteur: elmoudjahid<br \/>\n<a href=\"http:\/\/www.elmoudjahid.com\/fr\/actualites\/153503\">Cliquez ici pour lire l&rsquo;article depuis sa source.<\/a><\/p>\n","protected":false},"excerpt":{"rendered":"<p>L&rsquo;Autorit\u00e9 de r\u00e9gulation de l&rsquo;audiovisuel (ARAV) a \u00e9mis une s\u00e9rie de recommandations visant \u00e0 r\u00e9guler le r\u00f4le des m\u00e9dias audiovisuels dans l\u2019encadrement du d\u00e9bat relatif \u00e0 l&rsquo;enrichissement de la mouture de l\u2019avant-projet d&rsquo;amendement de la Constitution, a indiqu\u00e9 dimanche un communiqu\u00e9 de l\u2019instance.L&rsquo;ARAV a pr\u00e9cis\u00e9 que ses recommandations et directives visaient \u00e0 \u00ab\u00a0r\u00e9guler le r\u00f4le [&hellip;]<\/p>\n","protected":false},"author":1744,"featured_media":0,"comment_status":"closed","ping_status":"closed","sticky":false,"template":"","format":"standard","meta":{"fifu_image_url":"","fifu_image_alt":"","footnotes":""},"categories":[73,53],"tags":[],"class_list":["post-85787","post","type-post","status-publish","format-standard","hentry","category-actualite","category-algerie"],"_links":{"self":[{"href":"https:\/\/linitiative.ca\/International\/wp-json\/wp\/v2\/posts\/85787","targetHints":{"allow":["GET"]}}],"collection":[{"href":"https:\/\/linitiative.ca\/International\/wp-json\/wp\/v2\/posts"}],"about":[{"href":"https:\/\/linitiative.ca\/International\/wp-json\/wp\/v2\/types\/post"}],"author":[{"embeddable":true,"href":"https:\/\/linitiative.ca\/International\/wp-json\/wp\/v2\/users\/1744"}],"replies":[{"embeddable":true,"href":"https:\/\/linitiative.ca\/International\/wp-json\/wp\/v2\/comments?post=85787"}],"version-history":[{"count":0,"href":"https:\/\/linitiative.ca\/International\/wp-json\/wp\/v2\/posts\/85787\/revisions"}],"wp:attachment":[{"href":"https:\/\/linitiative.ca\/International\/wp-json\/wp\/v2\/media?parent=85787"}],"wp:term":[{"taxonomy":"category","embeddable":true,"href":"https:\/\/linitiative.ca\/International\/wp-json\/wp\/v2\/categories?post=85787"},{"taxonomy":"post_tag","embeddable":true,"href":"https:\/\/linitiative.ca\/International\/wp-json\/wp\/v2\/tags?post=85787"}],"curies":[{"name":"wp","href":"https:\/\/api.w.org\/{rel}","templated":true}]}}