{"id":85788,"date":"2020-05-17T11:18:05","date_gmt":"2020-05-17T15:18:05","guid":{"rendered":"https:\/\/linitiative.ca\/International\/105145-football-ligue-1-js-kabylie-je-suis-contre-l-arret-definitif-de-la-competition\/"},"modified":"2020-05-17T11:18:05","modified_gmt":"2020-05-17T15:18:05","slug":"105145-football-ligue-1-js-kabylie-je-suis-contre-l-arret-definitif-de-la-competition","status":"publish","type":"post","link":"https:\/\/linitiative.ca\/International\/105145-football-ligue-1-js-kabylie-je-suis-contre-l-arret-definitif-de-la-competition\/","title":{"rendered":"Ligue 1-JS Kabylie: \u00ab\u00a0Je suis contre l&rsquo;arr\u00eat d\u00e9finitif de la comp\u00e9tition\u00a0\u00bb"},"content":{"rendered":"<div readability=\"37\">\n<p><strong>ALGER- Le pr\u00e9sident de la JS Kabylie, Ch\u00e9rif Mellal, a rejet\u00e9 l&rsquo;id\u00e9e de suspendre d\u00e9finitivement la Ligue 1 alg\u00e9rienne de football en raison de la pand\u00e9mie du nouveau coronavirus (Covid-19), soulignant que \u00ab\u00a0rien n&rsquo;est encore jou\u00e9 aussi bien pour le podium que pour la rel\u00e9gation\u00a0\u00bb.<\/strong><\/p>\n<\/div>\n<div readability=\"72.463139635733\">\n<p>\u00ab\u00a0Actuellement, nous attendons la reprise du championnat, on est contre l&rsquo;arr\u00eat de la comp\u00e9tition o\u00f9 on jouera nos chances \u00e0 fond. Il reste encore huit matchs \u00e0 disputer, le sort du titre est loin d&rsquo;\u00eatre scell\u00e9. Les chances sont intactes pour tout le monde, aussi bien pour le podium que pour la rel\u00e9gation\u00a0\u00bb, a indiqu\u00e9 le patron des \u00ab\u00a0Canaris\u00a0\u00bb, samedi soir lors de l&rsquo;\u00e9mission \u00ab\u00a0La 3e mi-temps\u00a0\u00bb sur la t\u00e9l\u00e9vision nationale.<\/p>\n<p>Avant la suspension du championnat le 16 mars dernier, la JSK occupait la 4e place au classement avec 36 points, \u00e0 quatre longueurs du leader CR Belouizdad qui compte un match en moins.<\/p>\n<p>Une r\u00e9union s&rsquo;est tenue dimanche dernier au si\u00e8ge du minist\u00e8re de la Jeunesse et des Sports (MJS) pour aborder l&rsquo;\u00e9ventualit\u00e9 de reprendre le championnat. Cette rencontre, tenue en l&rsquo;absence du ministre Sid Ali Khalid et du pr\u00e9sident de la F\u00e9d\u00e9ration alg\u00e9rienne de football (FAF), Khe\u00efreddine Zetchi, fait suite \u00e0 la demande formul\u00e9e par le Bureau f\u00e9d\u00e9ral, pour discuter du sort r\u00e9serv\u00e9 \u00e0 la comp\u00e9tition.<\/p>\n<blockquote readability=\"9\">\n<p><em><strong>\u00ab\u00a0Cela fait 12 ans que la JSK n&rsquo;a pas gagn\u00e9 le titre et c&rsquo;est trop, c&rsquo;est le moment de reconqu\u00e9rir le championnat. Dans deux ans, la JSK rego\u00fbtera aux cons\u00e9crations africaines\u00a0\u00bb, a-t-il promis.<\/strong><\/em><\/p>\n<\/blockquote>\n<hr\/>\n<h3><strong>Lire aussi: <a href=\"https:\/\/41.110.185.2\/proxy\/1d886bcc\/http\/www.aps.dz\/sport\/105032-foot-ligue-1-usm-alger-achour-djelloul-favorable-a-la-reprise-de-la-saison\" target=\"_blank\" rel=\"noopener noreferrer\">Foot\/ Ligue 1 USM Alger : Achour Djelloul favorable \u00e0 la reprise de la saison<\/a><\/strong><\/h3>\n<hr\/>\n<p>Interrog\u00e9 sur l&rsquo;impact \u00e9conomique li\u00e9 \u00e0 l&rsquo;arr\u00eat du championnat, le pr\u00e9sident de la JSK a dress\u00e9 un tableau noir concernant la situation financi\u00e8re de son \u00e9quipe.<\/p>\n<blockquote readability=\"11\">\n<p><strong><em>\u00ab\u00a0Je lance un appel aux autorit\u00e9s pour intervenir, car toutes les \u00e9quipes alg\u00e9riennes sont d\u00e9ficitaires, on doit revenir au mode amateur car on n&rsquo;a pas les moyens. L&rsquo;id\u00e9e de vendre des joueurs aux clubs tunisiens nous permet de r\u00e9cup\u00e9rer un peu d&rsquo;argent. Le seul probl\u00e8me de la JSK actuellement r\u00e9side dans les salaires des joueurs, nous attendons le paiement des primes de la CAF et l&rsquo;aide des sponsors pour r\u00e9gulariser leur situation\u00a0\u00bb.<\/em><\/strong><\/p>\n<\/blockquote>\n<p>Enfin, s&rsquo;agissant de l&rsquo;effectif, Mellal a indiqu\u00e9 qu&rsquo;il avait d\u00e9cid\u00e9 de le reconduire en vue de la saison prochaine : \u00ab\u00a0Nous allons opter pour la stabilit\u00e9, nous allons garder tout l&rsquo;effectif actuel. Il y a 3 joueurs en fin de contrat, on verra avec le staff technique s&rsquo;il aura besoin d&rsquo;eux ou bien s\u2019il ne les remplacera pas d&rsquo;autres jeunes \u00e9l\u00e9ments\u00a0\u00bb.<\/p>\n<\/div>\n<p>Auteur:<br \/>\n<a href=\"http:\/\/www.aps.dz\/sport\/105145-football-ligue-1-js-kabylie-je-suis-contre-l-arret-definitif-de-la-competition?utm_source=feedburner&#038;utm_medium=feed&#038;utm_campaign=Feed%3A+aps-sport+%28APS+-+SPORT%29\">Cliquez ici pour lire l&rsquo;article depuis sa source.<\/a><\/p>\n","protected":false},"excerpt":{"rendered":"<p>ALGER- Le pr\u00e9sident de la JS Kabylie, Ch\u00e9rif Mellal, a rejet\u00e9 l&rsquo;id\u00e9e de suspendre d\u00e9finitivement la Ligue 1 alg\u00e9rienne de football en raison de la pand\u00e9mie du nouveau coronavirus (Covid-19), soulignant que \u00ab\u00a0rien n&rsquo;est encore jou\u00e9 aussi bien pour le podium que pour la rel\u00e9gation\u00a0\u00bb. \u00ab\u00a0Actuellement, nous attendons la reprise du championnat, on est contre [&hellip;]<\/p>\n","protected":false},"author":1790,"featured_media":0,"comment_status":"closed","ping_status":"closed","sticky":false,"template":"","format":"standard","meta":{"fifu_image_url":"","fifu_image_alt":"","footnotes":""},"categories":[53,75],"tags":[],"class_list":["post-85788","post","type-post","status-publish","format-standard","hentry","category-algerie","category-sport"],"_links":{"self":[{"href":"https:\/\/linitiative.ca\/International\/wp-json\/wp\/v2\/posts\/85788","targetHints":{"allow":["GET"]}}],"collection":[{"href":"https:\/\/linitiative.ca\/International\/wp-json\/wp\/v2\/posts"}],"about":[{"href":"https:\/\/linitiative.ca\/International\/wp-json\/wp\/v2\/types\/post"}],"author":[{"embeddable":true,"href":"https:\/\/linitiative.ca\/International\/wp-json\/wp\/v2\/users\/1790"}],"replies":[{"embeddable":true,"href":"https:\/\/linitiative.ca\/International\/wp-json\/wp\/v2\/comments?post=85788"}],"version-history":[{"count":0,"href":"https:\/\/linitiative.ca\/International\/wp-json\/wp\/v2\/posts\/85788\/revisions"}],"wp:attachment":[{"href":"https:\/\/linitiative.ca\/International\/wp-json\/wp\/v2\/media?parent=85788"}],"wp:term":[{"taxonomy":"category","embeddable":true,"href":"https:\/\/linitiative.ca\/International\/wp-json\/wp\/v2\/categories?post=85788"},{"taxonomy":"post_tag","embeddable":true,"href":"https:\/\/linitiative.ca\/International\/wp-json\/wp\/v2\/tags?post=85788"}],"curies":[{"name":"wp","href":"https:\/\/api.w.org\/{rel}","templated":true}]}}