{"id":85789,"date":"2020-05-17T14:48:00","date_gmt":"2020-05-17T18:48:00","guid":{"rendered":"https:\/\/linitiative.ca\/International\/enseignement-superieur-la-date-de-la-reprise-des-cours-fixee\/"},"modified":"2020-05-17T14:48:00","modified_gmt":"2020-05-17T18:48:00","slug":"enseignement-superieur-la-date-de-la-reprise-des-cours-fixee","status":"publish","type":"post","link":"https:\/\/linitiative.ca\/International\/enseignement-superieur-la-date-de-la-reprise-des-cours-fixee\/","title":{"rendered":"ENSEIGNEMENT SUPERIEUR  : La date de la reprise  des cours fix\u00e9e"},"content":{"rendered":"<p><br id=\"sep_para_1\" class=\"sep_para access\"\/><\/p>\n<div id=\"para_1\" class=\"para_37017270 resize\">\n<div class=\"texte access firstletter\">Dans une note envoy\u00e9e aux Directeurs de Conf\u00e9rences R\u00e9gionales ainsi qu\u2019aux Recteurs des \u00e9tablissements universitaires, le minist\u00e8re de l\u2019enseignement sup\u00e9rieur a \u00e9voqu\u00e9 une \u00e9ventuelle reprise des cours et des conf\u00e9rences, pour la troisi\u00e8me semaine du mois d\u2019ao\u00fbt. \u00ab Dans tous les cas, notamment la possibilit\u00e9 de la reprise des activit\u00e9s p\u00e9dagogiques pour la troisi\u00e8me semaine du mois d\u2019ao\u00fbt 2020, l\u2019ann\u00e9e universitaire 2019\/2020 doit \u00eatre achev\u00e9e au plus tard vers la fin d\u2019octobre 2020 \u00bb, lit-on dans la note. En outre, le minist\u00e8re rappelle que \u00ab les soutenances ainsi que les m\u00e9moires de fin d\u2019\u00e9tude doivent \u00eatre programm\u00e9es au plus tard entre le mois de juin et le mois de septembre 2020 \u00bb. Les th\u00e8ses de Doctorat, \u00ab peuvent \u00eatre programm\u00e9es quand c\u2019est n\u00e9cessaire, tout en prenant en consid\u00e9ration les mesures pr\u00e9ventives et les mesures barri\u00e8res \u00bb, ajoute le minist\u00e8re. Par ailleurs, le ministre Chems Eddine Chitour, a demand\u00e9 d\u2019inciter les \u00e9tudiants \u00e0 pr\u00e9senter leurs m\u00e9moires de fin d\u2019\u00e9tudes, ainsi que les r\u00e9sum\u00e9s de leurs travaux en anglais, car il s\u2019agit d\u2019une premi\u00e8re \u00e9tape avant de g\u00e9n\u00e9raliser le processus.<\/div>\n<\/div>\n<p>Auteur: Ismain<br \/>\n<a href=\"https:\/\/www.reflexiondz.net\/ENSEIGNEMENT-SUPERIEUR-La-date-de-la-reprise-des-cours-fixee_a62784.html\">Cliquez ici pour lire l&rsquo;article depuis sa source.<\/a><\/p>\n","protected":false},"excerpt":{"rendered":"<p>Dans une note envoy\u00e9e aux Directeurs de Conf\u00e9rences R\u00e9gionales ainsi qu\u2019aux Recteurs des \u00e9tablissements universitaires, le minist\u00e8re de l\u2019enseignement sup\u00e9rieur a \u00e9voqu\u00e9 une \u00e9ventuelle reprise des cours et des conf\u00e9rences, pour la troisi\u00e8me semaine du mois d\u2019ao\u00fbt. \u00ab Dans tous les cas, notamment la possibilit\u00e9 de la reprise des activit\u00e9s p\u00e9dagogiques pour la troisi\u00e8me semaine [&hellip;]<\/p>\n","protected":false},"author":1740,"featured_media":0,"comment_status":"closed","ping_status":"closed","sticky":false,"template":"","format":"standard","meta":{"fifu_image_url":"","fifu_image_alt":"","footnotes":""},"categories":[53,76],"tags":[],"class_list":["post-85789","post","type-post","status-publish","format-standard","hentry","category-algerie","category-regions"],"_links":{"self":[{"href":"https:\/\/linitiative.ca\/International\/wp-json\/wp\/v2\/posts\/85789","targetHints":{"allow":["GET"]}}],"collection":[{"href":"https:\/\/linitiative.ca\/International\/wp-json\/wp\/v2\/posts"}],"about":[{"href":"https:\/\/linitiative.ca\/International\/wp-json\/wp\/v2\/types\/post"}],"author":[{"embeddable":true,"href":"https:\/\/linitiative.ca\/International\/wp-json\/wp\/v2\/users\/1740"}],"replies":[{"embeddable":true,"href":"https:\/\/linitiative.ca\/International\/wp-json\/wp\/v2\/comments?post=85789"}],"version-history":[{"count":0,"href":"https:\/\/linitiative.ca\/International\/wp-json\/wp\/v2\/posts\/85789\/revisions"}],"wp:attachment":[{"href":"https:\/\/linitiative.ca\/International\/wp-json\/wp\/v2\/media?parent=85789"}],"wp:term":[{"taxonomy":"category","embeddable":true,"href":"https:\/\/linitiative.ca\/International\/wp-json\/wp\/v2\/categories?post=85789"},{"taxonomy":"post_tag","embeddable":true,"href":"https:\/\/linitiative.ca\/International\/wp-json\/wp\/v2\/tags?post=85789"}],"curies":[{"name":"wp","href":"https:\/\/api.w.org\/{rel}","templated":true}]}}