{"id":85792,"date":"2020-05-17T14:48:00","date_gmt":"2020-05-17T18:48:00","guid":{"rendered":"https:\/\/linitiative.ca\/International\/lutte-contre-le-covid-19-vers-lobligation-du-port-de-masque\/"},"modified":"2020-05-17T14:48:00","modified_gmt":"2020-05-17T18:48:00","slug":"lutte-contre-le-covid-19-vers-lobligation-du-port-de-masque","status":"publish","type":"post","link":"https:\/\/linitiative.ca\/International\/lutte-contre-le-covid-19-vers-lobligation-du-port-de-masque\/","title":{"rendered":"LUTTE CONTRE LE COVID-19 : Vers l\u2019obligation  du port de masque"},"content":{"rendered":"<p><br id=\"sep_para_1\" class=\"sep_para access\"\/><\/p>\n<div id=\"para_1\" class=\"para_37017259 resize\">\n<div class=\"texte access firstletter\">En marge de sa visite dans la wilaya de S\u00e9tif, le ministre Benbouzid a\u00a0 pr\u00e9cis\u00e9 que\u00a0 \u00abDes efforts sont d\u00e9ploy\u00e9s sans rel\u00e2che pour fournir les masques chirurgicaux en quantit\u00e9 suffisante dans toutes les wilayas du pays\u00bb\u00a0 \u00ab Il y a v\u00e9ritablement un manque de masques depuis le d\u00e9but de la crise du Covid-19, mais n\u00e9anmoins ils seront bient\u00f4t disponibles en quantit\u00e9 suffisante \u00bb, a soulign\u00e9 le ministre non sans r\u00e9it\u00e9rer son appel aux citoyens \u00e0 veiller \u00e0 appliquer les gestes barri\u00e8res contre le Coronavirus. Le ministre a affirm\u00e9 que le port du masque dans la rue et dans les lieux publics demeure \u00e0 l\u2019heure actuelle, le meilleur moyen de limiter les risques de propagation du Covid-19. Le ministre de la Sant\u00e9 a \u00e9galement fait savoir que \u00ab la situation \u00e9pid\u00e9miologique est stable, qu\u2019il s\u2019agisse des nouveaux cas ou bien du nombre de d\u00e9c\u00e8s \u00bb, pr\u00e9cisant que \u00ab l\u2019augmentation du nombre de cas positifs au Covid-19 s\u2019explique par la hausse du nombre de centres de d\u00e9pistage qui s\u2019\u00e9l\u00e8ve \u00e0 26 \u00e0 travers tout le pays \u00bb. Il a par ailleurs assur\u00e9 que tout le corps m\u00e9dical \u00e9tait totalement mobilis\u00e9 pour lutter contre cette \u00e9pid\u00e9mie. Par ailleurs,\u00a0 dix-neuf (19) d\u00e9c\u00e8s dus au coronavirus ont \u00e9t\u00e9 enregistr\u00e9s parmi le personnel m\u00e9dical et param\u00e9dical depuis l\u2019apparition de cette \u00e9pid\u00e9mie en Alg\u00e9rie, a r\u00e9v\u00e9l\u00e9 le ministre de la Sant\u00e9, de la Population et de la R\u00e9forme hospitali\u00e8re, Abdarahmane Benbouzid. Le ministre, a valoris\u00e9 les efforts d\u00e9ploy\u00e9s par les blouses blanches pour faire face \u00e0 cette pand\u00e9mie. Il a, \u00e0 l\u2019occasion, relev\u00e9 l\u2019importance du respect des directives du Pr\u00e9sident de la R\u00e9publique, Abdelmadjid Tebboune, s\u2019agissant du volet de la d\u00e9mobilisation de certaines cat\u00e9gories de travailleurs, notamment les femmes enceintes, dans le cadre des mesures\u00a0 prises pour lutter contre la propagation du Coronavirus (COVID-19).<\/div>\n<\/div>\n<p>Auteur: Ismain<br \/>\n<a href=\"https:\/\/www.reflexiondz.net\/LUTTE-CONTRE-LE-COVID-19-Vers-l-obligation-du-port-de-masque_a62781.html\">Cliquez ici pour lire l&rsquo;article depuis sa source.<\/a><\/p>\n","protected":false},"excerpt":{"rendered":"<p>En marge de sa visite dans la wilaya de S\u00e9tif, le ministre Benbouzid a\u00a0 pr\u00e9cis\u00e9 que\u00a0 \u00abDes efforts sont d\u00e9ploy\u00e9s sans rel\u00e2che pour fournir les masques chirurgicaux en quantit\u00e9 suffisante dans toutes les wilayas du pays\u00bb\u00a0 \u00ab Il y a v\u00e9ritablement un manque de masques depuis le d\u00e9but de la crise du Covid-19, mais n\u00e9anmoins [&hellip;]<\/p>\n","protected":false},"author":1740,"featured_media":0,"comment_status":"closed","ping_status":"closed","sticky":false,"template":"","format":"standard","meta":{"fifu_image_url":"","fifu_image_alt":"","footnotes":""},"categories":[53,76],"tags":[],"class_list":["post-85792","post","type-post","status-publish","format-standard","hentry","category-algerie","category-regions"],"_links":{"self":[{"href":"https:\/\/linitiative.ca\/International\/wp-json\/wp\/v2\/posts\/85792","targetHints":{"allow":["GET"]}}],"collection":[{"href":"https:\/\/linitiative.ca\/International\/wp-json\/wp\/v2\/posts"}],"about":[{"href":"https:\/\/linitiative.ca\/International\/wp-json\/wp\/v2\/types\/post"}],"author":[{"embeddable":true,"href":"https:\/\/linitiative.ca\/International\/wp-json\/wp\/v2\/users\/1740"}],"replies":[{"embeddable":true,"href":"https:\/\/linitiative.ca\/International\/wp-json\/wp\/v2\/comments?post=85792"}],"version-history":[{"count":0,"href":"https:\/\/linitiative.ca\/International\/wp-json\/wp\/v2\/posts\/85792\/revisions"}],"wp:attachment":[{"href":"https:\/\/linitiative.ca\/International\/wp-json\/wp\/v2\/media?parent=85792"}],"wp:term":[{"taxonomy":"category","embeddable":true,"href":"https:\/\/linitiative.ca\/International\/wp-json\/wp\/v2\/categories?post=85792"},{"taxonomy":"post_tag","embeddable":true,"href":"https:\/\/linitiative.ca\/International\/wp-json\/wp\/v2\/tags?post=85792"}],"curies":[{"name":"wp","href":"https:\/\/api.w.org\/{rel}","templated":true}]}}