{"id":85805,"date":"2020-05-17T07:45:00","date_gmt":"2020-05-17T11:45:00","guid":{"rendered":"https:\/\/linitiative.ca\/International\/kais-saied-a-lacademie-militaire-malheureusement-certains-se-complaisent-a-vivre-dans-lignorance-photos-et-videos\/"},"modified":"2020-05-17T07:45:00","modified_gmt":"2020-05-17T11:45:00","slug":"kais-saied-a-lacademie-militaire-malheureusement-certains-se-complaisent-a-vivre-dans-lignorance-photos-et-videos","status":"publish","type":"post","link":"https:\/\/linitiative.ca\/International\/kais-saied-a-lacademie-militaire-malheureusement-certains-se-complaisent-a-vivre-dans-lignorance-photos-et-videos\/","title":{"rendered":"Kais Sa\u00efed \u00e0 l\u2019Acad\u00e9mie militaire : \u2018\u2019Malheureusement, certains se complaisent \u00e0 vivre dans l\u2019ignorance\u2019\u2019 (Photos et Vid\u00e9os)"},"content":{"rendered":"<p><span class=\"c2\"><strong>\u00ab\u00a0Malheur \u00e0 ceux qui ne comprennent pas le sens des mots\u00a0\u00bb<\/strong><\/span>, a martel\u00e9 le pr\u00e9sident de la R\u00e9publique Kais Sa\u00efed, en chef supr\u00eame des arm\u00e9es, visitant vendredi l\u2019Acad\u00e9mie militaire \u00e0 Fondouk Jedid. \u00ab\u00a0Certaines personnes pensent que partager des c\u00e9r\u00e9monies et des diners avec nos forces militaires et de s\u00e9curit\u00e9 est un pr\u00e9texte pour mettre en place des stratag\u00e8mes auxquels ils pensent, a-t-il ajout\u00e9. Car ils ont v\u00e9cu dans les illusions, les errements et les r\u00eaves et \u00e9valuent tout selon leurs propres normes, sans parler des mensonges qu\u2019ils r\u00e9pandent, de leur hypocrisie et calomnies. Ils savent que nous autres, tout comme vous, sommes attach\u00e9s \u00e0 la l\u00e9gitimit\u00e9. Notre r\u00e9f\u00e9rence est toujours la loi, avec ses imperfections et lacunes, mais la l\u00e9gislation ne peut rester fig\u00e9e et la loi ne change que par la loi.\u00a0\u00bb<\/p>\n<p class=\"c4\"><iframe loading=\"lazy\" src=\"https:\/\/www.facebook.com\/plugins\/video.php?href=https%3A%2F%2Fwww.facebook.com%2FPresidence.tn%2Fvideos%2F1076720159360348%2F&amp;show_text=0&amp;width=560\" class=\"c3\" scrolling=\"no\" allowtransparency=\"true\" allowfullscreen=\"true\" width=\"560\" height=\"315\" frameborder=\"0\">[embedded content]<\/iframe><\/p>\n<p>Martial, le pr\u00e9sident Sa\u00efed affirme\u00a0: \u00ab\u00a0<span class=\"c2\"><strong>Nous n&rsquo;avons pas \u00e9t\u00e9 et ne serons jamais les partisans du chaos, ni les adversaires de la l\u00e9galit\u00e9<\/strong><\/span>. Mais lorsque la l\u00e9galit\u00e9 ne co\u00efncide plus avec la l\u00e9gitimit\u00e9, d\u2019ailleurs ils doivent saisir les nuances entre les deux concepts. L&rsquo;exp\u00e9rience a d\u00e9montr\u00e9 le foss\u00e9 qui les s\u00e9pare. C&rsquo;est le droit de toute personne d&rsquo;exiger que les lois dans ses diff\u00e9rentes normes juridiques soient conformes \u00e0 la l\u00e9gitimit\u00e9 populaire.\u00a0\u00bb Et de conclure: <span class=\"c2\"><strong>Que dieu les gu\u00e9rissent, les menteurs et autres hypocrites et gu\u00e9rissent nos patients.<\/strong><\/span><\/p>\n<p>Poursuivant sa tourn\u00e9e dans diff\u00e9rentes unit\u00e9s militaires et s\u00e9curitaires (apr\u00e8s Kebili, lundi, les brigades d\u2019intervention mardi, etc.), le chef de l\u2019\u00c9tat s\u2019\u00e9tait en effet rendu vendredi en fin d\u2019apr\u00e8s-midi \u00e0 l\u2019Acad\u00e9mie militaire qui assurela formation de futurs officiers non-seulement de l\u2019arm\u00e9e tunisienne mais aussi, en tronc commun, de ceux des corps s\u00e9curitaires et autres. Un long chemin a \u00e9t\u00e9 parcouru depuis l&rsquo;ancien <a href=\"https:\/\/www.leaders.com.tn\/article\/27942-aux-origines-del-academie-militaire-le-camp-serviere\">camp Servier<\/a>.<\/p>\n<p class=\"c7\"><em><strong><span class=\"c6\"><span class=\"c5\">.<\/span> Leaders<\/span><\/strong> avait consacr\u00e9 dans son num\u00e9ro de septembre dernier,<\/em> <a href=\"http:\/\/%20https:\/\/www.leaders.com.tn\/article\/27941-academie-militaire-la-grande-transformation-album-photos-et-video\"><em>un dossier complet \u00e0 l\u2019Acad\u00e9mie<\/em><\/a><em>.<\/em><\/p>\n<p>D\u2019embl\u00e9e, le chef de l\u2019\u00c9tat et chef supr\u00eame des arm\u00e9es fixera le cadre de cette visite. \u2018\u2019Pour renouveler notre confiance absolue dans nos forces arm\u00e9es militaires, hommes et femmes, dit-il, ainsi que dans leurs capacit\u00e9s \u00e0 acqu\u00e9rir les connaissances et les sciences multidisciplinaires militaires et civiles et \u00e0 innover. Nous r\u00e9it\u00e9rons notre confiance envers eux pour pr\u00e9server la patrie et faire respecter la loi.\u00a0\u00bb Le message est clair.<\/p>\n<p>L&rsquo;universitaire qu&rsquo;il avait \u00e9tait ne pouvait qu&rsquo;\u00eatre ravi de se retrouver dans une prestigieuse enceinte d&rsquo;enseignement sup\u00e9rieur.\u00a0Visbilement, il ne boudait pas son plaisir tout au long de cette visite. Le pr\u00e9sident Sa\u00efed a eu en effet droit \u00e0 cette occasion aux honneurs militaire dans un c\u00e9r\u00e9monial haut en couleur. Gerbe de fleurs \u00e0 la m\u00e9moire des martyrs de la Nation, revue de d\u00e9tachements, pr\u00e9sentation des projets, adresse aux militaires, sous-officiers et sous-officiers, suivi des programmes de formation en en cours et de <a href=\"https:\/\/www.leaders.com.tn\/article\/27944-academie-militaire-fondouk-jedid-le-plan-zbidi\">l&rsquo;avancement du chantier d\u2019extension<\/a>, visite de la galerie des portraits et des photos historiques et partage d\u2019un iftar ramadanesque sous une grande tente sp\u00e9cialement am\u00e9nag\u00e9e: rien n&rsquo;a manqu\u00e9 au programme. Les photos et vid\u00e9os (certaines sont prises par drone) relay\u00e9es par les communicants de Carthage sont \u00e9loquentes.<\/p>\n<p>Le discours int\u00e9gral, traduit en fran\u00e7ais, m\u00e9rite lecture attentive.<\/p>\n<p class=\"c4\"><iframe loading=\"lazy\" src=\"https:\/\/www.facebook.com\/plugins\/video.php?href=https%3A%2F%2Fwww.facebook.com%2FPresidence.tn%2Fvideos%2F307087270678789%2F&amp;show_text=0&amp;width=560\" class=\"c3\" scrolling=\"no\" allowtransparency=\"true\" allowfullscreen=\"true\" width=\"560\" height=\"315\" frameborder=\"0\">[embedded content]<\/iframe><\/p>\n<h2>Discours<\/h2>\n<p>\u2018\u2019 C\u2019est un honneur d&rsquo;\u00eatre parmi vous aujourd&rsquo;hui dans cette institution, fleuron de la Tunisie, consid\u00e9r\u00e9e comme l&rsquo;une des fiert\u00e9s du pays et non pas uniquement des \u00e9tablissements militaires.<\/p>\n<p>Plus d&rsquo;un demi-si\u00e8cle s&rsquo;est \u00e9coul\u00e9 depuis la cr\u00e9ation de cette acad\u00e9mie, o\u00f9 des \u00e9l\u00e8ves officiers relevant de plusieurs disciplines ont \u00e9t\u00e9 gratifi\u00e9s de dipl\u00f4mes. Il ne fait aucun doute que d\u2019autres y seront form\u00e9s pour hisser haut le drapeau tunisien, fiers qu\u2019ils sont de passer le relais aux g\u00e9n\u00e9rations futures qui brandiront l\u2019\u00e9tendard national partout dans le monde.<\/p>\n<p>L&rsquo;Arm\u00e9e nationale tunisienne a \u00e9t\u00e9 cr\u00e9\u00e9e, comme chacun le sait, en 1956 au mois de juin pr\u00e9cis\u00e9ment. A \u00e0 peine dix apr\u00e8s, un d\u00e9cret portant cr\u00e9ation de cette institution a \u00e9t\u00e9 promulgu\u00e9 le 24 juin 1966. L&rsquo;inauguration aura lieu le 21 septembre 1967.\u2028<\/p>\n<p>L&rsquo;occasion se pr\u00e9sente aujourd\u2019hui pour renouveler notre confiance absolue dans nos forces arm\u00e9es militaires, hommes et femmes, ainsi que dans leurs capacit\u00e9s \u00e0 acqu\u00e9rir les connaissances et les sciences multidisciplinaires militaires et civiles et \u00e0 innover. Nous r\u00e9it\u00e9rons notre confiance envers eux pour pr\u00e9server la patrie et faire respecter la loi.<\/p>\n<p>A chaque fois qu\u2019elles ont \u00e9t\u00e9 appel\u00e9es \u00e0 intervenir, nos forces arm\u00e9es militaires ont prouv\u00e9 leurs grandes capacit\u00e9s, \u00e9tant pr\u00eates \u00e0 se sacrifier pour obtenir la victoire ou mourir en martyres.<\/p>\n<p>Nos forces militaires prot\u00e8gent nos fronti\u00e8res avec la m\u00eame volont\u00e9, force et d\u00e9termination, chaque pouce de cette ch\u00e8re patrie.<\/p>\n<p>Notre arm\u00e9e nationale ne s\u2019est pas limit\u00e9e \u00e0 s\u2019acquitter de ses missions traditionnelles, elle est intervenue pour soutenir les autorit\u00e9s civiles dans les domaines de l&rsquo;agriculture et de l&rsquo;industrie, lors des examens nationaux, ou encore tout au long de la tenue des \u00e9lections. Elle a encore pr\u00eat\u00e9 main dans la Sant\u00e9.<\/p>\n<p>R\u00e9cemment, \u00e0 travers la mise en place de l\u2019h\u00f4pital de campagne \u00e0 K\u00e9bili, en un temps record, d\u00e9passant les d\u00e9lais standards qui sont parfois relay\u00e9s par les bulletins d&rsquo;information.<\/p>\n<p>De ce fait, personne ne peut les priver de leurs droits de b\u00e9n\u00e9ficier de la protection sociale ainsi que leurs proches et de prendre soin d\u2019eux dans tous les domaines.<\/p>\n<p><span class=\"c2\"><strong>Vous avez promis,<\/strong><\/span> vous officiers, sous-officiers et militaires et vous vous \u00eates engag\u00e9s et \u00eates rest\u00e9s fid\u00e8les aux engagements que vous avez pris.<\/p>\n<p><span class=\"c2\"><strong>Vous avez promis<\/strong><\/span> d&rsquo;\u00eatre une arm\u00e9e r\u00e9publicaine, qui n\u2019agit que dans le cadre de la l\u00e9gitimit\u00e9 et pour le maintien et le respect de la loi.<br \/>Vous avez combattu, vous \u00e9tiez et \u00eates toujours les soldats les plus courageux, les plus vaillants. Vous avez secouru et contribu\u00e9 au d\u00e9veloppement, et vous avez toujours \u00e9t\u00e9 au premier plan pour appuyer les forces de l\u2019ordre.<\/p>\n<p><span class=\"c2\"><strong>Vous \u00eates le bouclier<\/strong><\/span> qui ne tombe jamais et l&rsquo;\u00e9p\u00e9e une fois tir\u00e9e qui ne rentre plus dans son fourreau.<\/p>\n<p><span class=\"c5\"><em>Officiers, sous-officiers, hommes et femmes de l&rsquo;arm\u00e9e,\u2028<\/em><\/span><\/p>\n<p><span class=\"c6\"><strong>Malheur \u00e0 ceux qui ne comprennent pas le sens des mots.<\/strong><\/span><\/p>\n<p>Certaines personnes pensent que partager des c\u00e9r\u00e9monies et des diners avec nos forces militaires et de s\u00e9curit\u00e9 est un pr\u00e9texte pour mettre en place des stratag\u00e8mes auxquels ils pensent. Car ils ont v\u00e9cu dans les illusions, les errements et les r\u00eaves et \u00e9valuent tout selon leurs propres normes, sans parler des mensonges qu\u2019ils r\u00e9pandent, de leur hypocrisie et calomnies.<\/p>\n<p>Ils savent que nous autres, tout comme vous, sommes attach\u00e9s \u00e0 la l\u00e9gitimit\u00e9. Notre r\u00e9f\u00e9rence est toujours la loi, avec ses imperfections et lacunes, mais <span class=\"c2\"><strong>la l\u00e9gislation ne peut rester fig\u00e9e et la loi ne change que par la loi.<\/strong><\/span><\/p>\n<p><span class=\"c2\"><strong>Nous n&rsquo;avons pas \u00e9t\u00e9 et ne serons jamais les partisans du chaos, ni les adversaires de la l\u00e9galit\u00e9.<\/strong><\/span><\/p>\n<p><span class=\"c2\"><strong>Mais lorsque la l\u00e9galit\u00e9 ne co\u00efncide plus avec la l\u00e9gitimit\u00e9,<\/strong><\/span> d\u2019ailleurs ils doivent saisir les nuances entre les deux concepts. L&rsquo;exp\u00e9rience a d\u00e9montr\u00e9 le foss\u00e9 qui les s\u00e9pare. C&rsquo;est le droit de toute personne d&rsquo;exiger que les lois dans ses diff\u00e9rentes normes juridiques soient conformes \u00e0 la l\u00e9gitimit\u00e9 populaire.<\/p>\n<p>Et quand il a \u00e9t\u00e9 question ces derniers jours de la possibilit\u00e9 de retirer la confiance d\u2019un d\u00e9put\u00e9 qui ne r\u00e9pond plus aux attentes de ses \u00e9lecteurs, certains ont pens\u00e9 peut-\u00eatre par ignorance et peut-\u00eatre par mauvaise foi, \u00e0 un coup d&rsquo;\u00c9tat, un sit-in, ou \u00e0 un d\u00e9part.<\/p>\n<p><span class=\"c2\"><strong>Qu\u2019ils r\u00e9visent, s\u2019ils le souhaitent, l\u2019\u00e9ventualit\u00e9 de retirer la confiance dans les textes du droit constitutionnel,<\/strong><\/span> ou dans le droit compar\u00e9. Ou encore, \u00e0 travers l\u2019article 109 du code \u00e9lectoral, qui stipulait que chaque membre de l&rsquo;Assembl\u00e9e nationale, \u00e0 ce moment-l\u00e0 ne b\u00e9n\u00e9ficiant plus de la confiance, pour quelque raison que ce soit du parti ou de l&rsquo;organisation qui avait recommand\u00e9 sa candidature, en cons\u00e9quence son mandat prend fin.<\/p>\n<p>Ce texte, qui a \u00e9t\u00e9 r\u00e9dig\u00e9 deux fois et abrog\u00e9 deux fois, dont la derni\u00e8re en septembre 1981, \u00e9tait en violation de la Constitution de l&rsquo;\u00e9poque, et ce, selon tous les sp\u00e9cialistes libres et comp\u00e9tents. <span class=\"c2\"><strong>Le d\u00e9put\u00e9 est-il l\u2019\u00e9lu de ses \u00e9lecteurs ou bien de celui qui l\u2019a plac\u00e9 dans la liste des candidats\u00a0?<\/strong><\/span><\/p>\n<p><span class=\"c2\"><strong>La l\u00e9galit\u00e9 ne sera une manifestation compl\u00e8te de la l\u00e9gitimit\u00e9<\/strong><\/span>, sauf si elle exprime la volont\u00e9 du souverain, la volont\u00e9 de la majorit\u00e9 du peuple qui a revendiqu\u00e9 en d\u00e9cembre 2010 et janvier 2011, la justice, la libert\u00e9 et la dignit\u00e9.<\/p>\n<p><span class=\"c2\"><strong>Malheureusement, certains se complaisent \u00e0 vivre dans l\u2019ignorance.<\/strong><\/span><\/p>\n<p>Il est peut-\u00eatre utile, alors que nous sommes dans les dix derniers jours du mois sacr\u00e9 de Ramadan, de souligner que Dieu Tout-Puissant n&rsquo;a pas mentionn\u00e9 dans le texte la maladie, \u00e0 moins que la question ne soit li\u00e9e \u00e0 ceux qui ont la maladie dans leur c\u0153ur. <span class=\"c2\"><strong>Que dieu les gu\u00e9rissent, les menteurs et autres hypocrites et gu\u00e9rissent nos patients.<\/strong><\/span><\/p>\n<p>Dieu Tout-Puissant que nos forces militaires et de s\u00e9curit\u00e9 soient r\u00e9tablies de toutes les maladies, c\u2019est notre rempart et notre \u00e9p\u00e9e toujours d\u00e9gain\u00e9e.\u2019\u2019<\/p>\n<p>Auteur:<br \/>\n<a href=\"https:\/\/www.leaders.com.tn\/article\/29948-kais-saied-a-l-academie-militaire-malheureusement-certains-se-complaisent-a-vivre-dans-l-ignorance\">Cliquez ici pour lire l&rsquo;article depuis sa source.<\/a><\/p>\n","protected":false},"excerpt":{"rendered":"<p>\u00ab\u00a0Malheur \u00e0 ceux qui ne comprennent pas le sens des mots\u00a0\u00bb, a martel\u00e9 le pr\u00e9sident de la R\u00e9publique Kais Sa\u00efed, en chef supr\u00eame des arm\u00e9es, visitant vendredi l\u2019Acad\u00e9mie militaire \u00e0 Fondouk Jedid. \u00ab\u00a0Certaines personnes pensent que partager des c\u00e9r\u00e9monies et des diners avec nos forces militaires et de s\u00e9curit\u00e9 est un pr\u00e9texte pour mettre en [&hellip;]<\/p>\n","protected":false},"author":1772,"featured_media":0,"comment_status":"closed","ping_status":"closed","sticky":false,"template":"","format":"standard","meta":{"fifu_image_url":"","fifu_image_alt":"","footnotes":""},"categories":[73,55],"tags":[],"class_list":["post-85805","post","type-post","status-publish","format-standard","hentry","category-actualite","category-tunisie"],"_links":{"self":[{"href":"https:\/\/linitiative.ca\/International\/wp-json\/wp\/v2\/posts\/85805","targetHints":{"allow":["GET"]}}],"collection":[{"href":"https:\/\/linitiative.ca\/International\/wp-json\/wp\/v2\/posts"}],"about":[{"href":"https:\/\/linitiative.ca\/International\/wp-json\/wp\/v2\/types\/post"}],"author":[{"embeddable":true,"href":"https:\/\/linitiative.ca\/International\/wp-json\/wp\/v2\/users\/1772"}],"replies":[{"embeddable":true,"href":"https:\/\/linitiative.ca\/International\/wp-json\/wp\/v2\/comments?post=85805"}],"version-history":[{"count":0,"href":"https:\/\/linitiative.ca\/International\/wp-json\/wp\/v2\/posts\/85805\/revisions"}],"wp:attachment":[{"href":"https:\/\/linitiative.ca\/International\/wp-json\/wp\/v2\/media?parent=85805"}],"wp:term":[{"taxonomy":"category","embeddable":true,"href":"https:\/\/linitiative.ca\/International\/wp-json\/wp\/v2\/categories?post=85805"},{"taxonomy":"post_tag","embeddable":true,"href":"https:\/\/linitiative.ca\/International\/wp-json\/wp\/v2\/tags?post=85805"}],"curies":[{"name":"wp","href":"https:\/\/api.w.org\/{rel}","templated":true}]}}