{"id":85811,"date":"2020-05-17T10:31:09","date_gmt":"2020-05-17T14:31:09","guid":{"rendered":"https:\/\/linitiative.ca\/International\/quelles-reformes-fiscales-urgentes-apres-la-crise\/"},"modified":"2020-05-17T10:31:09","modified_gmt":"2020-05-17T14:31:09","slug":"quelles-reformes-fiscales-urgentes-apres-la-crise","status":"publish","type":"post","link":"https:\/\/linitiative.ca\/International\/quelles-reformes-fiscales-urgentes-apres-la-crise\/","title":{"rendered":"Quelles r\u00e9formes fiscales urgentes apr\u00e8s la crise ?"},"content":{"rendered":"<p><strong>La mise en place du Fonds sp\u00e9cial anti-Covid19 a \u00e9t\u00e9 une mesure exceptionnelle, momentan\u00e9ment pertinente, dict\u00e9e par l\u2019urgence. C\u2019est aussi une exp\u00e9rience \u00e0 capitaliser, voire \u00e0 d\u00e9velopper pour que l\u2019Etat puisse faire face aux risques post-crise de croissance de la pr\u00e9carit\u00e9 et d\u2019aggravation de la pauvret\u00e9. A cet \u00e9gard, l\u2019imp\u00f4t est actuellement une piste qui m\u00e9rite d\u2019\u00eatre prospect\u00e9e.<\/strong><\/p>\n<div class=\"c10\"\/>\n<p>Depuis au moins deux d\u00e9cennies, les pouvoirs publics ont officiellement d\u00e9clar\u00e9 la guerre \u00e0 la pauvret\u00e9 dans ses manifestations les plus criantes : d\u00e9ficit en habitat salubre, en raccordement \u00e0 l\u2019eau potable et en \u00e9lectrification, aussi bien dans les villes que dans le monde rural o\u00f9 des r\u00e9gions toutes enti\u00e8res sont rest\u00e9es quasi-totalement enclav\u00e9es. Les r\u00e9alisations et acquis en termes de r\u00e9duction de la pauvret\u00e9 absolue ont cependant \u00e9t\u00e9 fragilis\u00e9es par les politiques publiques suivies au cours des dix derni\u00e8res ann\u00e9es et qui ont eu pour principale cons\u00e9quence, la baisse relative du pouvoir d\u2019achat d\u2019une bonne partie de la classe moyenne, baisse inh\u00e9rente \u00e0 la stagnation des salaires, \u00e0 la d\u00e9compensation des prix des produits p\u00e9troliers et \u00e0 la privatisation des services publics fondamentaux que sont en particulier, la sant\u00e9 et l\u2019enseignement.<\/p>\n<p>Pendant ce temps, les filets sociaux sont demeur\u00e9s faibles. Le taux effectif de protection m\u00e9dico-sociale de la population n\u2019a gu\u00e8re atteint un seuil permettant d\u2019att\u00e9nuer le choc des r\u00e9formes entreprises, en fait prolongement et reconduction des r\u00e9formes men\u00e9es depuis le milieu des ann\u00e9es 1980, sous le plan d\u2019ajustement structurel (PAS). Le volet relatif \u00e0 la politique fiscale n\u2019a pas r\u00e9ellement accompagn\u00e9 cette \u00e9volution. L\u2019imp\u00f4t est demeur\u00e9 victime de calculs politiciens \u00e9troits pour r\u00e9pondre \u00e0 des int\u00e9r\u00eats bien particuliers. Les trois Assises nationale sur la fiscalit\u00e9 (ANF) n\u2019ont gu\u00e8re pu \u00e9branler cette logique, expression des r\u00e9sistances d\u2019acteurs enrichis par l\u2019\u00e9conomie de rente. C\u2019est d\u2019ailleurs ce qu\u2019a soulign\u00e9 tr\u00e8s explicitement le Conseil Economique, Social et Environnemental (CESE) dans son avis exprim\u00e9 suite \u00e0 l\u2019autosaisine n\u00b0 39-2019, conform\u00e9ment \u00e0 l\u2019article 6 de la loi organique n\u00b0 128-12, relative \u00e0 son organisation et \u00e0 ses attributions. \u00abLes limites du syst\u00e8me (fiscal) actuel \u00bb mettent en \u00e9vidence \u00abdes contraintes transversales et institutionnelles caract\u00e9ris\u00e9es par des carences structurelles, \u00e0 savoir : la pr\u00e9dominance de l\u2019\u00e9conomie de rente et le recours fr\u00e9quent \u00e0 des avantages et privil\u00e8ges pour le d\u00e9veloppement d\u2019activit\u00e9s \u00e9conomiques, favorisant l\u2019inefficience, la faible valeur ajout\u00e9e et contribuant \u00e0 la persistance des in\u00e9galit\u00e9s sociales et territoriales \u00bb. Le constat du CESE confirme les principales conclusions du rapport d\u2019Oxfam, \u00e9tabli en 2019, d\u00e9montrant le lien \u00e9troit entre le syst\u00e8me fiscal actuel et la reproduction, voire l\u2019aggravation des in\u00e9galit\u00e9s sociales et donc de la pauvret\u00e9.<\/p>\n<p>Lire aussi : <a href=\"https:\/\/www.challenge.ma\/coronavirus-indemnite-les-precisions-de-la-dgi-138232\/\" target=\"_blank\" rel=\"noreferrer noopener\" aria-label=\" (s&#x2019;ouvre dans un nouvel onglet)\">Coronavirus\/indemnit\u00e9 : les pr\u00e9cisions de la DGI<\/a><\/p>\n<p>Si le taux annuel moyen de la pression fiscale tourne autour de 22% (non compris la fiscalit\u00e9 locale et les taxes parafiscales), il n\u2019en reste pas moins que l\u2019imp\u00f4t est in\u00e9galement r\u00e9parti au sein de la collectivit\u00e9.<\/p>\n<p><strong>Un syst\u00e8me fiscal non conforme \u00e0 la lettre et \u00e0 l\u2019esprit de la loi supr\u00eame de la nation<\/strong><\/p>\n<p>En effet, \u00e0 titre d\u2019exemple, s\u2019agissant de la r\u00e9partition de l\u2019IS par rapport au nombre d\u2019entreprises, la contribution \u00e0 hauteur de 50% est assur\u00e9e par 73 entreprises, soit \u00e0 peine 0,06% des entreprises d\u00e9clarantes. 6,12% des entreprises contribuent \u00e0 95% de l\u2019IS global.<\/p>\n<p>L\u2019espoir \u00e9tait de voir le gouvernement saisir l\u2019occasion au lendemain des 3\u00e8mes ANF pour entamer des r\u00e9formes fiscales qui s\u2019av\u00e8rent aujourd\u2019hui incontournables. La forte mobilisation des acteurs \u00e9conomiques, des professionnels de la comptabilit\u00e9 et de l\u2019imp\u00f4t, et m\u00eame la soci\u00e9t\u00e9 civile, a cr\u00e9\u00e9 un contexte tr\u00e8s favorable aux r\u00e9formes.<\/p>\n<p>Aujourd\u2019hui, la \u00ablocomotive Benmoussa\u00bb, mise en place par le Souverain, et la crise sanitaire et socio\u00e9conomique g\u00e9n\u00e9r\u00e9e par le Covid19, en fait facteur d\u2019aggravation d\u2019une crise structurelle, imposent in\u00e9luctablement une prise de d\u00e9cision politique responsable, favorable \u00e0 des r\u00e9formes fiscales profondes.<\/p>\n<div class=\"c17\">\n<fieldset class=\"c16\">\n<legend><strong><span class=\"c11\">Challenge<\/span><span class=\"c12\">news<\/span><\/strong><\/legend>\n<div class=\"c15\">Le meilleur de Challenge s\u00e9lectionn\u00e9 par la r\u00e9daction :<\/p>\n<\/div>\n<\/fieldset>\n<\/div>\n<p>Auteur: Mohamed Amine<br \/>\n<a href=\"https:\/\/www.challenge.ma\/quelles-reformes-fiscales-urgentes-apres-la-crise-140564\/\">Cliquez ici pour lire l&rsquo;article depuis sa source.<\/a><\/p>\n","protected":false},"excerpt":{"rendered":"<p>La mise en place du Fonds sp\u00e9cial anti-Covid19 a \u00e9t\u00e9 une mesure exceptionnelle, momentan\u00e9ment pertinente, dict\u00e9e par l\u2019urgence. C\u2019est aussi une exp\u00e9rience \u00e0 capitaliser, voire \u00e0 d\u00e9velopper pour que l\u2019Etat puisse faire face aux risques post-crise de croissance de la pr\u00e9carit\u00e9 et d\u2019aggravation de la pauvret\u00e9. A cet \u00e9gard, l\u2019imp\u00f4t est actuellement une piste qui [&hellip;]<\/p>\n","protected":false},"author":1787,"featured_media":0,"comment_status":"closed","ping_status":"closed","sticky":false,"template":"","format":"standard","meta":{"fifu_image_url":"","fifu_image_alt":"","footnotes":""},"categories":[78,54],"tags":[],"class_list":["post-85811","post","type-post","status-publish","format-standard","hentry","category-economie","category-maroc"],"_links":{"self":[{"href":"https:\/\/linitiative.ca\/International\/wp-json\/wp\/v2\/posts\/85811","targetHints":{"allow":["GET"]}}],"collection":[{"href":"https:\/\/linitiative.ca\/International\/wp-json\/wp\/v2\/posts"}],"about":[{"href":"https:\/\/linitiative.ca\/International\/wp-json\/wp\/v2\/types\/post"}],"author":[{"embeddable":true,"href":"https:\/\/linitiative.ca\/International\/wp-json\/wp\/v2\/users\/1787"}],"replies":[{"embeddable":true,"href":"https:\/\/linitiative.ca\/International\/wp-json\/wp\/v2\/comments?post=85811"}],"version-history":[{"count":0,"href":"https:\/\/linitiative.ca\/International\/wp-json\/wp\/v2\/posts\/85811\/revisions"}],"wp:attachment":[{"href":"https:\/\/linitiative.ca\/International\/wp-json\/wp\/v2\/media?parent=85811"}],"wp:term":[{"taxonomy":"category","embeddable":true,"href":"https:\/\/linitiative.ca\/International\/wp-json\/wp\/v2\/categories?post=85811"},{"taxonomy":"post_tag","embeddable":true,"href":"https:\/\/linitiative.ca\/International\/wp-json\/wp\/v2\/tags?post=85811"}],"curies":[{"name":"wp","href":"https:\/\/api.w.org\/{rel}","templated":true}]}}