{"id":85812,"date":"2020-05-17T10:47:25","date_gmt":"2020-05-17T14:47:25","guid":{"rendered":"https:\/\/linitiative.ca\/International\/coronavirus-le-maroc-envisage-t-il-une-prolongation-du-confinement\/"},"modified":"2020-05-17T10:47:25","modified_gmt":"2020-05-17T14:47:25","slug":"coronavirus-le-maroc-envisage-t-il-une-prolongation-du-confinement","status":"publish","type":"post","link":"https:\/\/linitiative.ca\/International\/coronavirus-le-maroc-envisage-t-il-une-prolongation-du-confinement\/","title":{"rendered":"Coronavirus: le Maroc envisage-t-il une prolongation du  confinement ?"},"content":{"rendered":"<p>Selon une source proche du Chef du gouvernement Sa\u00e2deddine El Otmani, ce dernier annoncera lundi au parlement, la prolongation de l\u2019\u00e9tat d\u2019urgence sanitaire. Lors de la r\u00e9union du secr\u00e9tariat g\u00e9n\u00e9ral du PJD tenue hier, le chef de l\u2019ex\u00e9cutif a confirm\u00e9 la prolongation. Le360 poursuit en pr\u00e9cisant que les ministres de l\u2019Int\u00e9rieur et de la Sant\u00e9, Abdelouafi Laftit et Khaled Ait Taleb, sont \u00ab hostiles \u00e0 un d\u00e9confinement pr\u00e9coce \u00bb .<\/p>\n<div class=\"c10\"\/>\n<p>Lire aussi : <a href=\"https:\/\/www.challenge.ma\/le-maroc-sera-le-dernier-pays-au-monde-a-lever-le-confinement-generalise-140028\/\" target=\"_blank\" rel=\"noreferrer noopener\" aria-label=\" (s&#x2019;ouvre dans un nouvel onglet)\">Le Maroc sera le dernier pays au monde \u00e0 lever le confinement g\u00e9n\u00e9ralis\u00e9<\/a><\/p>\n<p>\u00abEn d\u00e9cidant d\u2019instaurer une nouvelle \u00e9tape du confinement, le gouvernement veut \u00e9viter l\u2019apparition d\u2019autres foyers de contamination au Covid-19 qui peuvent surgir notamment \u00e0 l\u2019occasion des f\u00eates de l\u2019A\u00efd el Fitr \u00bb, explique une source proche de ce dossier au site d\u2019information. Cette prolongation sera la deuxi\u00e8me depuis l\u2019instauration de l\u2019\u00e9tat d\u2019urgence sanitaire le 20 mars dernier.<\/p>\n<div class=\"c17\">\n<fieldset class=\"c16\">\n<legend><strong><span class=\"c11\">Challenge<\/span><span class=\"c12\">news<\/span><\/strong><\/legend>\n<div class=\"c15\">Le meilleur de Challenge s\u00e9lectionn\u00e9 par la r\u00e9daction :<\/p>\n<\/div>\n<\/fieldset>\n<\/div>\n<p>Auteur: Karim Handaoui<br \/>\n<a href=\"https:\/\/www.challenge.ma\/confinement-maroc-nouvelle-prolongation-140615\/\">Cliquez ici pour lire l&rsquo;article depuis sa source.<\/a><\/p>\n","protected":false},"excerpt":{"rendered":"<p>Selon une source proche du Chef du gouvernement Sa\u00e2deddine El Otmani, ce dernier annoncera lundi au parlement, la prolongation de l\u2019\u00e9tat d\u2019urgence sanitaire. Lors de la r\u00e9union du secr\u00e9tariat g\u00e9n\u00e9ral du PJD tenue hier, le chef de l\u2019ex\u00e9cutif a confirm\u00e9 la prolongation. Le360 poursuit en pr\u00e9cisant que les ministres de l\u2019Int\u00e9rieur et de la Sant\u00e9, [&hellip;]<\/p>\n","protected":false},"author":1787,"featured_media":0,"comment_status":"closed","ping_status":"closed","sticky":false,"template":"","format":"standard","meta":{"fifu_image_url":"","fifu_image_alt":"","footnotes":""},"categories":[78,54],"tags":[],"class_list":["post-85812","post","type-post","status-publish","format-standard","hentry","category-economie","category-maroc"],"_links":{"self":[{"href":"https:\/\/linitiative.ca\/International\/wp-json\/wp\/v2\/posts\/85812","targetHints":{"allow":["GET"]}}],"collection":[{"href":"https:\/\/linitiative.ca\/International\/wp-json\/wp\/v2\/posts"}],"about":[{"href":"https:\/\/linitiative.ca\/International\/wp-json\/wp\/v2\/types\/post"}],"author":[{"embeddable":true,"href":"https:\/\/linitiative.ca\/International\/wp-json\/wp\/v2\/users\/1787"}],"replies":[{"embeddable":true,"href":"https:\/\/linitiative.ca\/International\/wp-json\/wp\/v2\/comments?post=85812"}],"version-history":[{"count":0,"href":"https:\/\/linitiative.ca\/International\/wp-json\/wp\/v2\/posts\/85812\/revisions"}],"wp:attachment":[{"href":"https:\/\/linitiative.ca\/International\/wp-json\/wp\/v2\/media?parent=85812"}],"wp:term":[{"taxonomy":"category","embeddable":true,"href":"https:\/\/linitiative.ca\/International\/wp-json\/wp\/v2\/categories?post=85812"},{"taxonomy":"post_tag","embeddable":true,"href":"https:\/\/linitiative.ca\/International\/wp-json\/wp\/v2\/tags?post=85812"}],"curies":[{"name":"wp","href":"https:\/\/api.w.org\/{rel}","templated":true}]}}