{"id":85813,"date":"2020-05-17T11:00:46","date_gmt":"2020-05-17T15:00:46","guid":{"rendered":"https:\/\/linitiative.ca\/International\/fdar-ma-veut-digitaliser-les-boutiques-des-commercants\/"},"modified":"2020-05-17T11:00:46","modified_gmt":"2020-05-17T15:00:46","slug":"fdar-ma-veut-digitaliser-les-boutiques-des-commercants","status":"publish","type":"post","link":"https:\/\/linitiative.ca\/International\/fdar-ma-veut-digitaliser-les-boutiques-des-commercants\/","title":{"rendered":"Fdar.ma veut digitaliser les boutiques des commer\u00e7ants"},"content":{"rendered":"<p><strong>La pand\u00e9mie du Coronavirus, qui s\u2019est propag\u00e9e \u00e0 travers le monde, a engendr\u00e9 une crise \u00e9conomique sans pr\u00e9c\u00e9dent en poussant nombre de commer\u00e7ants \u00e0 mettre un terme \u00e0 leurs activit\u00e9s. Pour leur venir en aide, la communaut\u00e9 Ecommerce4all initiative a lanc\u00e9 fdar.ma, une plateforme permettant aux commer\u00e7ants de digitaliser leurs boutiques et de continuer leurs activit\u00e9s en ligne en cette p\u00e9riode de confinement.<\/strong><\/p>\n<div class=\"c10\"\/>\n<p><strong>Le concept initial<\/strong><\/p>\n<p>FDAR.MA est une plateforme e-commerce solidaire \u00e0 but non lucratif. La cr\u00e9ation est venue \u00e0 l\u2019initiative du collectif ECOMMERCE4ALL. Ce collectif comporte une communaut\u00e9 de d\u00e9veloppeurs, marketeurs, digital marketeurs, experts en relations publiques et relations presse et designers.<br \/>La plateforme vient \u00e0 la rescousse des petits commer\u00e7ants impact\u00e9s par le couvre feu sanitaire d\u00fb \u00e0 la pand\u00e9mie globale du SARS COV 2 (COVID19), afin de leur cr\u00e9er une pr\u00e9sence en ligne et un magasin virtuel et les convertir au digital.<\/p>\n<p><strong>Le business model<\/strong><br \/><strong><br \/><\/strong> \u00abNous n\u2019avons pas d\u00e9fini \u00e0 ce stade un business model, vu que le projet a une seule et unique vocation, sa gratuit\u00e9\u00bb. La r\u00e9ussite du projet pour la startup se r\u00e9sumerait \u00e0 l\u2019exploitation du potentiel de la vente en ligne de mani\u00e8re concr\u00e8te pour les auto-entrepreneurs, TPE et PME qui prennent part \u00e0 cette aventure.<\/p>\n<p><strong>La cible<\/strong><br \/>La plateforme cible principalement les petits commerces, mais pas qu\u2019eux. Les coop\u00e9ratives, auto-entrepreneurs et m\u00eame des S.A.R.L peuvent b\u00e9n\u00e9ficier de cette plateforme solidaire.<br \/>FDAR.MA a pour objectif d\u2019aider les commer\u00e7ants \u00e0 maintenir leurs activit\u00e9s gagne-pain, mais aussi d\u2019encourager les Marocains \u00e0 rester chez eux. En achetant les produits fdar.ma, les consommateurs aident \u00e9galement des familles \u00e0 subvenir \u00e0 leurs besoins lors de cette p\u00e9riode de confinement. \u00abNous avons \u00e9galement une forte volont\u00e9 de p\u00e9renniser le projet et d\u2019assurer la continuit\u00e9 de la plateforme et ouvrir d\u2019autres perspectives aux commer\u00e7ants.\u00bb<\/p>\n<p><strong>La diff\u00e9renciation<br \/><\/strong><br \/>\u00abNotre aspect non lucratif, solidaire et b\u00e9n\u00e9vole, pour ne citer que cela. Nous offrons une assistance personnalis\u00e9e \u00e0 la cr\u00e9ation des boutiques en ligne, des tutoriels vid\u00e9o, puis un follow up via WhatsApp, mailing et m\u00eame appel t\u00e9l\u00e9phonique quand il le faut.\u00bb<br \/>La plateforme offre tout ce dont le commer\u00e7ant a besoin en termes techniques. Un autre aspect de diff\u00e9renciation, est la promotion en ligne que la startup g\u00e8re pour mettre en avant les boutiques des commer\u00e7ants afin de r\u00e9aliser des ventes et des conversions en ligne. La startup a \u00e9galement une \u00e9quipe pluridisciplinaire d\u2019experts qui mettent \u00e0 disposition des commer\u00e7ants leurs comp\u00e9tences dans le domaine.<\/p>\n<p><strong>Le march\u00e9 potentiel<br \/><\/strong><br \/>La startup cible les petits commer\u00e7ants de divers secteurs d\u2019activit\u00e9 qui ont besoin d\u2019une digitalisation pour continuer \u00e0 maintenir un minimum de revenus en ces temps de crise. Toutefois, l\u2019\u00e9quipe a \u00e9galement la volont\u00e9 d\u2019assurer une continuit\u00e9 de la plateforme m\u00eame apr\u00e8s la fin de la crise sanitaire, en raison des habitudes du consommateur marocain qui sont en train de changer de mani\u00e8re radicale.<\/p>\n<p><strong>Le lancement<br \/><\/strong><br \/>Depuis le lancement, nous avons plus de 500 inscrits sur la plateforme jusqu\u2019au d\u00e9but du mois de mai, donc 500 potentiels commer\u00e7ants qui vont exercer sur FDAR.MA.<\/p>\n<p>\u00abNous avons bien s\u00fbr, un process de validation des demandes par rapport \u00e0 des crit\u00e8res d\u2019\u00e9ligibilit\u00e9 tel que le secteur d\u2019activit\u00e9, les produits vendus et un cadre d\u2019exercice formel.\u00bb<\/p>\n<p><strong>Le financement<br \/><\/strong><br \/>\u00abDes financements, dit comme \u00e7a non. Nous avons \u00e9t\u00e9 approch\u00e9s par plusieurs acteurs de la sc\u00e8ne e-commerce nationale en vue de facilitation d\u2019acc\u00e8s \u00e0 leurs services ou de partenariats pour d\u00e9velopper l\u2019offre FDAR.MA. Nous voulons garder l\u2019aspect non lucratif des services offerts et arrivons \u00e0 autofinancer les charges li\u00e9es \u00e0 l\u2019exploitation de la plateforme pour le moment. Nous pourrons par la suite nouer des partenariats avec des structures RSE ou autres dans le but d\u2019am\u00e9liorer la plateforme, proposer de nouveaux services et pourquoi pas, l\u2019ouvrir \u00e0 l\u2019international.\u00bb<\/p>\n<p><strong>L\u2019actualit\u00e9<br \/><\/strong><br \/>Un premier annuaire des boutiques ouvertes et en activit\u00e9 est en cours de finalisation. Cet annuaire (https:\/\/fdar.ma\/fr\/boutiques\/) sera la porte d\u2019entr\u00e9e vers toutes les boutiques cr\u00e9\u00e9es sur Fdar.ma et permettra de mettre en avant les boutiques en fonction des produits qu\u2019elles proposent.<\/p>\n<p><strong>Contact :<\/strong><br \/><strong>Site web :<\/strong> www.fdar.ma<br \/><strong>E-mail :<\/strong> <a href=\"\/cdn-cgi\/l\/email-protection\" class=\"__cf_email__\" data-cfemail=\"e088858c8c8fa086848192ce8d81\">[email\u00a0protected]<\/a><\/p>\n<div class=\"c17\">\n<fieldset class=\"c16\">\n<legend><strong><span class=\"c11\">Challenge<\/span><span class=\"c12\">news<\/span><\/strong><\/legend>\n<div class=\"c15\">Le meilleur de Challenge s\u00e9lectionn\u00e9 par la r\u00e9daction :<\/p>\n<\/div>\n<\/fieldset>\n<\/div>\n<p>Auteur: Hajar DARI<br \/>\n<a href=\"https:\/\/www.challenge.ma\/fdar-ma-veut-digitaliser-les-boutiques-des-commercants-140614\/\">Cliquez ici pour lire l&rsquo;article depuis sa source.<\/a><\/p>\n","protected":false},"excerpt":{"rendered":"<p>La pand\u00e9mie du Coronavirus, qui s\u2019est propag\u00e9e \u00e0 travers le monde, a engendr\u00e9 une crise \u00e9conomique sans pr\u00e9c\u00e9dent en poussant nombre de commer\u00e7ants \u00e0 mettre un terme \u00e0 leurs activit\u00e9s. Pour leur venir en aide, la communaut\u00e9 Ecommerce4all initiative a lanc\u00e9 fdar.ma, une plateforme permettant aux commer\u00e7ants de digitaliser leurs boutiques et de continuer leurs [&hellip;]<\/p>\n","protected":false},"author":1787,"featured_media":0,"comment_status":"closed","ping_status":"closed","sticky":false,"template":"","format":"standard","meta":{"fifu_image_url":"","fifu_image_alt":"","footnotes":""},"categories":[78,54],"tags":[],"class_list":["post-85813","post","type-post","status-publish","format-standard","hentry","category-economie","category-maroc"],"_links":{"self":[{"href":"https:\/\/linitiative.ca\/International\/wp-json\/wp\/v2\/posts\/85813","targetHints":{"allow":["GET"]}}],"collection":[{"href":"https:\/\/linitiative.ca\/International\/wp-json\/wp\/v2\/posts"}],"about":[{"href":"https:\/\/linitiative.ca\/International\/wp-json\/wp\/v2\/types\/post"}],"author":[{"embeddable":true,"href":"https:\/\/linitiative.ca\/International\/wp-json\/wp\/v2\/users\/1787"}],"replies":[{"embeddable":true,"href":"https:\/\/linitiative.ca\/International\/wp-json\/wp\/v2\/comments?post=85813"}],"version-history":[{"count":0,"href":"https:\/\/linitiative.ca\/International\/wp-json\/wp\/v2\/posts\/85813\/revisions"}],"wp:attachment":[{"href":"https:\/\/linitiative.ca\/International\/wp-json\/wp\/v2\/media?parent=85813"}],"wp:term":[{"taxonomy":"category","embeddable":true,"href":"https:\/\/linitiative.ca\/International\/wp-json\/wp\/v2\/categories?post=85813"},{"taxonomy":"post_tag","embeddable":true,"href":"https:\/\/linitiative.ca\/International\/wp-json\/wp\/v2\/tags?post=85813"}],"curies":[{"name":"wp","href":"https:\/\/api.w.org\/{rel}","templated":true}]}}