{"id":85853,"date":"2020-05-18T13:03:12","date_gmt":"2020-05-18T17:03:12","guid":{"rendered":"https:\/\/linitiative.ca\/International\/deuxieme-consultation-internationale-sur-le-statut-de-lartiste-en-temps-de-crises\/"},"modified":"2020-05-18T13:03:12","modified_gmt":"2020-05-18T17:03:12","slug":"deuxieme-consultation-internationale-sur-le-statut-de-lartiste-en-temps-de-crises","status":"publish","type":"post","link":"https:\/\/linitiative.ca\/International\/deuxieme-consultation-internationale-sur-le-statut-de-lartiste-en-temps-de-crises\/","title":{"rendered":"Deuxi\u00e8me consultation internationale sur le statut de l&rsquo;artiste en temps de crises"},"content":{"rendered":"<div readability=\"38\">\n<p><strong>ALGER &#8211; Le Secr\u00e9tariat d&rsquo;Etat charg\u00e9 de la production culturelle a organis\u00e9, samedi en visioconf\u00e9rence, une deuxi\u00e8me consultation internationale multilat\u00e9rale sur le statut de l&rsquo;artiste en temps de crise (Covid-19), dans le cadre des pr\u00e9paratifs de l&rsquo;Atelier consacr\u00e9 au projet de loi sur le statut de l&rsquo;artiste.<\/strong><\/p>\n<\/div>\n<div readability=\"97.07110417258\">\n<p>Organis\u00e9e en collaboration avec le mouvement culturel mondial de l&rsquo;Unesco \u00ab\u00a0ResiliArt, cette consultation, supervis\u00e9e par le Secr\u00e9taire d&rsquo;Etat charg\u00e9 de la production culturelle Salim Dada, a vu la participation d&rsquo;artistes alg\u00e9riens en arts plastiques et num\u00e9riques, cin\u00e9ma, chor\u00e9graphie, th\u00e9\u00e2tre etc.<\/p>\n<blockquote readability=\"10\">\n<p><em><strong>A ce titre, la sc\u00e9nariste et productrice Adila Bendimerad a plaid\u00e9 pour \u00ab\u00a0la lev\u00e9e des obstacles qui bloquent le mouvement et la libert\u00e9 de cr\u00e9ativit\u00e9 en mati\u00e8re de cin\u00e9ma \u00e0 travers +la lib\u00e9ration+ des salles de cin\u00e9ma disponibles\u00a0\u00bb, \u00ab\u00a0l&rsquo;octroi d\u2019autorisations de projection\u00a0\u00bb et \u00ab\u00a0davantage de rapprochement\u00a0\u00bb de la part du minist\u00e8re de la Culture en faveur des artistes. Elle a appel\u00e9 en outre \u00e0 la recherche des voies \u00e0 m\u00eame d\u2019amener les op\u00e9rateurs \u00e9conomiques \u00e0 s\u2019int\u00e9resser aux projets audiovisuels.<\/strong><\/em><\/p>\n<\/blockquote>\n<p>De son c\u00f4t\u00e9, le plasticien Hamza Bounoua a regrett\u00e9 l&rsquo;absence de galeries en Alg\u00e9rie permettant de faire connaitre les plasticiens alg\u00e9riens dans les fora internationaux\u00a0\u00bb, pr\u00e9sentant, \u00e0 cet effet, son projet artistique \u00ab\u00a0Diwaniya\u00a0\u00bb. Il s\u2019agit du projet d\u2019une maison des Arts \u00e0 Alger dont la mission \u00ab\u00a0est de mettre en contact les plasticiens sp\u00e9cialis\u00e9s en arts arabes et islamiques et d&rsquo;autres artistes et hommes de lettres\u00a0\u00bb.<\/p>\n<p>Pour sa part, le dramaturge Mourad Senoussi a pr\u00e9sent\u00e9 son exp\u00e9rience dans la gestion du th\u00e9\u00e2tre r\u00e9gional d&rsquo;Oran, soulignant que \u00ab\u00a070% du programme de son \u00e9tablissement est consacr\u00e9 au th\u00e9\u00e2tre et le reste \u00e0 la musique et la chor\u00e9graphie&#8230;. Il a pr\u00e9cis\u00e9, \u00e0 ce propos, qu&rsquo;il soutient \u00ab\u00a0la qualit\u00e9 et non la quantit\u00e9, et ce en accueillant des troupes et des coop\u00e9ratives de la wilaya d&rsquo;Oran et d&rsquo;autres r\u00e9gions\u00a0\u00bb.<\/p>\n<p>Participant \u00e0 ce d\u00e9bat, le danseur chor\u00e9graphe \u00e9migr\u00e9 Sofiane Boukraa a \u00e9voqu\u00e9 la r\u00e9alit\u00e9 de la danse en Alg\u00e9rie et dans le monde arabe et \u00ab\u00a0le faible int\u00e9r\u00eat\u00a0\u00bb accord\u00e9 \u00e0 cet art, compar\u00e9 aux autres disciplines artistiques, et ce, a-t-il estim\u00e9, \u00ab\u00a0pour des consid\u00e9rations d\u2019ordre religieux et des traditions soci\u00e9tales\u00a0\u00bb.<\/p>\n<hr\/>\n<h3>Lire aussi:\u00a0<a href=\"http:\/\/www.aps.dz\/culture\/104691-premiere-consultation-internationale-sur-la-situation-de-l-artiste-en-temps-de-crises\" target=\"_blank\" rel=\"noopener noreferrer\">Premi\u00e8re consultation internationale sur la situation de l&rsquo;artiste en temps de crises<\/a><\/h3>\n<hr\/>\n<blockquote readability=\"13\">\n<p><em><strong>Le sp\u00e9cialiste en effet sp\u00e9ciaux \u00e9tabli \u00e0 l\u2019\u00e9tranger, Samy Lemouti a mis en avant, quant \u00e0 lui, l\u2019importance de \u00ab\u00a0promouvoir\u00a0\u00bb les arts num\u00e9riques en Alg\u00e9rie, \u00e0 travers des manifestations internationales favorisant l\u2019\u00e9change entre les Alg\u00e9riens et les cr\u00e9ateurs venus d\u2019ailleurs, notamment des pays qui comptent une grande exp\u00e9rience dans ce domaine.<\/strong><\/em><\/p>\n<\/blockquote>\n<p>Cette deuxi\u00e8me consultation a co\u00efncid\u00e9 avec la c\u00e9l\u00e9bration de la \u00ab\u00a0Journ\u00e9e internationale du vivre ensemble en paix\u00a0\u00bb, initi\u00e9e par l\u2019Alg\u00e9rie et adopt\u00e9e par l\u2019Onu en d\u00e9cembre 2017.<\/p>\n<p>Le Secr\u00e9tariat d&rsquo;Etat charg\u00e9 de la production culturelle avait organis\u00e9 au d\u00e9but du mois une premi\u00e8re consultation internationale multipartite sur la situation de l&rsquo;artiste en temps de crises.<\/p>\n<p>Cette consultation avait r\u00e9uni des artistes, des \u00e9crivains, des acteurs de la culture d&rsquo;Alg\u00e9rie et d&rsquo;ailleurs qui avaient d\u00e9battu des droits socio-\u00e9conomiques de l&rsquo;artiste et la culture dans l&rsquo;environnement num\u00e9rique.<\/p>\n<p>Parall\u00e8lement au programme du Secr\u00e9tariat d\u2019Etat charg\u00e9 de la production culturelle, ces deux consultations plac\u00e9es sous le th\u00e8me \u00ab\u00a0L&rsquo;artiste entre cr\u00e9ativit\u00e9 et r\u00e9silience\u00a0\u00bb s&rsquo;inscrivent en droite ligne avec l&rsquo;initiative \u00ab\u00a0R\u00e9siliArt\u00a0\u00bb, lanc\u00e9e le 15 avril 2020 par l&rsquo;Unesco sur la situation de l&rsquo;artiste, une situation instable en temps de crises et de confinement sanitaire et s\u00e9curitaire.<\/p>\n<\/div>\n<p>Auteur:<br \/>\n<a href=\"http:\/\/www.aps.dz\/culture\/105151-2e-consultation-internationale-sur-le-statut-de-l-artiste-en-temps-de-crises\">Cliquez ici pour lire l&rsquo;article depuis sa source.<\/a><\/p>\n","protected":false},"excerpt":{"rendered":"<p>ALGER &#8211; Le Secr\u00e9tariat d&rsquo;Etat charg\u00e9 de la production culturelle a organis\u00e9, samedi en visioconf\u00e9rence, une deuxi\u00e8me consultation internationale multilat\u00e9rale sur le statut de l&rsquo;artiste en temps de crise (Covid-19), dans le cadre des pr\u00e9paratifs de l&rsquo;Atelier consacr\u00e9 au projet de loi sur le statut de l&rsquo;artiste. Organis\u00e9e en collaboration avec le mouvement culturel mondial [&hellip;]<\/p>\n","protected":false},"author":1790,"featured_media":0,"comment_status":"closed","ping_status":"closed","sticky":false,"template":"","format":"standard","meta":{"fifu_image_url":"","fifu_image_alt":"","footnotes":""},"categories":[53,79],"tags":[],"class_list":["post-85853","post","type-post","status-publish","format-standard","hentry","category-algerie","category-culture"],"_links":{"self":[{"href":"https:\/\/linitiative.ca\/International\/wp-json\/wp\/v2\/posts\/85853","targetHints":{"allow":["GET"]}}],"collection":[{"href":"https:\/\/linitiative.ca\/International\/wp-json\/wp\/v2\/posts"}],"about":[{"href":"https:\/\/linitiative.ca\/International\/wp-json\/wp\/v2\/types\/post"}],"author":[{"embeddable":true,"href":"https:\/\/linitiative.ca\/International\/wp-json\/wp\/v2\/users\/1790"}],"replies":[{"embeddable":true,"href":"https:\/\/linitiative.ca\/International\/wp-json\/wp\/v2\/comments?post=85853"}],"version-history":[{"count":0,"href":"https:\/\/linitiative.ca\/International\/wp-json\/wp\/v2\/posts\/85853\/revisions"}],"wp:attachment":[{"href":"https:\/\/linitiative.ca\/International\/wp-json\/wp\/v2\/media?parent=85853"}],"wp:term":[{"taxonomy":"category","embeddable":true,"href":"https:\/\/linitiative.ca\/International\/wp-json\/wp\/v2\/categories?post=85853"},{"taxonomy":"post_tag","embeddable":true,"href":"https:\/\/linitiative.ca\/International\/wp-json\/wp\/v2\/tags?post=85853"}],"curies":[{"name":"wp","href":"https:\/\/api.w.org\/{rel}","templated":true}]}}