{"id":85864,"date":"2020-05-18T09:23:50","date_gmt":"2020-05-18T13:23:50","guid":{"rendered":"https:\/\/linitiative.ca\/International\/marrakech-a-pied-doeuvre-pour-preparer-son-deconfinement\/"},"modified":"2020-05-18T09:23:50","modified_gmt":"2020-05-18T13:23:50","slug":"marrakech-a-pied-doeuvre-pour-preparer-son-deconfinement","status":"publish","type":"post","link":"https:\/\/linitiative.ca\/International\/marrakech-a-pied-doeuvre-pour-preparer-son-deconfinement\/","title":{"rendered":"Marrakech \u00e0 pied d\u2019oeuvre pour pr\u00e9parer son d\u00e9confinement"},"content":{"rendered":"<div readability=\"40\">\n<p>Par Mohamed Koursi.<br \/>Marrakech \u2013 Si Marrakech est, de l\u2019avis de tout Marocain ou \u00e9tranger, une ville pleine de vie, de jour comme de nuit, avec une effervescence et un foisonnement d\u2019activit\u00e9s dans les divers domaines, une chose est certaine : un retour \u00e0 une vie normale d\u2019avant pand\u00e9mie du Covid-19 dans la cit\u00e9 ocre n\u2019est pas pour demain.<\/p>\n<\/div>\n<div readability=\"174.5\">\n<p>Retrouver dans la premi\u00e8re destination touristique du Royaume la \u00ab\u00a0vie d\u2019avant\u00a0\u00bb la crise sanitaire induite par cet ennemi \u00ab\u00a0invisible\u00a0\u00bb n\u00e9cessitera, bel et bien, du temps et une batterie de mesures proactives, notamment en termes de distanciation sociale, de s\u00e9curit\u00e9 sanitaire et de gestion des espaces publics et de la mobilit\u00e9, durant la p\u00e9riode post-Covid.<\/p>\n<p>Un d\u00e9confinement qui, selon les opinions et expectatives des sp\u00e9cialistes, des experts, et des diff\u00e9rentes parties concern\u00e9es, devra se faire de mani\u00e8re progressive.<\/p>\n<p>C\u2019est dans ce sillage que les autorit\u00e9s de la ville imp\u00e9riale et l\u2019ensemble des intervenants et acteurs institutionnels ainsi que la soci\u00e9t\u00e9 civile sont \u00e0 pied d\u2019oeuvre, depuis quelques semaines d\u00e9j\u00e0, afin d\u2019anticiper tous les sc\u00e9narii envisageables, l\u2019objectif ultime \u00e9tant de garantir une meilleure gestion de la p\u00e9riode post-confinement.<\/p>\n<p>Partant de sa vocation en tant que f\u00e9d\u00e9ratrice de toutes les initiatives n\u00e9cessitant l\u2019implication de tous, la wilaya de la R\u00e9gion Marrakech-Safi a d\u00e9clench\u00e9 une dynamique vertueuse en vue de f\u00e9d\u00e9rer les \u00e9nergies et engager une r\u00e9flexion collective et structur\u00e9e dans le cadre d\u2019un d\u00e9bat constructif, qui \u00e9voque non seulement les sp\u00e9cificit\u00e9s et probl\u00e9matiques de la situation actuelle, mais aussi l\u2019aspect prospectif, avec ses contraintes et d\u00e9fis qui exigent la recherche de solutions cr\u00e9atives et innovantes pour mieux s\u2019adapter \u00e0 la p\u00e9riode post Covid-19.<\/p>\n<p>Un Forum \u00ab\u00a0Marrakech post Covid-19\u00a0\u00bb, pr\u00e9voyant une s\u00e9rie de panels et d\u2019ateliers de r\u00e9flexions et d\u2019\u00e9changes, a \u00e9t\u00e9 donc lanc\u00e9 avec pour finalit\u00e9 la concertation entre l\u2019ensemble des acteurs concern\u00e9s par les modalit\u00e9s du post-confinement, notamment de l\u2019usage des espaces publics et de la question de mobilit\u00e9.<\/p>\n<p>Il s\u2019agit d\u2019une d\u00e9marche participative et inclusive r\u00e9unissant aussi bien les acteurs institutionnels, les \u00e9lus que la soci\u00e9t\u00e9 civile, avec pour objectif la r\u00e9flexion et la concertation autour des modalit\u00e9s du d\u00e9confinement pour anticiper les sc\u00e9narios et am\u00e9liorer l\u2019usage des espaces publics, des transports et de la mobilit\u00e9, entre autres.<\/p>\n<p>La m\u00e9thodologie adopt\u00e9e est tr\u00e8s pr\u00e9cise de mani\u00e8re \u00e0 permettre la canalisation de toutes les interventions selon une strat\u00e9gie unifi\u00e9e, fond\u00e9e sur trois axes essentiels, a affirm\u00e9 le wali de la R\u00e9gion, Karim Kassi-Lahlou, qui s\u2019exprimait lors du premier webinaire ayant ouvert ce cycle de visioconf\u00e9rences et de panels pr\u00e9vus dans le cadre de cet ambitieux Forum.<\/p>\n<p>Le premier axe, a-t-il expliqu\u00e9, concerne la protection, notamment la pr\u00e9vention et la s\u00e9curit\u00e9 sanitaire, alors que le 2\u00e8me porte sur la relance des secteurs \u00e9conomiques et sociaux dans la perspective de garantir un nouveau d\u00e9collage.<\/p>\n<p>Quant au 3\u00e8me axe, a-t-il poursuivi, il est inh\u00e9rent \u00e0 l\u2019innovation \u00e0 travers l\u2019\u00e9laboration de nouvelles solutions et outils d\u2019intervention.<\/p>\n<p>Conform\u00e9ment \u00e0 cette approche, a indiqu\u00e9 M. Kassi-Lahlou, 4 ateliers interactifs \u00e0 distance, ont \u00e9t\u00e9 organis\u00e9s en partenariat avec plusieurs intervenants et acteurs, dont le premier a port\u00e9 sur le lancement d\u2019une \u00e9tude g\u00e9n\u00e9rale sur Marrakech post Covid-19, par l\u2019universit\u00e9 Cadi Ayyad et le Centre r\u00e9gional d\u2019investissement, alors que le 2\u00e8 a concern\u00e9 l\u2019Initiative Challenges, organis\u00e9e par EBF (Emerging Business Factory) et ses partenaires.<\/p>\n<p>Le 3\u00e8me atelier interactif a \u00e9t\u00e9 lanc\u00e9, en parall\u00e8le, par la CGEM Marrakech-Safi, avec comme axe central l\u2019examen des questions relatives aux secteurs \u00e9conomiques et les perspectives de la garantie de leur continuit\u00e9 et relance durant la p\u00e9riode post Covid-19, ainsi que la pr\u00e9sentation de nouvelles solutions innovantes, a rappel\u00e9 M. Kassi-Lahlou, notant que le 4\u00e8me atelier a \u00e9t\u00e9 initi\u00e9 par le Conseil r\u00e9gional du tourisme et ses partenaires et concerne la promotion du secteur touristique.<\/p>\n<p>Et d\u2019encha\u00eener que le 5\u00e8me atelier interactif, dont la coordination des travaux a \u00e9t\u00e9 confi\u00e9e \u00e0 l\u2019Agence urbaine de Marrakech (AUM), porte sur la th\u00e9matique des espaces publics qui soul\u00e8ve plusieurs d\u00e9fis \u00e0 tous les niveaux.<\/p>\n<div readability=\"90\">\n<p>Ainsi, une premi\u00e8re visioconf\u00e9rence a \u00e9t\u00e9 initi\u00e9e par l\u2019AUM sous le th\u00e8me \u00ab\u00a0Quels espaces publics apr\u00e8s le d\u00e9confinement ? Penser le d\u00e9confinement \u00e0 travers une pratique intelligente des espaces publics\u00a0\u00bb, l\u2019occasion pour une pl\u00e9iade de participants, dont des responsables, des acteurs institutionnels, des universitaires et des experts dans les domaines de l\u2019urbanisme, de l\u2019\u00e9ducation et de la formation, de la sant\u00e9, du tourisme, de l\u2019architecture et de l\u2019habitat, d\u2019apporter des regards crois\u00e9s et prospectifs sur l\u2019usage et la gestion des espaces publics dans la cit\u00e9 ocre apr\u00e8s la fin du confinement.<\/p>\n<p>Le choix de cette th\u00e9matique pour ouvrir ce cycle de d\u00e9bats s\u00e9rieux n\u2019est pas fortuit. En effet, les espaces publics seront, certainement, les plus pris\u00e9s par les citoyens surtout apr\u00e8s une aussi longue p\u00e9riode de confinement. D\u2019o\u00f9 la n\u00e9cessit\u00e9 d\u2019assurer une gestion optimale et efficace de ces lieux, qui constituent le c\u0153ur battant et le centre n\u00e9vralgique de la cit\u00e9 ocre, lors de la p\u00e9riode post-confinement.<\/p>\n<p>Les participants \u00e0 ce premier webinaire ont, dans leurs recommandations, mis l\u2019accent sur l\u2019importance de la convergence des id\u00e9es des diff\u00e9rents intervenants en vue de favoriser l\u2019\u00e9mergence d\u2019approches efficaces afin de mettre en place une nouvelle conception relative aux modalit\u00e9s d\u2019exploitation des espaces publics, \u00e0 m\u00eame de garantir la s\u00e9curit\u00e9 de tous, dans le respect des mesures pr\u00e9ventives apr\u00e8s le d\u00e9confinement.<\/p>\n<p>Ils ont sugg\u00e9r\u00e9 aussi l\u2019interdiction temporaire de l\u2019exploitation des espaces publics pour l\u2019exercice d\u2019activit\u00e9s commerciales et \u00e9conomiques, la r\u00e9organisation provisoire de ces lieux, la conversion des rues d\u2019une largeur de moins de 10m en des passages d\u00e9di\u00e9s aux pi\u00e9tons, l\u2019augmentation de la largeur des trottoirs au profit des pi\u00e9tons, la mise en place d\u2019un plan relatif aux activit\u00e9s commerciales tout en prenant en compte la distanciation sociale, la sensibilisation et la conscientisation quant \u00e0 la n\u00e9cessit\u00e9 du respect des pr\u00e9cautions sanitaires et de la pr\u00e9servation des espaces publics, outre la cr\u00e9ation de commissions mixtes pour assurer le respect des proc\u00e9dures pr\u00e9conis\u00e9es.<\/p>\n<p>Ils ont \u00e9t\u00e9 \u00e9galement unanimes \u00e0 souligner l\u2019importance de la prise en consid\u00e9ration de la relation entre la sant\u00e9 publique et la planification urbaine dans les politiques publiques en g\u00e9n\u00e9ral.<\/p>\n<p>D\u2019autre part, les conf\u00e9renciers ont recommand\u00e9 l\u2019att\u00e9nuation de la pression de la circulation et de la mobilit\u00e9 \u00e0 travers l\u2019\u00e9largissement de certaines avenues et art\u00e8res, la r\u00e9organisation de la circulation au niveau des giratoires et l\u2019interdiction de l\u2019entr\u00e9e des poids-lourds \u00e0 l\u2019int\u00e9rieur de la ville.<\/p>\n<p>Ils ont, en outre, appel\u00e9 \u00e0 accorder davantage d\u2019int\u00e9r\u00eat aux personnes \u00e0 besoins sp\u00e9cifiques, \u00e0 travers l\u2019am\u00e9lioration des accessibilit\u00e9s, et \u00e0 inciter les citoyens \u00e0 r\u00e9duire leurs d\u00e9placements, tout en insistant sur l\u2019imp\u00e9ratif de repenser la gestion du transport public \u00e0 m\u00eame de garantir l\u2019efficacit\u00e9 des moyens de pr\u00e9vention (distanciation sociale, d\u00e9sinfection en continu), outre l\u2019adoption d\u2019horaires de travail diff\u00e9rents, selon les zones, afin d\u2019\u00e9viter la congestion et les embouteillages \u00e0 des moments bien pr\u00e9cis, ainsi que la restructuration et la r\u00e9novation du parc des bus.<\/p>\n<p>Dans un contexte de d\u00e9confinement qui invite \u00e0 une r\u00e9appropriation des espaces publics, l\u2019instauration d\u2019une telle dynamique de d\u00e9bats constructifs et engag\u00e9s, d\u00e9clench\u00e9e par les autorit\u00e9s de Marrakech avec le concours des acteurs institutionnels, sur la base d\u2019une approche participative incluant les instances \u00e9lues et la soci\u00e9t\u00e9 civile, est une initiative judicieuse susceptible de permettre d\u2019innover les expressions d\u2019un mieux vivre-ensemble post-coronavirus.<\/p>\n<p>Un tel dialogue serein et s\u00e9rieux entre les acteurs concern\u00e9s gr\u00e2ce \u00e0 l\u2019\u00e9change d\u2019id\u00e9es sur la question cruciale du d\u00e9confinement et les m\u00e9canismes d\u2019intervention proactive ne peut que garantir une gestion des plus efficaces et des plus optimales des espaces publics et un cadre intelligent pour une meilleure mobilit\u00e9 au sein de la cit\u00e9 des \u00ab\u00a0Sept Saints\u00a0\u00bb lors de la p\u00e9riode post Covid-19.<\/p>\n<\/div>\n<\/div>\n<p>Auteur: Meriem IGASS<br \/>\n<a href=\"http:\/\/www.mapmarrakech.ma\/fr\/marrakech-a-pied-doeuvre-pour-preparer-son-deconfinement\/\">Cliquez ici pour lire l&rsquo;article depuis sa source.<\/a><\/p>\n","protected":false},"excerpt":{"rendered":"<p>Par Mohamed Koursi.Marrakech \u2013 Si Marrakech est, de l\u2019avis de tout Marocain ou \u00e9tranger, une ville pleine de vie, de jour comme de nuit, avec une effervescence et un foisonnement d\u2019activit\u00e9s dans les divers domaines, une chose est certaine : un retour \u00e0 une vie normale d\u2019avant pand\u00e9mie du Covid-19 dans la cit\u00e9 ocre n\u2019est [&hellip;]<\/p>\n","protected":false},"author":1788,"featured_media":0,"comment_status":"closed","ping_status":"closed","sticky":false,"template":"","format":"standard","meta":{"fifu_image_url":"","fifu_image_alt":"","footnotes":""},"categories":[54,76],"tags":[],"class_list":["post-85864","post","type-post","status-publish","format-standard","hentry","category-maroc","category-regions"],"_links":{"self":[{"href":"https:\/\/linitiative.ca\/International\/wp-json\/wp\/v2\/posts\/85864","targetHints":{"allow":["GET"]}}],"collection":[{"href":"https:\/\/linitiative.ca\/International\/wp-json\/wp\/v2\/posts"}],"about":[{"href":"https:\/\/linitiative.ca\/International\/wp-json\/wp\/v2\/types\/post"}],"author":[{"embeddable":true,"href":"https:\/\/linitiative.ca\/International\/wp-json\/wp\/v2\/users\/1788"}],"replies":[{"embeddable":true,"href":"https:\/\/linitiative.ca\/International\/wp-json\/wp\/v2\/comments?post=85864"}],"version-history":[{"count":0,"href":"https:\/\/linitiative.ca\/International\/wp-json\/wp\/v2\/posts\/85864\/revisions"}],"wp:attachment":[{"href":"https:\/\/linitiative.ca\/International\/wp-json\/wp\/v2\/media?parent=85864"}],"wp:term":[{"taxonomy":"category","embeddable":true,"href":"https:\/\/linitiative.ca\/International\/wp-json\/wp\/v2\/categories?post=85864"},{"taxonomy":"post_tag","embeddable":true,"href":"https:\/\/linitiative.ca\/International\/wp-json\/wp\/v2\/tags?post=85864"}],"curies":[{"name":"wp","href":"https:\/\/api.w.org\/{rel}","templated":true}]}}