{"id":85866,"date":"2020-05-18T09:47:21","date_gmt":"2020-05-18T13:47:21","guid":{"rendered":"https:\/\/linitiative.ca\/International\/covid-19-18-nouveaux-cas-confirmes-et-15-nouvelles-remissions-drs\/"},"modified":"2020-05-18T09:47:21","modified_gmt":"2020-05-18T13:47:21","slug":"covid-19-18-nouveaux-cas-confirmes-et-15-nouvelles-remissions-drs","status":"publish","type":"post","link":"https:\/\/linitiative.ca\/International\/covid-19-18-nouveaux-cas-confirmes-et-15-nouvelles-remissions-drs\/","title":{"rendered":"Covid-19: 18 nouveaux cas confirm\u00e9s et 15 nouvelles r\u00e9missions (DRS)"},"content":{"rendered":"<div readability=\"36\">\n<p>Marrakech \u2013 Dix-huit (18) nouveaux cas d\u2019infection au Covid-19 ont \u00e9t\u00e9 confirm\u00e9s dans la r\u00e9gion Marrakech-Safi, portant \u00e0 1.280 le nombre total des contaminations dans la r\u00e9gion jusqu\u2019\u00e0 lundi \u00e0 10H00, dont 255 patients sous traitement.<\/p>\n<\/div>\n<div readability=\"72\">\n<p>Ces cas hospitalis\u00e9s sont r\u00e9partis entre la pr\u00e9fecture de Marrakech (240) et les provinces d\u2019Al Haouz (10), d\u2019Essaouira (2), de Rehamna (1), de Chichaoua (1) et de Safi (1), pr\u00e9cise la Direction R\u00e9gionale de la Sant\u00e9 (DRS) dans un nouveau bilan.<\/p>\n<p>La m\u00eame source fait \u00e9tat \u00e9galement de 15 nouvelles r\u00e9missions, portant \u00e0 980 le nombre total des personnes d\u00e9clar\u00e9es d\u00e9finitivement gu\u00e9ries dans la r\u00e9gion jusqu\u2019\u00e0 lundi \u00e0 10H00.<\/p>\n<p>Selon la DRS, 13 nouveaux cas de gu\u00e9rison ont \u00e9t\u00e9 signal\u00e9s dans la pr\u00e9fecture de Marrakech, alors que les provinces d\u2019Al Haouz et d\u2019Essaouira ont enregistr\u00e9 une nouvelle r\u00e9mission chacune.<\/p>\n<p>Quant au total des cas gu\u00e9ris, ils sont r\u00e9partis entre la pr\u00e9fecture de Marrakech (675) et les provinces de Rehamna (230), d\u2019Al-Haouz (40), de Chichaoua (23), d\u2019El Kel\u00e2a des Sraghna (04), d\u2019Essaouira (02) et de Safi (01), pr\u00e9cise la m\u00eame source, notant que le taux de gu\u00e9rison s\u2019\u00e9l\u00e8ve \u00e0 76%.<\/p>\n<p>Le nombre des cas exclus apr\u00e8s des r\u00e9sultats n\u00e9gatifs d\u2019analyses effectu\u00e9es au laboratoire a atteint 8.189, tandis que celui des d\u00e9c\u00e8s s\u2019est stabilis\u00e9 \u00e0 50, fait savoir la Direction R\u00e9gionale de la Sant\u00e9.<\/p>\n<p>Au niveau national, 60 nouveaux cas d\u2019infection au Covid-19 ont \u00e9t\u00e9 confirm\u00e9s, portant \u00e0 6.930 le nombre total des cas de contamination enregistr\u00e9s dans le Royaume jusqu\u2019\u00e0 lundi \u00e0 10H00, selon les chiffres du minist\u00e8re de la Sant\u00e9.<\/p>\n<\/div>\n<p>Auteur: Meriem IGASS<br \/>\n<a href=\"http:\/\/www.mapmarrakech.ma\/fr\/covid-19-18-nouveaux-cas-confirmes-et-15-nouvelles-remissions-drs\/\">Cliquez ici pour lire l&rsquo;article depuis sa source.<\/a><\/p>\n","protected":false},"excerpt":{"rendered":"<p>Marrakech \u2013 Dix-huit (18) nouveaux cas d\u2019infection au Covid-19 ont \u00e9t\u00e9 confirm\u00e9s dans la r\u00e9gion Marrakech-Safi, portant \u00e0 1.280 le nombre total des contaminations dans la r\u00e9gion jusqu\u2019\u00e0 lundi \u00e0 10H00, dont 255 patients sous traitement. Ces cas hospitalis\u00e9s sont r\u00e9partis entre la pr\u00e9fecture de Marrakech (240) et les provinces d\u2019Al Haouz (10), d\u2019Essaouira (2), [&hellip;]<\/p>\n","protected":false},"author":1788,"featured_media":0,"comment_status":"closed","ping_status":"closed","sticky":false,"template":"","format":"standard","meta":{"fifu_image_url":"","fifu_image_alt":"","footnotes":""},"categories":[54,76],"tags":[],"class_list":["post-85866","post","type-post","status-publish","format-standard","hentry","category-maroc","category-regions"],"_links":{"self":[{"href":"https:\/\/linitiative.ca\/International\/wp-json\/wp\/v2\/posts\/85866","targetHints":{"allow":["GET"]}}],"collection":[{"href":"https:\/\/linitiative.ca\/International\/wp-json\/wp\/v2\/posts"}],"about":[{"href":"https:\/\/linitiative.ca\/International\/wp-json\/wp\/v2\/types\/post"}],"author":[{"embeddable":true,"href":"https:\/\/linitiative.ca\/International\/wp-json\/wp\/v2\/users\/1788"}],"replies":[{"embeddable":true,"href":"https:\/\/linitiative.ca\/International\/wp-json\/wp\/v2\/comments?post=85866"}],"version-history":[{"count":0,"href":"https:\/\/linitiative.ca\/International\/wp-json\/wp\/v2\/posts\/85866\/revisions"}],"wp:attachment":[{"href":"https:\/\/linitiative.ca\/International\/wp-json\/wp\/v2\/media?parent=85866"}],"wp:term":[{"taxonomy":"category","embeddable":true,"href":"https:\/\/linitiative.ca\/International\/wp-json\/wp\/v2\/categories?post=85866"},{"taxonomy":"post_tag","embeddable":true,"href":"https:\/\/linitiative.ca\/International\/wp-json\/wp\/v2\/tags?post=85866"}],"curies":[{"name":"wp","href":"https:\/\/api.w.org\/{rel}","templated":true}]}}