{"id":85869,"date":"2020-05-18T11:14:35","date_gmt":"2020-05-18T15:14:35","guid":{"rendered":"https:\/\/linitiative.ca\/International\/premier-guillotine-le-19-juin-1956-ahmed-zabana-un-chahid-immortel\/"},"modified":"2020-05-18T11:14:35","modified_gmt":"2020-05-18T15:14:35","slug":"premier-guillotine-le-19-juin-1956-ahmed-zabana-un-chahid-immortel","status":"publish","type":"post","link":"https:\/\/linitiative.ca\/International\/premier-guillotine-le-19-juin-1956-ahmed-zabana-un-chahid-immortel\/","title":{"rendered":"Premier guillotin\u00e9 le 19 juin 1956: Ahmed Zabana, un chahid immortel"},"content":{"rendered":"<div readability=\"38\">\n<p><strong>ORAN &#8211; Ahmed Zabana, surnomm\u00e9 H&rsquo;mida, un des moudjahidine de la premi\u00e8re heure et responsable du FLN-ALN de la zone Ouest d\u2019Oran, a \u00e9t\u00e9 le premier \u00e0 \u00eatre ex\u00e9cut\u00e9 \u00e0 la guillotine. Le chahid est devenu le symbole du combat et de la r\u00e9sistance du peuple alg\u00e9rien face \u00e0 l\u2019occupant fran\u00e7ais.<\/strong><\/p>\n<\/div>\n<div readability=\"143.54256996453\">\n<p>Condamn\u00e9 \u00e0 la peine capitale par le tribunal d\u2019Oran, Ahmed Zabana, de son vrai nom Zahana, a \u00e9t\u00e9 ex\u00e9cut\u00e9 le 19 juin 1956 \u00e0 la prison Barberousse, sur les hauteurs d\u2019Alger. Il \u00e9tait le premier \u00e0 subir cette peine capitale parmi 222 autres condamn\u00e9s tout le long de la guerre de lib\u00e9ration nationale.<\/p>\n<p>Il est 4h du matin, ce 19 juin 1956, quand Ahmed Zabana s\u2019avan\u00e7a vers la guillotine, dress\u00e9e dans la cour de la sinistre prison Barberousse. La sc\u00e8ne a \u00e9t\u00e9 reconstitu\u00e9e et immortalis\u00e9e dans le film \u00ab\u00a0La bataille d\u2019Alger\u00a0\u00bb de l\u2019Italien Gilo Pontecorvo.<\/p>\n<hr\/>\n<h3>Lire aussi:\u00a0<a href=\"http:\/\/www.aps.dz\/regions\/105199-oran-quand-les-commandos-de-l-oas-semaient-la-mort\" target=\"_blank\" rel=\"noopener noreferrer\">Oran: quand les commandos de l&rsquo;OAS semaient la mort<\/a><\/h3>\n<hr\/>\n<blockquote readability=\"8\">\n<p><em><strong>\u00ab\u00a0Je suis fier de monter le premier sur l\u2019\u00e9chafaud\u00a0\u00bb, s\u2019exclama le jeune militant, \u00e2g\u00e9 \u00e0 peine de 30 ans.<\/strong><\/em><\/p>\n<\/blockquote>\n<p>Malgr\u00e9 son \u00e9tat de sant\u00e9 d\u00e9t\u00e9rior\u00e9, ses blessures par balles \u00e0 la jambe et au bras gauche, les signes de torture tr\u00e8s apparents et les s\u00e9quelles d\u2019un s\u00e9jour de plusieurs mois au quartier des condamn\u00e9s \u00e0 mort, ses bourreaux se montr\u00e8rent inflexibles. Il sera ex\u00e9cut\u00e9 et quelques minutes auparavant, il lancera un cri pr\u00e9monitoire : \u00ab\u00a0Je meurs mais l\u2019Alg\u00e9rie vivra\u00a0\u00bb.<\/p>\n<p>A deux reprises le couperet de la terrible machine \u00e0 tuer tombe mais la lame se coince \u00e0 quelques centim\u00e8tres du cou du condamn\u00e9. La tradition veut que si un condamn\u00e9 n\u2019est pas ex\u00e9cut\u00e9 \u00e0 la premi\u00e8re tentative, sa peine est commu\u00e9e en prison \u00e0 perp\u00e9tuit\u00e9. Ce ne fut pas le cas pour Zabana. Une troisi\u00e8me tentative et la guillotine a fini par fonctionner.<\/p>\n<p class=\"c30\"><strong>Parcours d\u2019un combattant<\/strong><\/p>\n<p>La privation et la pauvret\u00e9 ont contribu\u00e9 \u00e0 forger la personnalit\u00e9 du h\u00e9ros-symbole Zabana, n\u00e9 en 1926 \u00e0 Zahana, dans l\u2019actuelle wilaya de Mascara. Alors qu\u2019il n\u2019avait que deux ans, sa famille quitte le village de Djeni\u00e8ne Meskine, pour s\u2019installer \u00e0 Oran. Son p\u00e8re, fellah, a \u00e9t\u00e9 d\u00e9poss\u00e9d\u00e9 de sa terre ancestrale, comme de milliers d\u2019autres alg\u00e9riens.<\/p>\n<p>L\u2019enfant grandira dans les quartiers d\u2019El Hamri et de M&rsquo;dina Jdida. Apr\u00e8s des \u00e9tudes primaires, Zabana d\u00e9croche le CEP et suit un stage d\u2019apprenti-soudeur au centre de formation professionnelle de la place Karguentah.<\/p>\n<p>Son adh\u00e9sion aux SMA jouera un r\u00f4le d\u00e9terminant dans le d\u00e9veloppement de son sentiment patriotique et nationaliste. Jeune scout au sein du mouvement fond\u00e9 par Mohamed Bouras, il se montra tr\u00e8s entreprenant au milieu des siens pour d\u00e9noncer les crimes du colonialisme fran\u00e7ais.<\/p>\n<p>Avec ses qualit\u00e9s de meneur d\u2019hommes, son courage et sa volont\u00e9, il int\u00e8gre l\u2019Organisation Sp\u00e9ciale (OS) avec pour mission de former d\u2019autres militants, constitu\u00e9s en cellules clandestines dans les villages de la zone d\u2019El-G\u00e2ada et qu\u2019il contr\u00f4lait.<\/p>\n<p>Ses multiples activit\u00e9s politiques et ses incessants d\u00e9placements finirent par \u00e9veiller les soup\u00e7ons des services des renseignements et de la police qui ne tard\u00e8rent pas \u00e0 l\u2019arr\u00eater el 2 mai 1950. Il sera jug\u00e9 et condamn\u00e9 \u00e0 trois ans de prison.<\/p>\n<blockquote readability=\"7\">\n<p><em><strong>D\u00e8s sa lib\u00e9ration, Zabana reprit ses activit\u00e9s politiques avec autant d&rsquo;ardeur que par le pass\u00e9. Il participa aux pr\u00e9paratifs du d\u00e9clenchement de la guerre de lib\u00e9ration nationale.<\/strong><\/em><\/p>\n<\/blockquote>\n<p>Zbana fut d\u00e9sign\u00e9 par Larbi Ben M&rsquo;Hidi, apr\u00e8s la dissolution du CRUA, en qualit\u00e9 de responsable de la zone de Saint-Lucien (Zahana) et de la banlieue d&rsquo;Oran (actuellement da\u00efra de Zahana) et charg\u00e9 de pr\u00e9parer la lutte arm\u00e9e.<\/p>\n<p>Le 4 novembre 1954, Ahmed Zabana lance une attaque contre la maison des gardes-forestiers avec pour objectif de r\u00e9cup\u00e9rer des armes. Un gardien a \u00e9t\u00e9 abattu. Une v\u00e9ritable chasse \u00e0 l\u2019homme a \u00e9t\u00e9 lanc\u00e9e par les autorit\u00e9s fran\u00e7aises \u00e0 la recherche des auteurs de cette op\u00e9ration.<\/p>\n<p class=\"c30\"><strong>Il faut \u00eatre fier de moi<\/strong><\/p>\n<p>Une semaine apr\u00e8s le d\u00e9clenchement de la lutte arm\u00e9e, le 8 novembre, 1954, \u00e0 l\u2019issue d\u2019une r\u00e9sistance h\u00e9ro\u00efque, le chahid a \u00e9t\u00e9 arr\u00eat\u00e9 \u00e0 Ghar Boudjelida, o\u00f9 il s\u2019est refugi\u00e9 avec une dizaine de moudjahidine. Il est aussit\u00f4t transf\u00e9r\u00e9 et emprisonn\u00e9 \u00e0 Oran. Le tribunal de la m\u00eame ville le condamnera \u00e0 la peine capitale le 21 avril 1955. Toutes les demandes de gr\u00e2ce introduites ont \u00e9t\u00e9 rejet\u00e9es.<\/p>\n<p>De sa cellule \u00e0 la prison de Barberousse, et avant l\u2019heure fatidique, Ahmed Zabana \u00e9crit une lettre d&rsquo;adieu \u00e0 ses parents. Le message est \u00e9galement adress\u00e9 au peuple alg\u00e9rien l\u2019invitant \u00e0 continuer la lutte arm\u00e9e et \u00e0 r\u00e9sister contre l&rsquo;occupant fran\u00e7ais jusqu&rsquo;\u00e0 l&rsquo;ind\u00e9pendance.<\/p>\n<blockquote readability=\"16\">\n<p><em><strong>\u00ab\u00a0S\u2019il m\u2019arrive quoi que ce soit, il ne faut pas croire que c\u2019est fini, Mourir pour la cause de Dieu, c\u2019est la vie \u00e9ternelle. Et mourir pour sa patrie, ce n\u2019est qu\u2019un devoir. Et votre devoir \u00e0 vous, c\u2019est d\u2019avoir sacrifi\u00e9 l\u2019\u00eatre qui vous est le plus cher. Il ne faut pas me pleurer, au contraire, il faut \u00eatre fier de moi\u00a0\u00bb, a-t-il \u00e9crit.<\/strong><\/em><\/p>\n<\/blockquote>\n<p>Le chahid a \u00e9t\u00e9 ex\u00e9cut\u00e9 le 19 juin 1956. Sept minutes apr\u00e8s, un autre chahid, Abdelkader Ferradj, subira, dans la m\u00eame cour, le m\u00eame sort. La machine \u00e0 tuer a continu\u00e9 \u00e0 fonctionner sans rel\u00e2che durant cinq longues ann\u00e9es. Ils seront au total 222 martyrs \u00e0 \u00eatre ex\u00e9cut\u00e9s.<\/p>\n<\/div>\n<p>Auteur:<br \/>\n<a href=\"http:\/\/www.aps.dz\/regions\/105193-premier-guillotine-le-19-juin-1956-ahmed-zabana-un-chahid-immortel\">Cliquez ici pour lire l&rsquo;article depuis sa source.<\/a><\/p>\n","protected":false},"excerpt":{"rendered":"<p>ORAN &#8211; Ahmed Zabana, surnomm\u00e9 H&rsquo;mida, un des moudjahidine de la premi\u00e8re heure et responsable du FLN-ALN de la zone Ouest d\u2019Oran, a \u00e9t\u00e9 le premier \u00e0 \u00eatre ex\u00e9cut\u00e9 \u00e0 la guillotine. Le chahid est devenu le symbole du combat et de la r\u00e9sistance du peuple alg\u00e9rien face \u00e0 l\u2019occupant fran\u00e7ais. Condamn\u00e9 \u00e0 la peine [&hellip;]<\/p>\n","protected":false},"author":1790,"featured_media":0,"comment_status":"closed","ping_status":"closed","sticky":false,"template":"","format":"standard","meta":{"fifu_image_url":"","fifu_image_alt":"","footnotes":""},"categories":[53,76],"tags":[],"class_list":["post-85869","post","type-post","status-publish","format-standard","hentry","category-algerie","category-regions"],"_links":{"self":[{"href":"https:\/\/linitiative.ca\/International\/wp-json\/wp\/v2\/posts\/85869","targetHints":{"allow":["GET"]}}],"collection":[{"href":"https:\/\/linitiative.ca\/International\/wp-json\/wp\/v2\/posts"}],"about":[{"href":"https:\/\/linitiative.ca\/International\/wp-json\/wp\/v2\/types\/post"}],"author":[{"embeddable":true,"href":"https:\/\/linitiative.ca\/International\/wp-json\/wp\/v2\/users\/1790"}],"replies":[{"embeddable":true,"href":"https:\/\/linitiative.ca\/International\/wp-json\/wp\/v2\/comments?post=85869"}],"version-history":[{"count":0,"href":"https:\/\/linitiative.ca\/International\/wp-json\/wp\/v2\/posts\/85869\/revisions"}],"wp:attachment":[{"href":"https:\/\/linitiative.ca\/International\/wp-json\/wp\/v2\/media?parent=85869"}],"wp:term":[{"taxonomy":"category","embeddable":true,"href":"https:\/\/linitiative.ca\/International\/wp-json\/wp\/v2\/categories?post=85869"},{"taxonomy":"post_tag","embeddable":true,"href":"https:\/\/linitiative.ca\/International\/wp-json\/wp\/v2\/tags?post=85869"}],"curies":[{"name":"wp","href":"https:\/\/api.w.org\/{rel}","templated":true}]}}