{"id":85873,"date":"2020-05-18T13:16:21","date_gmt":"2020-05-18T17:16:21","guid":{"rendered":"https:\/\/linitiative.ca\/International\/les-enfumades-de-la-dahra-le-colonel-pelissier-un-criminel-de-guerre\/"},"modified":"2020-05-18T13:16:21","modified_gmt":"2020-05-18T17:16:21","slug":"les-enfumades-de-la-dahra-le-colonel-pelissier-un-criminel-de-guerre","status":"publish","type":"post","link":"https:\/\/linitiative.ca\/International\/les-enfumades-de-la-dahra-le-colonel-pelissier-un-criminel-de-guerre\/","title":{"rendered":"Les enfumades de la Dahra : le colonel Pelissier, un criminel de guerre"},"content":{"rendered":"<div readability=\"38\">\n<p><strong>MOSTAGANEM &#8211; Les enfumades de la tribu des Ouled Riah, perp\u00e9tr\u00e9es par l\u2019arm\u00e9e fran\u00e7aise du 18 au 20 juin 1845 dans les monts de Nekmaria, \u00e0 l\u2019extr\u00eame Est de Mostaganem, sont consid\u00e9r\u00e9es comme un crime d\u2019extermination d\u2019une population qui a refus\u00e9 de se soumettre \u00e0 l\u2019ordre colonial.<\/strong><\/p>\n<\/div>\n<div readability=\"104\">\n<p>Cent soixante-quinze ann\u00e9es sont pass\u00e9es apr\u00e8s ce massacre ayant entrain\u00e9 la mort de plus d\u2019un millier de personnes, essentiellement des femmes, des vieux et des enfants, asphyxi\u00e9es \u00e0 l\u2019int\u00e9rieur de la grotte des Frariche, sur ordre du criminel Pelissier (1794-1864). Des \u00e9tudes sur cette phase douloureuse de l\u2019histoire nationale restent \u00e0 approfondir pour d\u00e9noncer les actes criminels de ce sinistre personnage et rendre hommage aux victimes.<\/p>\n<p>L\u2019enseignant d\u2019histoire contemporaine de l\u2019universit\u00e9 Ibn Khaldoun (Tiaret), le Pr. Mohamed Belil, rappelle qu\u2019apr\u00e8s avoir occup\u00e9 les villes c\u00f4ti\u00e8res du pays, la France coloniale a men\u00e9 une politique de la terre brul\u00e9e pour asseoir sa domination sur le reste du territoire national.<\/p>\n<p>\u00ab\u00a0Face \u00e0 cette d\u00e9ferlante, les tribus locales n\u2019avaient qu\u2019un choix : se soumettre ou subir l\u2019extermination\u00a0\u00bb, a-t-il ajout\u00e9, estimant qu\u2019en ce mois de juin 1845, la France coloniale venait d\u2019enterrer ses id\u00e9es de libert\u00e9 et sa pr\u00e9tendue mission civilisatrice en Alg\u00e9rie. Ses troupes arm\u00e9es avaient extermine une tribu enti\u00e8re et d\u2019une effroyable mani\u00e8re dans le seul but d\u2019\u00e9touffer toute r\u00e9sistance \u00e0 ses plans expansionnistes et colonialistes.<\/p>\n<p>Le m\u00eame universitaire a poursuivi en pr\u00e9cisant que \u00ab\u00a0dans la m\u00e9tropole, le lobby militaire et colonialiste est parvenu \u00e0 \u00e9touffer ces crimes et couvrir leurs auteurs en falsifiant la r\u00e9alit\u00e9 r\u00e9v\u00e9l\u00e9e par plusieurs sources. Les auteurs de ces g\u00e9nocides ont \u00e9t\u00e9 encourag\u00e9s \u00e0 poursuivre leurs men\u00e9es dans d\u2019autres r\u00e9gions. Ils ont eu m\u00eame droit \u00e0 des promotions\u00a0\u00bb.<\/p>\n<p class=\"c29\"><strong>D\u00e9cor\u00e9 et promu malgr\u00e9 ses crimes de guerre<\/strong><\/p>\n<p>Mohamed Belil a consid\u00e9r\u00e9 que la p\u00e9riode de gouvernance du Mar\u00e9chal Bugeaud en Alg\u00e9rie, soit de 1840 \u00e0 1847 a \u00e9t\u00e9 \u00ab\u00a0la plus sombre et la plus meurtri\u00e8re\u00a0\u00bb eu \u00e9gard aux massacres perp\u00e9tr\u00e9s durant ces huit ann\u00e9es et \u00e0 la politique de la terre brul\u00e9e qualifi\u00e9e de \u00ab\u00a0pacification \u00ab\u00a0. Ce sanguinaire avait men\u00e9 une guerre impitoyable contre le chef de la r\u00e9sistance populaire alg\u00e9rienne, l\u2019Emir Abdelkader.<\/p>\n<p>\u00ab\u00a0Le colonel Pellissier a \u00e9t\u00e9 l\u2019ex\u00e9cutant de la politique g\u00e9nocidaire de son chef Bugeaud en perp\u00e9trant des g\u00e9nocides sous le fallacieux pr\u00e9texte de refus des tribus locales \u00e0 se soumettre \u00e0 l\u2019ordre colonial et pour avoir fait preuve de r\u00e9sistance arm\u00e9e\u00a0\u00bb, a encore affirm\u00e9 le m\u00eame universitaire.<\/p>\n<p>Il a rappel\u00e9 que ce serviteur z\u00e9l\u00e9 du mar\u00e9chal Bugeaud a \u00e9t\u00e9 r\u00e9compens\u00e9 pour \u00ab\u00a0services rendus\u00a0\u00bb en acc\u00e9dant au grade de g\u00e9n\u00e9ral, puis au poste de gouverneur g\u00e9n\u00e9ral d\u2019Alg\u00e9rie (en 1851 puis entre 1860 et 1864) avant d\u2019\u00eatre promu mar\u00e9chal puis nomm\u00e9 ambassadeur \u00e0 Londres.<\/p>\n<p>De son cot\u00e9, l\u2019universitaire et historien Abdelkader Fadhel a estim\u00e9 que ces enfumades constituent \u00ab\u00a0un acte de traitrise\u00a0\u00bb pour la classe politique et \u00ab\u00a0un v\u00e9ritable scandale\u00a0\u00bb pour les militaires, auteurs de ce crime perp\u00e9tr\u00e9 contre les Ouled Riah et des membres de la tribu des Beni Zentis.<\/p>\n<p>Le Pr. Fadhel a rappel\u00e9 que la presse fran\u00e7aise avait d\u00e9nonc\u00e9 ces crimes et suscit\u00e9 l\u2019indignation des intellectuels fran\u00e7ais et europ\u00e9ens, \u00e0 l\u2019image du romancier Honor\u00e9 de Balzac (1799-1850) qui a d\u00e9clar\u00e9 \u00e0 un journal espagnol que \u00ab\u00a0cet acte criminel ne peut \u00eatre effac\u00e9 des m\u00e9moires\u00a0\u00bb.<\/p>\n<p>De son c\u00f4t\u00e9, le voyageur Allemand Heinrich Maltzahn (1826-1874) avait d\u00e9crit , dans son ouvrage \u00ab\u00a0Trois ann\u00e9es en Afrique du Nord\u00a0\u00bb, sa visite de la grotte des Frariche et mis en exergue \u00ab\u00a0les actes barbares de Bugeaud et de ses officiers dont les pages sanglantes ont \u00e9t\u00e9 tr\u00e8s vite occult\u00e9es.<\/p>\n<p>\u00ab\u00a0Cette attitude d\u2019oubli et cette amn\u00e9sie sont \u00e0 m\u00eame un crime flagrant contre la m\u00e9moire\u00a0\u00bb, a estim\u00e9 le m\u00eame universitaire.<\/p>\n<\/div>\n<p>Auteur:<br \/>\n<a href=\"http:\/\/www.aps.dz\/regions\/105211-les-enfumades-de-la-dahra-le-colonel-pelissier-un-criminel-de-guerre\">Cliquez ici pour lire l&rsquo;article depuis sa source.<\/a><\/p>\n","protected":false},"excerpt":{"rendered":"<p>MOSTAGANEM &#8211; Les enfumades de la tribu des Ouled Riah, perp\u00e9tr\u00e9es par l\u2019arm\u00e9e fran\u00e7aise du 18 au 20 juin 1845 dans les monts de Nekmaria, \u00e0 l\u2019extr\u00eame Est de Mostaganem, sont consid\u00e9r\u00e9es comme un crime d\u2019extermination d\u2019une population qui a refus\u00e9 de se soumettre \u00e0 l\u2019ordre colonial. Cent soixante-quinze ann\u00e9es sont pass\u00e9es apr\u00e8s ce massacre [&hellip;]<\/p>\n","protected":false},"author":1790,"featured_media":0,"comment_status":"closed","ping_status":"closed","sticky":false,"template":"","format":"standard","meta":{"fifu_image_url":"","fifu_image_alt":"","footnotes":""},"categories":[53,76],"tags":[],"class_list":["post-85873","post","type-post","status-publish","format-standard","hentry","category-algerie","category-regions"],"_links":{"self":[{"href":"https:\/\/linitiative.ca\/International\/wp-json\/wp\/v2\/posts\/85873","targetHints":{"allow":["GET"]}}],"collection":[{"href":"https:\/\/linitiative.ca\/International\/wp-json\/wp\/v2\/posts"}],"about":[{"href":"https:\/\/linitiative.ca\/International\/wp-json\/wp\/v2\/types\/post"}],"author":[{"embeddable":true,"href":"https:\/\/linitiative.ca\/International\/wp-json\/wp\/v2\/users\/1790"}],"replies":[{"embeddable":true,"href":"https:\/\/linitiative.ca\/International\/wp-json\/wp\/v2\/comments?post=85873"}],"version-history":[{"count":0,"href":"https:\/\/linitiative.ca\/International\/wp-json\/wp\/v2\/posts\/85873\/revisions"}],"wp:attachment":[{"href":"https:\/\/linitiative.ca\/International\/wp-json\/wp\/v2\/media?parent=85873"}],"wp:term":[{"taxonomy":"category","embeddable":true,"href":"https:\/\/linitiative.ca\/International\/wp-json\/wp\/v2\/categories?post=85873"},{"taxonomy":"post_tag","embeddable":true,"href":"https:\/\/linitiative.ca\/International\/wp-json\/wp\/v2\/tags?post=85873"}],"curies":[{"name":"wp","href":"https:\/\/api.w.org\/{rel}","templated":true}]}}