{"id":85878,"date":"2020-05-18T12:53:24","date_gmt":"2020-05-18T16:53:24","guid":{"rendered":"https:\/\/linitiative.ca\/International\/universite-les-examens-entre-juillet-et-septembre\/"},"modified":"2020-05-18T12:53:24","modified_gmt":"2020-05-18T16:53:24","slug":"universite-les-examens-entre-juillet-et-septembre","status":"publish","type":"post","link":"https:\/\/linitiative.ca\/International\/universite-les-examens-entre-juillet-et-septembre\/","title":{"rendered":"Universit\u00e9: Les examens entre juillet et septembre"},"content":{"rendered":"<div class=\"author\" readability=\"5.6949152542373\"> Par <a href=\"\/content\/ahlam-nazih\"> Ahlam NAZIH<\/a> <a href=\"\/node\/\"> <\/a> | Edition N\u00b0:5764 Le 19\/05\/2020 | Partager <\/div>\n<div class=\"body\">\n<div class=\"field field-name-body field-type-text-with-summary field-label-hidden\">\n<div class=\"field-items\" readability=\"10.5\">\n<div class=\"field-item even\" property=\"content:encoded\" readability=\"16\">\n<p class=\"rtejustify\">Lors de son passage devant la Chambre des repr\u00e9sentants ce lundi, le ministre de l\u2019Education nationale, Saa\u00efd Amzazi, a enfin livr\u00e9 la date des examens universitaires. Les \u00e9tablissements \u00e0 acc\u00e8s r\u00e9gul\u00e9, ainsi que certaines fili\u00e8res s\u00e9lectives (licences professionnelles et masters), organiseront donc leurs \u00e9preuves \u00e0 partir de la mi-juillet. Pour leur part, les \u00e9tablissements \u00e0 acc\u00e8s ouvert tiendront leurs examens en septembre. Les m\u00e9moires de fin d\u2019\u00e9tudes et th\u00e8ses pourront \u00eatre soutenus \u00e0 distance.<br \/><em>A.Na<\/em><\/p>\n<\/div>\n<\/div>\n<\/div>\n<\/div>\n<div class=\"eco-conseil\">\n<div class=\"view view-eco-conseil-16 view-id-eco_conseil_16 view-display-id-cookies view-dom-id-708ca289629139a2e113c026201acc18\">\n<div class=\"view-content\">\n<div id=\"views-bootstrap-grid-1\" class=\"views-bootstrap-grid-plugin-style\">\n<div class=\"row\">\n<div class=\" col-xs-12 col-lg-4\">\n<div class=\"row\">\n<div class=\"col col-xs-12 col-lg-12\">\n<div class=\"field-content\"><a href=\"\/article\/1062109-mission-francaise-les-parents-pour-une-facture-negociee\"><img loading=\"lazy\" decoding=\"async\" class=\"img-responsive\" typeof=\"foaf:Image\" src=\"https:\/\/www.leconomiste.com\/sites\/default\/files\/eco7\/public\/styles\/800x400\/public\/default_images\/default_une.jpg?itok=4jZlgnIZ\" width=\"660\" height=\"330\" alt=\"\"\/><\/a><\/div>\n<\/div>\n<div class=\" title_suite_2 col col-xs-12 col-lg-12\"> <a href=\"\/article\/1062109-mission-francaise-les-parents-pour-une-facture-negociee\"\/><span class=\"field-content\">Article 1062109<\/span><\/div>\n<\/div>\n<\/div>\n<div class=\" col-xs-12 col-lg-4\">\n<div class=\"row\">\n<div class=\"col col-xs-12 col-lg-12\">\n<div class=\"field-content\"><a href=\"\/article\/1062108-etudiants-l-etranger-des-examens-partir-du-maroc\"><img loading=\"lazy\" decoding=\"async\" class=\"img-responsive\" typeof=\"foaf:Image\" src=\"https:\/\/www.leconomiste.com\/sites\/default\/files\/eco7\/public\/styles\/800x400\/public\/default_images\/default_une.jpg?itok=4jZlgnIZ\" width=\"660\" height=\"330\" alt=\"\"\/><\/a><\/div>\n<\/div>\n<div class=\" title_suite_2 col col-xs-12 col-lg-12\"> <a href=\"\/article\/1062108-etudiants-l-etranger-des-examens-partir-du-maroc\"\/><span class=\"field-content\">Etudiants \u00e0 l\u2019\u00e9tranger: Des examens \u00e0 partir du Maroc<\/span><\/div>\n<\/div>\n<\/div>\n<div class=\" col-xs-12 col-lg-4\">\n<div class=\"row\">\n<div class=\"col col-xs-12 col-lg-12\">\n<div class=\"field-content\"><a href=\"\/article\/1062106-facop-va-fabriquer-des-visieres\"><img loading=\"lazy\" decoding=\"async\" class=\"img-responsive\" typeof=\"foaf:Image\" src=\"https:\/\/www.leconomiste.com\/sites\/default\/files\/eco7\/public\/styles\/800x400\/public\/default_images\/default_une.jpg?itok=4jZlgnIZ\" width=\"660\" height=\"330\" alt=\"\"\/><\/a><\/div>\n<\/div>\n<div class=\" title_suite_2 col col-xs-12 col-lg-12\"> <a href=\"\/article\/1062106-facop-va-fabriquer-des-visieres\"\/><span class=\"field-content\">Facop va fabriquer des visi\u00e8res<\/span><\/div>\n<\/div>\n<\/div>\n<\/div>\n<\/div>\n<\/div>\n<\/div>\n<\/div>\n<p>Auteur: hlafriqi<br \/>\n<a href=\"https:\/\/www.leconomiste.com\/article\/1062107-universite-les-examens-entre-juillet-et-septembre\">Cliquez ici pour lire l&rsquo;article depuis sa source.<\/a><\/p>\n","protected":false},"excerpt":{"rendered":"<p>Par Ahlam NAZIH | Edition N\u00b0:5764 Le 19\/05\/2020 | Partager Lors de son passage devant la Chambre des repr\u00e9sentants ce lundi, le ministre de l\u2019Education nationale, Saa\u00efd Amzazi, a enfin livr\u00e9 la date des examens universitaires. Les \u00e9tablissements \u00e0 acc\u00e8s r\u00e9gul\u00e9, ainsi que certaines fili\u00e8res s\u00e9lectives (licences professionnelles et masters), organiseront donc leurs \u00e9preuves \u00e0 [&hellip;]<\/p>\n","protected":false},"author":1763,"featured_media":0,"comment_status":"closed","ping_status":"closed","sticky":false,"template":"","format":"standard","meta":{"fifu_image_url":"","fifu_image_alt":"","footnotes":""},"categories":[78,54],"tags":[],"class_list":["post-85878","post","type-post","status-publish","format-standard","hentry","category-economie","category-maroc"],"_links":{"self":[{"href":"https:\/\/linitiative.ca\/International\/wp-json\/wp\/v2\/posts\/85878","targetHints":{"allow":["GET"]}}],"collection":[{"href":"https:\/\/linitiative.ca\/International\/wp-json\/wp\/v2\/posts"}],"about":[{"href":"https:\/\/linitiative.ca\/International\/wp-json\/wp\/v2\/types\/post"}],"author":[{"embeddable":true,"href":"https:\/\/linitiative.ca\/International\/wp-json\/wp\/v2\/users\/1763"}],"replies":[{"embeddable":true,"href":"https:\/\/linitiative.ca\/International\/wp-json\/wp\/v2\/comments?post=85878"}],"version-history":[{"count":0,"href":"https:\/\/linitiative.ca\/International\/wp-json\/wp\/v2\/posts\/85878\/revisions"}],"wp:attachment":[{"href":"https:\/\/linitiative.ca\/International\/wp-json\/wp\/v2\/media?parent=85878"}],"wp:term":[{"taxonomy":"category","embeddable":true,"href":"https:\/\/linitiative.ca\/International\/wp-json\/wp\/v2\/categories?post=85878"},{"taxonomy":"post_tag","embeddable":true,"href":"https:\/\/linitiative.ca\/International\/wp-json\/wp\/v2\/tags?post=85878"}],"curies":[{"name":"wp","href":"https:\/\/api.w.org\/{rel}","templated":true}]}}