{"id":85879,"date":"2020-05-18T12:54:30","date_gmt":"2020-05-18T16:54:30","guid":{"rendered":"https:\/\/linitiative.ca\/International\/etudiants-a-letranger-des-examens-a-partir-du-maroc\/"},"modified":"2020-05-18T12:54:30","modified_gmt":"2020-05-18T16:54:30","slug":"etudiants-a-letranger-des-examens-a-partir-du-maroc","status":"publish","type":"post","link":"https:\/\/linitiative.ca\/International\/etudiants-a-letranger-des-examens-a-partir-du-maroc\/","title":{"rendered":"Etudiants \u00e0 l\u2019\u00e9tranger: Des examens \u00e0 partir du Maroc"},"content":{"rendered":"<div class=\"author\" readability=\"5.6949152542373\"> Par <a href=\"\/content\/ahlam-nazih\"> Ahlam NAZIH<\/a> <a href=\"\/node\/\"> <\/a> | Edition N\u00b0:5764 Le 19\/05\/2020 | Partager <\/div>\n<div class=\"body\">\n<div class=\"field field-name-body field-type-text-with-summary field-label-hidden\">\n<div class=\"field-items\" readability=\"9\">\n<div class=\"field-item even\" property=\"content:encoded\" readability=\"13\">\n<p class=\"rtejustify\">Pour les examens des \u00e9tudiants marocains inscrits dans des \u00e9tablissements \u00e0 l\u2019\u00e9tranger et confin\u00e9s au Maroc, le minist\u00e8re de l\u2019Education nationale pr\u00e9voit de coordonner, en partenariat avec les Affaires \u00e9trang\u00e8res, avec les ambassades de certains pays. Ces \u00e9tudiants pourraient ainsi passer leurs \u00e9preuves \u00e0 partir du Maroc. La liste des pays n\u2019a pas encore \u00e9t\u00e9 annonc\u00e9e.<br \/><em>A.Na<\/em><\/p>\n<\/div>\n<\/div>\n<\/div>\n<\/div>\n<div class=\"eco-conseil\">\n<div class=\"view view-eco-conseil-16 view-id-eco_conseil_16 view-display-id-cookies view-dom-id-185461d1298edcf8573e8670bf14cc67\">\n<div class=\"view-content\">\n<div id=\"views-bootstrap-grid-1\" class=\"views-bootstrap-grid-plugin-style\">\n<div class=\"row\">\n<div class=\" col-xs-12 col-lg-4\">\n<div class=\"row\">\n<div class=\"col col-xs-12 col-lg-12\">\n<div class=\"field-content\"><a href=\"\/article\/1062109-mission-francaise-les-parents-pour-une-facture-negociee\"><img loading=\"lazy\" decoding=\"async\" class=\"img-responsive\" typeof=\"foaf:Image\" src=\"https:\/\/www.leconomiste.com\/sites\/default\/files\/eco7\/public\/styles\/800x400\/public\/default_images\/default_une.jpg?itok=4jZlgnIZ\" width=\"660\" height=\"330\" alt=\"\"\/><\/a><\/div>\n<\/div>\n<div class=\" title_suite_2 col col-xs-12 col-lg-12\"> <a href=\"\/article\/1062109-mission-francaise-les-parents-pour-une-facture-negociee\"\/><span class=\"field-content\">Article 1062109<\/span><\/div>\n<\/div>\n<\/div>\n<div class=\" col-xs-12 col-lg-4\">\n<div class=\"row\">\n<div class=\"col col-xs-12 col-lg-12\">\n<div class=\"field-content\"><a href=\"\/article\/1062107-universite-les-examens-entre-juillet-et-septembre\"><img loading=\"lazy\" decoding=\"async\" class=\"img-responsive\" typeof=\"foaf:Image\" src=\"https:\/\/www.leconomiste.com\/sites\/default\/files\/eco7\/public\/styles\/800x400\/public\/default_images\/default_une.jpg?itok=4jZlgnIZ\" width=\"660\" height=\"330\" alt=\"\"\/><\/a><\/div>\n<\/div>\n<div class=\" title_suite_2 col col-xs-12 col-lg-12\"> <a href=\"\/article\/1062107-universite-les-examens-entre-juillet-et-septembre\"\/><span class=\"field-content\">Universit\u00e9: Les examens entre juillet et septembre<\/span><\/div>\n<\/div>\n<\/div>\n<div class=\" col-xs-12 col-lg-4\">\n<div class=\"row\">\n<div class=\"col col-xs-12 col-lg-12\">\n<div class=\"field-content\"><a href=\"\/article\/1062106-facop-va-fabriquer-des-visieres\"><img loading=\"lazy\" decoding=\"async\" class=\"img-responsive\" typeof=\"foaf:Image\" src=\"https:\/\/www.leconomiste.com\/sites\/default\/files\/eco7\/public\/styles\/800x400\/public\/default_images\/default_une.jpg?itok=4jZlgnIZ\" width=\"660\" height=\"330\" alt=\"\"\/><\/a><\/div>\n<\/div>\n<div class=\" title_suite_2 col col-xs-12 col-lg-12\"> <a href=\"\/article\/1062106-facop-va-fabriquer-des-visieres\"\/><span class=\"field-content\">Facop va fabriquer des visi\u00e8res<\/span><\/div>\n<\/div>\n<\/div>\n<\/div>\n<\/div>\n<\/div>\n<\/div>\n<\/div>\n<p>Auteur: hlafriqi<br \/>\n<a href=\"https:\/\/www.leconomiste.com\/article\/1062108-etudiants-l-etranger-des-examens-partir-du-maroc\">Cliquez ici pour lire l&rsquo;article depuis sa source.<\/a><\/p>\n","protected":false},"excerpt":{"rendered":"<p>Par Ahlam NAZIH | Edition N\u00b0:5764 Le 19\/05\/2020 | Partager Pour les examens des \u00e9tudiants marocains inscrits dans des \u00e9tablissements \u00e0 l\u2019\u00e9tranger et confin\u00e9s au Maroc, le minist\u00e8re de l\u2019Education nationale pr\u00e9voit de coordonner, en partenariat avec les Affaires \u00e9trang\u00e8res, avec les ambassades de certains pays. Ces \u00e9tudiants pourraient ainsi passer leurs \u00e9preuves \u00e0 partir [&hellip;]<\/p>\n","protected":false},"author":1763,"featured_media":0,"comment_status":"closed","ping_status":"closed","sticky":false,"template":"","format":"standard","meta":{"fifu_image_url":"","fifu_image_alt":"","footnotes":""},"categories":[78,54],"tags":[],"class_list":["post-85879","post","type-post","status-publish","format-standard","hentry","category-economie","category-maroc"],"_links":{"self":[{"href":"https:\/\/linitiative.ca\/International\/wp-json\/wp\/v2\/posts\/85879","targetHints":{"allow":["GET"]}}],"collection":[{"href":"https:\/\/linitiative.ca\/International\/wp-json\/wp\/v2\/posts"}],"about":[{"href":"https:\/\/linitiative.ca\/International\/wp-json\/wp\/v2\/types\/post"}],"author":[{"embeddable":true,"href":"https:\/\/linitiative.ca\/International\/wp-json\/wp\/v2\/users\/1763"}],"replies":[{"embeddable":true,"href":"https:\/\/linitiative.ca\/International\/wp-json\/wp\/v2\/comments?post=85879"}],"version-history":[{"count":0,"href":"https:\/\/linitiative.ca\/International\/wp-json\/wp\/v2\/posts\/85879\/revisions"}],"wp:attachment":[{"href":"https:\/\/linitiative.ca\/International\/wp-json\/wp\/v2\/media?parent=85879"}],"wp:term":[{"taxonomy":"category","embeddable":true,"href":"https:\/\/linitiative.ca\/International\/wp-json\/wp\/v2\/categories?post=85879"},{"taxonomy":"post_tag","embeddable":true,"href":"https:\/\/linitiative.ca\/International\/wp-json\/wp\/v2\/tags?post=85879"}],"curies":[{"name":"wp","href":"https:\/\/api.w.org\/{rel}","templated":true}]}}