{"id":85880,"date":"2020-05-18T12:55:22","date_gmt":"2020-05-18T16:55:22","guid":{"rendered":"https:\/\/linitiative.ca\/International\/article-1062109\/"},"modified":"2020-05-18T12:55:22","modified_gmt":"2020-05-18T16:55:22","slug":"article-1062109","status":"publish","type":"post","link":"https:\/\/linitiative.ca\/International\/article-1062109\/","title":{"rendered":"Article 1062109"},"content":{"rendered":"<div class=\"author\" readability=\"5.6949152542373\"> Par <a href=\"\/content\/ahlam-nazih\"> Ahlam NAZIH<\/a> <a href=\"\/node\/\"> <\/a> | Edition N\u00b0:5764 Le 19\/05\/2020 | Partager <\/div>\n<div class=\"body\">\n<div class=\"field field-name-body field-type-text-with-summary field-label-hidden\">\n<div class=\"field-items\" readability=\"12.5\">\n<div class=\"field-item even\" property=\"content:encoded\" readability=\"20\">\n<p class=\"rtejustify\">Le Groupement des associations des parents d\u2019\u00e9l\u00e8ves des \u00e9tablissements d\u2019enseignement fran\u00e7ais au Maroc (APEK, API, CAPE, PEEP) se dit contre le maintien des frais de scolarit\u00e9 du troisi\u00e8me trimestre inchang\u00e9s. Selon le groupement, les parents sont pour une facture \u00abn\u00e9goci\u00e9e\u00bb tenant compte du surco\u00fbt support\u00e9 par les familles. Ils demandent, \u00e9galement, une r\u00e9vision du contrat financier, pr\u00e9cisant les obligations des parties ainsi que les modalit\u00e9s du e-learning.<br \/>Les parents revendiquent aussi le gel des augmentations des frais sur les trois prochaines ann\u00e9es, un moratoire sur les travaux non engag\u00e9s en donnant la priorit\u00e9 au num\u00e9rique, et enfin, une homog\u00e9n\u00e9isation et une mise \u00e0 niveau de l\u2019enseignement \u00e0 distance.<br \/><em>\u00a0A.Na <\/em><\/p>\n<\/div>\n<\/div>\n<\/div>\n<\/div>\n<div class=\"eco-conseil\">\n<div class=\"view view-eco-conseil-16 view-id-eco_conseil_16 view-display-id-cookies view-dom-id-240353406a0c94b29874c6c1990c6f13\">\n<div class=\"view-content\">\n<div id=\"views-bootstrap-grid-1\" class=\"views-bootstrap-grid-plugin-style\">\n<div class=\"row\">\n<div class=\" col-xs-12 col-lg-4\">\n<div class=\"row\">\n<div class=\"col col-xs-12 col-lg-12\">\n<div class=\"field-content\"><a href=\"\/article\/1062108-etudiants-l-etranger-des-examens-partir-du-maroc\"><img loading=\"lazy\" decoding=\"async\" class=\"img-responsive\" typeof=\"foaf:Image\" src=\"https:\/\/www.leconomiste.com\/sites\/default\/files\/eco7\/public\/styles\/800x400\/public\/default_images\/default_une.jpg?itok=4jZlgnIZ\" width=\"660\" height=\"330\" alt=\"\"\/><\/a><\/div>\n<\/div>\n<div class=\" title_suite_2 col col-xs-12 col-lg-12\"> <a href=\"\/article\/1062108-etudiants-l-etranger-des-examens-partir-du-maroc\"\/><span class=\"field-content\">Etudiants \u00e0 l\u2019\u00e9tranger: Des examens \u00e0 partir du Maroc<\/span><\/div>\n<\/div>\n<\/div>\n<div class=\" col-xs-12 col-lg-4\">\n<div class=\"row\">\n<div class=\"col col-xs-12 col-lg-12\">\n<div class=\"field-content\"><a href=\"\/article\/1062107-universite-les-examens-entre-juillet-et-septembre\"><img loading=\"lazy\" decoding=\"async\" class=\"img-responsive\" typeof=\"foaf:Image\" src=\"https:\/\/www.leconomiste.com\/sites\/default\/files\/eco7\/public\/styles\/800x400\/public\/default_images\/default_une.jpg?itok=4jZlgnIZ\" width=\"660\" height=\"330\" alt=\"\"\/><\/a><\/div>\n<\/div>\n<div class=\" title_suite_2 col col-xs-12 col-lg-12\"> <a href=\"\/article\/1062107-universite-les-examens-entre-juillet-et-septembre\"\/><span class=\"field-content\">Universit\u00e9: Les examens entre juillet et septembre<\/span><\/div>\n<\/div>\n<\/div>\n<div class=\" col-xs-12 col-lg-4\">\n<div class=\"row\">\n<div class=\"col col-xs-12 col-lg-12\">\n<div class=\"field-content\"><a href=\"\/article\/1062106-facop-va-fabriquer-des-visieres\"><img loading=\"lazy\" decoding=\"async\" class=\"img-responsive\" typeof=\"foaf:Image\" src=\"https:\/\/www.leconomiste.com\/sites\/default\/files\/eco7\/public\/styles\/800x400\/public\/default_images\/default_une.jpg?itok=4jZlgnIZ\" width=\"660\" height=\"330\" alt=\"\"\/><\/a><\/div>\n<\/div>\n<div class=\" title_suite_2 col col-xs-12 col-lg-12\"> <a href=\"\/article\/1062106-facop-va-fabriquer-des-visieres\"\/><span class=\"field-content\">Facop va fabriquer des visi\u00e8res<\/span><\/div>\n<\/div>\n<\/div>\n<\/div>\n<\/div>\n<\/div>\n<\/div>\n<\/div>\n<p>Auteur: hlafriqi<br \/>\n<a href=\"https:\/\/www.leconomiste.com\/article\/1062109-mission-francaise-les-parents-pour-une-facture-negociee\">Cliquez ici pour lire l&rsquo;article depuis sa source.<\/a><\/p>\n","protected":false},"excerpt":{"rendered":"<p>Par Ahlam NAZIH | Edition N\u00b0:5764 Le 19\/05\/2020 | Partager Le Groupement des associations des parents d\u2019\u00e9l\u00e8ves des \u00e9tablissements d\u2019enseignement fran\u00e7ais au Maroc (APEK, API, CAPE, PEEP) se dit contre le maintien des frais de scolarit\u00e9 du troisi\u00e8me trimestre inchang\u00e9s. Selon le groupement, les parents sont pour une facture \u00abn\u00e9goci\u00e9e\u00bb tenant compte du surco\u00fbt support\u00e9 [&hellip;]<\/p>\n","protected":false},"author":1763,"featured_media":0,"comment_status":"closed","ping_status":"closed","sticky":false,"template":"","format":"standard","meta":{"fifu_image_url":"","fifu_image_alt":"","footnotes":""},"categories":[78,54],"tags":[],"class_list":["post-85880","post","type-post","status-publish","format-standard","hentry","category-economie","category-maroc"],"_links":{"self":[{"href":"https:\/\/linitiative.ca\/International\/wp-json\/wp\/v2\/posts\/85880","targetHints":{"allow":["GET"]}}],"collection":[{"href":"https:\/\/linitiative.ca\/International\/wp-json\/wp\/v2\/posts"}],"about":[{"href":"https:\/\/linitiative.ca\/International\/wp-json\/wp\/v2\/types\/post"}],"author":[{"embeddable":true,"href":"https:\/\/linitiative.ca\/International\/wp-json\/wp\/v2\/users\/1763"}],"replies":[{"embeddable":true,"href":"https:\/\/linitiative.ca\/International\/wp-json\/wp\/v2\/comments?post=85880"}],"version-history":[{"count":0,"href":"https:\/\/linitiative.ca\/International\/wp-json\/wp\/v2\/posts\/85880\/revisions"}],"wp:attachment":[{"href":"https:\/\/linitiative.ca\/International\/wp-json\/wp\/v2\/media?parent=85880"}],"wp:term":[{"taxonomy":"category","embeddable":true,"href":"https:\/\/linitiative.ca\/International\/wp-json\/wp\/v2\/categories?post=85880"},{"taxonomy":"post_tag","embeddable":true,"href":"https:\/\/linitiative.ca\/International\/wp-json\/wp\/v2\/tags?post=85880"}],"curies":[{"name":"wp","href":"https:\/\/api.w.org\/{rel}","templated":true}]}}