{"id":85887,"date":"2020-05-18T15:13:21","date_gmt":"2020-05-18T19:13:21","guid":{"rendered":"https:\/\/linitiative.ca\/International\/pros-mgladbach-bensebaini-deuxieme-defenseur-le-plus-prolifique-de-bundesliga\/"},"modified":"2020-05-18T15:13:21","modified_gmt":"2020-05-18T19:13:21","slug":"pros-mgladbach-bensebaini-deuxieme-defenseur-le-plus-prolifique-de-bundesliga","status":"publish","type":"post","link":"https:\/\/linitiative.ca\/International\/pros-mgladbach-bensebaini-deuxieme-defenseur-le-plus-prolifique-de-bundesliga\/","title":{"rendered":"Pros : M&rsquo;gladbach : Bensebaini, deuxi\u00e8me d\u00e9fenseur le plus prolifique de Bundesliga"},"content":{"rendered":"<div readability=\"32\">\n<p>Auteur : <span class=\"time\">lundi 18 mai 2020 19:06<\/span><\/p>\n<\/div>\n<div id=\"post_core\" readability=\"47\">\n<p>Malgr\u00e9 une petite p\u00e9riode d&rsquo;adaptation \u00e0 son arriv\u00e9e au Borussia M\u00f6nchengladbach en raison d&rsquo;une pr\u00e9paration estivale quasi nulle suite au succ\u00e8s en coupe d&rsquo;Afrique des nations avec sa s\u00e9lection, l&rsquo;international alg\u00e9rien s&rsquo;est rapidement mis en \u00e9vidence comme l&rsquo;indique Maxifoot. Preuve en est, il a d\u00e9j\u00e0 trouv\u00e9 le chemin des filets \u00e0 5 reprises (plus 2 passes d\u00e9cisives) en 12 matchs de Bundesliga. Seul Martin Hinteregger (6 buts en 23 matchs) fait mieux parmi les joueurs \u00e9voluant exclusivement en d\u00e9fense dans le championnat allemand. D&rsquo;autant plus impressionnant qu&rsquo;il tourne \u00e0 un but toutes les 179 minutes.<\/p>\n<p>Double buteur lors de la victoire sur le fil contre le Bayern Munich (2-1), d\u00e9but d\u00e9cembre, Bensebaini a parfaitement n\u00e9goci\u00e9 sa reprise en \u00e9tant d\u00e9cisif sur la pelouse de l&rsquo;Eintracht Francfort (1-3), samedi, avec un but et une passe d\u00e9cisive.<\/p>\n<p><strong>Publi\u00e9 dans :<\/strong> <span>Bensebaini<\/span><\/p>\n<\/div>\n<p>Auteur:<br \/>\n<a href=\"http:\/\/www.lebuteur.com\/article\/detail?titre=mgladbach-bensebaini-deuxieme-defenseur-le-plus-prolifique-de-bundesliga&#038;id=95973&#038;utm_source=feedburner&#038;utm_medium=feed&#038;utm_campaign=Feed%3A+GalerieFArtciles+%28Les+derniers+articles++-+lebuteur.com%29\">Cliquez ici pour lire l&rsquo;article depuis sa source.<\/a><\/p>\n","protected":false},"excerpt":{"rendered":"<p>Auteur : lundi 18 mai 2020 19:06 Malgr\u00e9 une petite p\u00e9riode d&rsquo;adaptation \u00e0 son arriv\u00e9e au Borussia M\u00f6nchengladbach en raison d&rsquo;une pr\u00e9paration estivale quasi nulle suite au succ\u00e8s en coupe d&rsquo;Afrique des nations avec sa s\u00e9lection, l&rsquo;international alg\u00e9rien s&rsquo;est rapidement mis en \u00e9vidence comme l&rsquo;indique Maxifoot. Preuve en est, il a d\u00e9j\u00e0 trouv\u00e9 le chemin [&hellip;]<\/p>\n","protected":false},"author":1738,"featured_media":85888,"comment_status":"closed","ping_status":"closed","sticky":false,"template":"","format":"standard","meta":{"fifu_image_url":"","fifu_image_alt":"","footnotes":""},"categories":[53,75],"tags":[],"class_list":["post-85887","post","type-post","status-publish","format-standard","has-post-thumbnail","hentry","category-algerie","category-sport"],"_links":{"self":[{"href":"https:\/\/linitiative.ca\/International\/wp-json\/wp\/v2\/posts\/85887","targetHints":{"allow":["GET"]}}],"collection":[{"href":"https:\/\/linitiative.ca\/International\/wp-json\/wp\/v2\/posts"}],"about":[{"href":"https:\/\/linitiative.ca\/International\/wp-json\/wp\/v2\/types\/post"}],"author":[{"embeddable":true,"href":"https:\/\/linitiative.ca\/International\/wp-json\/wp\/v2\/users\/1738"}],"replies":[{"embeddable":true,"href":"https:\/\/linitiative.ca\/International\/wp-json\/wp\/v2\/comments?post=85887"}],"version-history":[{"count":0,"href":"https:\/\/linitiative.ca\/International\/wp-json\/wp\/v2\/posts\/85887\/revisions"}],"wp:featuredmedia":[{"embeddable":true,"href":"https:\/\/linitiative.ca\/International\/wp-json\/"}],"wp:attachment":[{"href":"https:\/\/linitiative.ca\/International\/wp-json\/wp\/v2\/media?parent=85887"}],"wp:term":[{"taxonomy":"category","embeddable":true,"href":"https:\/\/linitiative.ca\/International\/wp-json\/wp\/v2\/categories?post=85887"},{"taxonomy":"post_tag","embeddable":true,"href":"https:\/\/linitiative.ca\/International\/wp-json\/wp\/v2\/tags?post=85887"}],"curies":[{"name":"wp","href":"https:\/\/api.w.org\/{rel}","templated":true}]}}