{"id":85893,"date":"2020-05-18T15:18:29","date_gmt":"2020-05-18T19:18:29","guid":{"rendered":"https:\/\/linitiative.ca\/International\/transition-energetique-au-coeur-de-la-politique-nationale\/"},"modified":"2020-05-18T15:18:29","modified_gmt":"2020-05-18T19:18:29","slug":"transition-energetique-au-coeur-de-la-politique-nationale","status":"publish","type":"post","link":"https:\/\/linitiative.ca\/International\/transition-energetique-au-coeur-de-la-politique-nationale\/","title":{"rendered":"Transition \u00e9nerg\u00e9tique  : au c\u0153ur de la politique nationale"},"content":{"rendered":"<p>La transition \u00e9nerg\u00e9tique est au c\u0153ur de la politique nationale future de l&rsquo;\u00e9nergie, a indiqu\u00e9, hier depuis la wilaya d&rsquo;Adrar, le ministre de l&rsquo;\u00c9nergie, Mohamed Arkab.<br \/>\u00abLa transition \u00e9nerg\u00e9tique est au c\u0153ur de la politique \u00e9nerg\u00e9tique adopt\u00e9e par l\u2019Alg\u00e9rie et qui s\u2019oriente vers l\u2019exploitation de nouvelles sources d\u2019\u00e9nergie\u00bb, a affirm\u00e9 le ministre, lors de l\u2019inauguration d\u2019une centrale solaire (6 m\u00e9gawatts) dans la commune de Zaouiet Kounta (80 km au sud d\u2019Adrar), au terme de sa visite de travail dans la wilaya.<br \/>Ce type de projets \u00abtraduit la volont\u00e9 de l\u2019\u00c9tat de concr\u00e9tiser la transition \u00e9nerg\u00e9tique, en abandonnant, notamment le diesel dans la production d\u2019\u00e9lectricit\u00e9 au profit de sources d\u2019\u00e9nergie propre et respectueuse de l\u2019environnement\u00bb, a-t-il soulign\u00e9.<br \/>Le projet, r\u00e9alis\u00e9 sur une superficie de 12 hectares, \u00e0 la faveur d\u2019un partenariat alg\u00e9ro-chinois pour un co\u00fbt de 1,3 milliard DA et 12 millions de dollars US (partie en devises), a g\u00e9n\u00e9r\u00e9 40 emplois, selon les explications fournies \u00e0 la d\u00e9l\u00e9gation minist\u00e9rielle.<br \/>Auparavant, le ministre avait inspect\u00e9, au chef-lieu de wilaya, le projet d\u2019une centrale \u00e9lectrique fonctionnant au gaz naturel, d\u2019une capacit\u00e9 de 200 m\u00e9gawatts produits via 8 turbines \u00e0 gaz. Un projet en phase de r\u00e9alisation avanc\u00e9.<br \/>M. Arkab a soulign\u00e9 l\u2019int\u00e9r\u00eat de cet ouvrage \u00e9nerg\u00e9tique dans la strat\u00e9gie de diversification et de transition \u00e9nerg\u00e9tiques, \u00e0 m\u00eame de hisser la production \u00e9lectrique dans la wilaya de 800 \u00e0 1.000 m\u00e9gawatts, et, ainsi, d\u2019am\u00e9liorer la distribution \u00e9lectrique et la consommation domestique, industrielle et agricole, a-t-il ajout\u00e9.<br \/>Le ministre de l\u2019\u00c9nergie a saisi l\u2019opportunit\u00e9 pour valoriser l\u2019apport des comp\u00e9tences alg\u00e9riennes, des entreprises publiques et priv\u00e9es, dans la r\u00e9alisation des projets, dont celui du gazoduc reliant le groupe Reggane au chef-lieu de la wilaya et \u00e0 la centrale \u00e9lectrique, ce qui, a-t-il not\u00e9, \u00abencourage le recours aux entreprises alg\u00e9riennes pour la r\u00e9alisation des projets du secteur\u00bb.<\/p>\n<p>Auteur: elmoudjahid<br \/>\n<a href=\"http:\/\/www.elmoudjahid.com\/fr\/actualites\/153562\">Cliquez ici pour lire l&rsquo;article depuis sa source.<\/a><\/p>\n","protected":false},"excerpt":{"rendered":"<p>La transition \u00e9nerg\u00e9tique est au c\u0153ur de la politique nationale future de l&rsquo;\u00e9nergie, a indiqu\u00e9, hier depuis la wilaya d&rsquo;Adrar, le ministre de l&rsquo;\u00c9nergie, Mohamed Arkab.\u00abLa transition \u00e9nerg\u00e9tique est au c\u0153ur de la politique \u00e9nerg\u00e9tique adopt\u00e9e par l\u2019Alg\u00e9rie et qui s\u2019oriente vers l\u2019exploitation de nouvelles sources d\u2019\u00e9nergie\u00bb, a affirm\u00e9 le ministre, lors de l\u2019inauguration d\u2019une [&hellip;]<\/p>\n","protected":false},"author":1744,"featured_media":0,"comment_status":"closed","ping_status":"closed","sticky":false,"template":"","format":"standard","meta":{"fifu_image_url":"","fifu_image_alt":"","footnotes":""},"categories":[73,53],"tags":[],"class_list":["post-85893","post","type-post","status-publish","format-standard","hentry","category-actualite","category-algerie"],"_links":{"self":[{"href":"https:\/\/linitiative.ca\/International\/wp-json\/wp\/v2\/posts\/85893","targetHints":{"allow":["GET"]}}],"collection":[{"href":"https:\/\/linitiative.ca\/International\/wp-json\/wp\/v2\/posts"}],"about":[{"href":"https:\/\/linitiative.ca\/International\/wp-json\/wp\/v2\/types\/post"}],"author":[{"embeddable":true,"href":"https:\/\/linitiative.ca\/International\/wp-json\/wp\/v2\/users\/1744"}],"replies":[{"embeddable":true,"href":"https:\/\/linitiative.ca\/International\/wp-json\/wp\/v2\/comments?post=85893"}],"version-history":[{"count":0,"href":"https:\/\/linitiative.ca\/International\/wp-json\/wp\/v2\/posts\/85893\/revisions"}],"wp:attachment":[{"href":"https:\/\/linitiative.ca\/International\/wp-json\/wp\/v2\/media?parent=85893"}],"wp:term":[{"taxonomy":"category","embeddable":true,"href":"https:\/\/linitiative.ca\/International\/wp-json\/wp\/v2\/categories?post=85893"},{"taxonomy":"post_tag","embeddable":true,"href":"https:\/\/linitiative.ca\/International\/wp-json\/wp\/v2\/tags?post=85893"}],"curies":[{"name":"wp","href":"https:\/\/api.w.org\/{rel}","templated":true}]}}