{"id":85899,"date":"2020-05-18T11:21:54","date_gmt":"2020-05-18T15:21:54","guid":{"rendered":"https:\/\/linitiative.ca\/International\/105195-rugby-saison-blanche-pour-les-differentes-competitions\/"},"modified":"2020-05-18T11:21:54","modified_gmt":"2020-05-18T15:21:54","slug":"105195-rugby-saison-blanche-pour-les-differentes-competitions","status":"publish","type":"post","link":"https:\/\/linitiative.ca\/International\/105195-rugby-saison-blanche-pour-les-differentes-competitions\/","title":{"rendered":"Rugby: saison blanche pour les diff\u00e9rentes comp\u00e9titions"},"content":{"rendered":"<div readability=\"41\">\n<p><strong>ALGER &#8211; Le pr\u00e9sident de la F\u00e9d\u00e9ration alg\u00e9rienne de rugby (FAR), Sofiane Benhacen, a annonc\u00e9 lundi, apr\u00e8s consultation des membres du bureau f\u00e9d\u00e9ral, que les diff\u00e9rentes comp\u00e9titions nationales de la saison en cours, \u00e0 l&rsquo;arr\u00eat depuis deux mois, sont annul\u00e9es en raison de la pand\u00e9mie de coronavirus (COVID-19).<\/strong><\/p>\n<\/div>\n<div readability=\"69.540263543192\">\n<p>Dans une d\u00e9claration \u00e0 l&rsquo;APS, Benhacen a assur\u00e9 qu&rsquo;il \u00e9tait \u00ab\u00a0inutile\u00a0\u00bb de poursuivre la saison dans ces conditions de sant\u00e9 publique \u00e0 cause de la propagation du coronavirus.<\/p>\n<p>\u00ab\u00a0Nous avons d\u00e9cid\u00e9 d&rsquo;appliquer une saison blanche pour l&rsquo;exercice 2019-2020 sur toutes nos comp\u00e9titions nationales (messieurs et dames) pour toutes les cat\u00e9gories d&rsquo;\u00e2ge. Il n&rsquo;y aura donc pas de champion d&rsquo;Alg\u00e9rie cette saison\u00a0\u00bb, a-t-il d\u00e9clar\u00e9.<\/p>\n<p>Le pr\u00e9sident de l&rsquo;instance f\u00e9d\u00e9rale a expliqu\u00e9 que cette d\u00e9cision a \u00e9t\u00e9 prise pour \u00ab\u00a0prot\u00e9ger la sant\u00e9 des joueurs et des staffs techniques\u00a0\u00bb.<\/p>\n<blockquote readability=\"9\">\n<p><em><strong>\u00ab\u00a0La reprise des comp\u00e9titions aurait \u00e9t\u00e9 dangereuse pour la sant\u00e9 de tout le monde, d&rsquo;autant plus que la F\u00e9d\u00e9ration ne dispose pas de moyens suffisants pour effectuer des tests de d\u00e9pistage sur les joueurs\u00a0\u00bb, a-t-il soulign\u00e9.<\/strong><\/em><\/p>\n<\/blockquote>\n<hr\/>\n<h3>Lire aussi:\u00a0<a href=\"http:\/\/www.aps.dz\/sport\/102315-rugby-can-2020-algerie-senegal-une-1ere-historique-pour-les-verts-a-alger\" target=\"_blank\" rel=\"noopener noreferrer\">Rugby\/CAN-2020-Alg\u00e9rie-S\u00e9n\u00e9gal: une 1\u00e8re historique pour les Verts<\/a>\u00a0<\/h3>\n<hr\/>\n<p>\u00ab\u00a0Il sera difficile pour les joueurs et entra\u00eeneurs de reprendre la comp\u00e9tition apr\u00e8s deux mois d&rsquo;arr\u00eat. C&rsquo;est dommage pour les clubs qui se d\u00e9veloppent, \u00e0 l&rsquo;image de l&rsquo;Etoile de Bologhine et le Stade d&rsquo;Oran\u00a0\u00bb, a ajout\u00e9 Benhacen.<\/p>\n<p>Concernant la nouvelle saison \u00e0 venir, le patron du rugby alg\u00e9rien a indiqu\u00e9 que son instance esp\u00e8re que les conditions sanitaires permettront la reprise des activit\u00e9s sportives lors du coup d&rsquo;envoi du prochain exercice.<\/p>\n<p>\u00ab\u00a0Nous allons \u00e9tablir le calendrier de la prochaine saison \u00e0 partir du mois de septembre en prenant en compte les directives du minist\u00e8re de la Jeunesse et des Sports\u00a0\u00bb, a-t-il assur\u00e9.<\/p>\n<p>Benhacen a \u00e9galement indiqu\u00e9 qu&rsquo;aucun cas d&rsquo;infection de COVID-19 n&rsquo;a \u00e9t\u00e9 signal\u00e9 au sein de la famille du rugby alg\u00e9rien, gr\u00e2ce notamment aux dispositions prises par la FAR. \u00ab\u00a0Nous avions d\u00e9cid\u00e9 de suspendre toutes les comp\u00e9titions \u00e0 partir du 13 mars, m\u00eame si le MJS nous avait permis de jouer \u00e0 huis clos\u00a0\u00bb.<\/p>\n<p>La F\u00e9d\u00e9ration de rugby devient la deuxi\u00e8me instance sportive alg\u00e9rienne \u00e0 annuler sa saison, apr\u00e8s celle de natation qui avait annonc\u00e9 une saison blanche, mercredi dernier.<\/p>\n<\/div>\n<p>Auteur:<br \/>\n<a href=\"http:\/\/www.aps.dz\/sport\/105195-rugby-saison-blanche-pour-les-differentes-competitions?utm_source=feedburner&#038;utm_medium=feed&#038;utm_campaign=Feed%3A+aps-sport+%28APS+-+SPORT%29\">Cliquez ici pour lire l&rsquo;article depuis sa source.<\/a><\/p>\n","protected":false},"excerpt":{"rendered":"<p>ALGER &#8211; Le pr\u00e9sident de la F\u00e9d\u00e9ration alg\u00e9rienne de rugby (FAR), Sofiane Benhacen, a annonc\u00e9 lundi, apr\u00e8s consultation des membres du bureau f\u00e9d\u00e9ral, que les diff\u00e9rentes comp\u00e9titions nationales de la saison en cours, \u00e0 l&rsquo;arr\u00eat depuis deux mois, sont annul\u00e9es en raison de la pand\u00e9mie de coronavirus (COVID-19). Dans une d\u00e9claration \u00e0 l&rsquo;APS, Benhacen a [&hellip;]<\/p>\n","protected":false},"author":1790,"featured_media":0,"comment_status":"closed","ping_status":"closed","sticky":false,"template":"","format":"standard","meta":{"fifu_image_url":"","fifu_image_alt":"","footnotes":""},"categories":[53,75],"tags":[],"class_list":["post-85899","post","type-post","status-publish","format-standard","hentry","category-algerie","category-sport"],"_links":{"self":[{"href":"https:\/\/linitiative.ca\/International\/wp-json\/wp\/v2\/posts\/85899","targetHints":{"allow":["GET"]}}],"collection":[{"href":"https:\/\/linitiative.ca\/International\/wp-json\/wp\/v2\/posts"}],"about":[{"href":"https:\/\/linitiative.ca\/International\/wp-json\/wp\/v2\/types\/post"}],"author":[{"embeddable":true,"href":"https:\/\/linitiative.ca\/International\/wp-json\/wp\/v2\/users\/1790"}],"replies":[{"embeddable":true,"href":"https:\/\/linitiative.ca\/International\/wp-json\/wp\/v2\/comments?post=85899"}],"version-history":[{"count":0,"href":"https:\/\/linitiative.ca\/International\/wp-json\/wp\/v2\/posts\/85899\/revisions"}],"wp:attachment":[{"href":"https:\/\/linitiative.ca\/International\/wp-json\/wp\/v2\/media?parent=85899"}],"wp:term":[{"taxonomy":"category","embeddable":true,"href":"https:\/\/linitiative.ca\/International\/wp-json\/wp\/v2\/categories?post=85899"},{"taxonomy":"post_tag","embeddable":true,"href":"https:\/\/linitiative.ca\/International\/wp-json\/wp\/v2\/tags?post=85899"}],"curies":[{"name":"wp","href":"https:\/\/api.w.org\/{rel}","templated":true}]}}