{"id":85900,"date":"2020-05-18T11:56:43","date_gmt":"2020-05-18T15:56:43","guid":{"rendered":"https:\/\/linitiative.ca\/International\/105198-ligue-1-ess-halfaya-absent-a-son-audition-pour-des-raisons-de-sante\/"},"modified":"2020-05-18T11:56:43","modified_gmt":"2020-05-18T15:56:43","slug":"105198-ligue-1-ess-halfaya-absent-a-son-audition-pour-des-raisons-de-sante","status":"publish","type":"post","link":"https:\/\/linitiative.ca\/International\/105198-ligue-1-ess-halfaya-absent-a-son-audition-pour-des-raisons-de-sante\/","title":{"rendered":"Ligue 1-ESS: Halfaya absent \u00e0 son audition pour des \u00a0\u00bb raisons de sant\u00e9\u00a0\u00bb"},"content":{"rendered":"<div readability=\"38\">\n<p><strong>ALGER &#8211; Le directeur g\u00e9n\u00e9ral de l\u2019ES S\u00e9tif (Ligue 1 alg\u00e9rienne de football) Fahd Halfaya, convoqu\u00e9 pour \u00eatre auditionn\u00e9 lundi par la commission de discipline de la Ligue de football (LFP) \u00e0 propos de l&rsquo;enregistrement sonore qui l&rsquo;aurait impliqu\u00e9 dans le marchandage des matchs, s&rsquo;est absent\u00e9 pour des \u00ab\u00a0raisons de sant\u00e9 \u00ab\u00a0, a indiqu\u00e9 l&rsquo;avocat du club Nabil Beniya.<\/strong><\/p>\n<\/div>\n<div readability=\"87\">\n<p>\u00a0\u00bb Nous avons d\u00e9pos\u00e9 une demande pour le report de l&rsquo;audition \u00e0 une date ult\u00e9rieure, du moment que Halfaya n&rsquo;a pu effectuer le d\u00e9placement pour des raisons de sant\u00e9. Nous sommes dans l\u2019attente de la r\u00e9ponse de la commission de discipline pour aujourd\u2019hui via son site officiel \u00ab\u00a0, a d\u00e9clar\u00e9 l&rsquo;avocat \u00e0 la presse, peu apr\u00e8s sa sortie du si\u00e8ge de la LFP \u00e0 Alger.<\/p>\n<p>Un enregistrement sonore qui aurait impliqu\u00e9 le DG de l\u2019ES S\u00e9tif, Fahd Halfaya, et un manager de joueurs, est devenu viral sur les r\u00e9seaux sociaux. Le premier responsable de l\u2019Entente s&rsquo;est empress\u00e9 \u00e0 nier en bloc, affirmant que l\u2019enregistrement est un \u00ab\u00a0faux\u00a0\u00bb.<\/p>\n<p>Halfaya est accus\u00e9 d\u2019avoir sollicit\u00e9 un manager connu dans le milieu du football pour arranger des rencontres et favoriser par cons\u00e9quent son \u00e9quipe afin qu&rsquo;elle remporte le titre de champion d\u2019Alg\u00e9rie au d\u00e9triment des autres concurrents.<\/p>\n<p>Tout en s&rsquo;abstenant \u00e0 d\u00e9voiler le nom de ce manager, l&rsquo;avocat de l\u2019Entente a indiqu\u00e9 qu&rsquo;il allait \u00a0\u00bb d\u00e9poser un dossier, mais en raison du droit de r\u00e9serve, je ne peux pas d\u00e9voiler ses d\u00e9tails\u00a0\u00bb.<\/p>\n<p>Le DG de l&rsquo;ESS Fahd Halfaya a d\u00e9pos\u00e9 plaine jeudi dernier contre x aupr\u00e8s des services de la s\u00fbret\u00e9 de la wilaya de S\u00e9tif.<\/p>\n<p>Les membres du conseil d&rsquo;administration de l&rsquo;ES S\u00e9tif, r\u00e9unis vendredi dernier, ont rejet\u00e9 les accusations prof\u00e9r\u00e9es contre Fahd Halfaya, concernant le marchandage de matchs de Ligue 1. Le CA de l\u2019Entente est arriv\u00e9 \u00e0 la conclusion qu&rsquo;aucune d\u00e9cision ne sera prise par ses membres sans que l\u2019enqu\u00eate men\u00e9e par les instances du football (FAF et LFP) ne soit achev\u00e9e.<\/p>\n<p>Le ministre de la Jeunesse et des Sports (MJS), Sid Ali Khaldi, avait r\u00e9agi \u00e0 l\u2019enregistrement sonore, tout en s\u2019engageant \u00e0 combattre la corruption dans le milieu sportif.<\/p>\n<p>\u00ab\u00a0Les r\u00e9seaux sociaux ont repris un enregistrement sonore qui n&rsquo;a aucun lien avec l&rsquo;esprit sportif et les valeurs morales. En attendant l&rsquo;issue de l\u2019enqu\u00eate sur les dessous de cette affaire et l\u2019authenticit\u00e9 de l\u2019enregistrement, je d\u00e9nonce avec force ce genre de comportements qui enfreint les lois de la discipline sportive et porte un coup \u00e0 l\u2019int\u00e9grit\u00e9 et \u00e0 l\u2019image du sport alg\u00e9rien\u00a0\u00bb, a-t-il indiqu\u00e9.<\/p>\n<p>La F\u00e9d\u00e9ration alg\u00e9rienne de football (FAF) avait \u00e9galement r\u00e9agi \u00e0 cet enregistrement, soulignant qu&rsquo;elle s&rsquo;\u00e9tait saisie de l&rsquo;affaire, tout en d\u00e9non\u00e7ant avec vigueur ces \u00a0\u00bb pratiques condamnables\u00a0\u00bb.<\/p>\n<\/div>\n<p>Auteur:<br \/>\n<a href=\"http:\/\/www.aps.dz\/sport\/105198-ligue-1-ess-halfaya-absent-a-son-audition-pour-des-raisons-de-sante?utm_source=feedburner&#038;utm_medium=feed&#038;utm_campaign=Feed%3A+aps-sport+%28APS+-+SPORT%29\">Cliquez ici pour lire l&rsquo;article depuis sa source.<\/a><\/p>\n","protected":false},"excerpt":{"rendered":"<p>ALGER &#8211; Le directeur g\u00e9n\u00e9ral de l\u2019ES S\u00e9tif (Ligue 1 alg\u00e9rienne de football) Fahd Halfaya, convoqu\u00e9 pour \u00eatre auditionn\u00e9 lundi par la commission de discipline de la Ligue de football (LFP) \u00e0 propos de l&rsquo;enregistrement sonore qui l&rsquo;aurait impliqu\u00e9 dans le marchandage des matchs, s&rsquo;est absent\u00e9 pour des \u00ab\u00a0raisons de sant\u00e9 \u00ab\u00a0, a indiqu\u00e9 l&rsquo;avocat [&hellip;]<\/p>\n","protected":false},"author":1790,"featured_media":0,"comment_status":"closed","ping_status":"closed","sticky":false,"template":"","format":"standard","meta":{"fifu_image_url":"","fifu_image_alt":"","footnotes":""},"categories":[53,75],"tags":[],"class_list":["post-85900","post","type-post","status-publish","format-standard","hentry","category-algerie","category-sport"],"_links":{"self":[{"href":"https:\/\/linitiative.ca\/International\/wp-json\/wp\/v2\/posts\/85900","targetHints":{"allow":["GET"]}}],"collection":[{"href":"https:\/\/linitiative.ca\/International\/wp-json\/wp\/v2\/posts"}],"about":[{"href":"https:\/\/linitiative.ca\/International\/wp-json\/wp\/v2\/types\/post"}],"author":[{"embeddable":true,"href":"https:\/\/linitiative.ca\/International\/wp-json\/wp\/v2\/users\/1790"}],"replies":[{"embeddable":true,"href":"https:\/\/linitiative.ca\/International\/wp-json\/wp\/v2\/comments?post=85900"}],"version-history":[{"count":0,"href":"https:\/\/linitiative.ca\/International\/wp-json\/wp\/v2\/posts\/85900\/revisions"}],"wp:attachment":[{"href":"https:\/\/linitiative.ca\/International\/wp-json\/wp\/v2\/media?parent=85900"}],"wp:term":[{"taxonomy":"category","embeddable":true,"href":"https:\/\/linitiative.ca\/International\/wp-json\/wp\/v2\/categories?post=85900"},{"taxonomy":"post_tag","embeddable":true,"href":"https:\/\/linitiative.ca\/International\/wp-json\/wp\/v2\/tags?post=85900"}],"curies":[{"name":"wp","href":"https:\/\/api.w.org\/{rel}","templated":true}]}}