{"id":85902,"date":"2020-05-18T14:21:00","date_gmt":"2020-05-18T18:21:00","guid":{"rendered":"https:\/\/linitiative.ca\/International\/aid-el-fitr-la-nuit-du-doute-fixee-pour-le-vendredi\/"},"modified":"2020-05-18T14:21:00","modified_gmt":"2020-05-18T18:21:00","slug":"aid-el-fitr-la-nuit-du-doute-fixee-pour-le-vendredi","status":"publish","type":"post","link":"https:\/\/linitiative.ca\/International\/aid-el-fitr-la-nuit-du-doute-fixee-pour-le-vendredi\/","title":{"rendered":"A\u00efd El Fitr : la nuit  du doute fix\u00e9e pour le vendredi"},"content":{"rendered":"<p><br id=\"sep_para_1\" class=\"sep_para access\"\/><\/p>\n<div id=\"para_1\" class=\"para_37032959 resize\">\n<div class=\"texte access firstletter\">La Commission nationale de l&rsquo;observation du croissant lunaire informe l\u2019ensemble des citoyens que la nuit du doute consacr\u00e9e \u00e0 l&rsquo;observation du croissant lunaire du mois de Choual pour l\u2019ann\u00e9e 1441 de l\u2019h\u00e9gire a \u00e9t\u00e9 fix\u00e9e au vendredi prochain, a indiqu\u00e9 lundi un communiqu\u00e9 du minist\u00e8re des Affaires religieuses et des wakfs. Une conf\u00e9rence consacr\u00e9e \u00e0 la nuit du doute sera organis\u00e9e apr\u00e8s la pri\u00e8re du Maghreb \u00e0 Dar El Imam (El Mohammadia, Alger) et sera retransmise en direct par les m\u00e9dias audiovisuels, ajoute la m\u00eame source. Le minist\u00e8re des Affaires religieuses a renouvel\u00e9, \u00e0 cet effet, le souhait que Dieu, Tout Puissant, pr\u00e9serve l&rsquo;Alg\u00e9rie et l&rsquo;humanit\u00e9 toute enti\u00e8re contre la pand\u00e9mie du nouveau Coronavirus.<\/div>\n<\/div>\n<p>Auteur: R\u00e9flexion<br \/>\n<a href=\"https:\/\/www.reflexiondz.net\/Aid-El-Fitr-la-nuit-du-doute-fixee-pour-le-vendredi_a62812.html\">Cliquez ici pour lire l&rsquo;article depuis sa source.<\/a><\/p>\n","protected":false},"excerpt":{"rendered":"<p>La Commission nationale de l&rsquo;observation du croissant lunaire informe l\u2019ensemble des citoyens que la nuit du doute consacr\u00e9e \u00e0 l&rsquo;observation du croissant lunaire du mois de Choual pour l\u2019ann\u00e9e 1441 de l\u2019h\u00e9gire a \u00e9t\u00e9 fix\u00e9e au vendredi prochain, a indiqu\u00e9 lundi un communiqu\u00e9 du minist\u00e8re des Affaires religieuses et des wakfs. Une conf\u00e9rence consacr\u00e9e \u00e0 [&hellip;]<\/p>\n","protected":false},"author":1740,"featured_media":0,"comment_status":"closed","ping_status":"closed","sticky":false,"template":"","format":"standard","meta":{"fifu_image_url":"","fifu_image_alt":"","footnotes":""},"categories":[53,76],"tags":[],"class_list":["post-85902","post","type-post","status-publish","format-standard","hentry","category-algerie","category-regions"],"_links":{"self":[{"href":"https:\/\/linitiative.ca\/International\/wp-json\/wp\/v2\/posts\/85902","targetHints":{"allow":["GET"]}}],"collection":[{"href":"https:\/\/linitiative.ca\/International\/wp-json\/wp\/v2\/posts"}],"about":[{"href":"https:\/\/linitiative.ca\/International\/wp-json\/wp\/v2\/types\/post"}],"author":[{"embeddable":true,"href":"https:\/\/linitiative.ca\/International\/wp-json\/wp\/v2\/users\/1740"}],"replies":[{"embeddable":true,"href":"https:\/\/linitiative.ca\/International\/wp-json\/wp\/v2\/comments?post=85902"}],"version-history":[{"count":0,"href":"https:\/\/linitiative.ca\/International\/wp-json\/wp\/v2\/posts\/85902\/revisions"}],"wp:attachment":[{"href":"https:\/\/linitiative.ca\/International\/wp-json\/wp\/v2\/media?parent=85902"}],"wp:term":[{"taxonomy":"category","embeddable":true,"href":"https:\/\/linitiative.ca\/International\/wp-json\/wp\/v2\/categories?post=85902"},{"taxonomy":"post_tag","embeddable":true,"href":"https:\/\/linitiative.ca\/International\/wp-json\/wp\/v2\/tags?post=85902"}],"curies":[{"name":"wp","href":"https:\/\/api.w.org\/{rel}","templated":true}]}}