{"id":85903,"date":"2020-05-18T14:21:00","date_gmt":"2020-05-18T18:21:00","guid":{"rendered":"https:\/\/linitiative.ca\/International\/la-retraite-a-65-ans-nest-pas-obligatoire\/"},"modified":"2020-05-18T14:21:00","modified_gmt":"2020-05-18T18:21:00","slug":"la-retraite-a-65-ans-nest-pas-obligatoire","status":"publish","type":"post","link":"https:\/\/linitiative.ca\/International\/la-retraite-a-65-ans-nest-pas-obligatoire\/","title":{"rendered":"La retraite \u00e0 65 ans n\u2019est pas obligatoire"},"content":{"rendered":"<p><br id=\"sep_para_1\" class=\"sep_para access\"\/><\/p>\n<div id=\"para_1\" class=\"para_37032955 resize\">\n<div class=\"texte access firstletter\">Le directeur g\u00e9n\u00e9ral de la Caisse nationale de retraite (CNR) a indiqu\u00e9 lundi que\u00a0 la retraite \u00e0 65 ans\u00a0 est un choix optionnel, ajoutant que l\u2019\u00e2ge l\u00e9gal de d\u00e9part reste pour le moment les 65 ans. Invit\u00e9 lundi \u00e0 la radio, Slimane Mellouka a expliqu\u00e9 que c\u2019est le d\u00e9ficit chronique de la CNR depuis de longues ann\u00e9es qui a pouss\u00e9 les responsables \u00e0 ouvrir la possibilit\u00e9 de d\u00e9part \u00e0 la retraite \u00e0 l\u2019\u00e2ge de 65 ans pour les travailleurs qui en manifestent la volont\u00e9.\u00a0 \u00ab Le d\u00e9cret de 2020 permet au travailleur qui\u00a0 le souhaite de rester en poste jusqu\u2019\u00e0 65 ans, \u00e0 condition de\u00a0 formuler une demande manuscrite trois mois avant l\u2019\u00e2ge l\u00e9gal de d\u00e9part (60 ans N.D.LR))\u00bb explique encore\u00a0 Slimane\u00a0 Mellouka. \u00ab Le nouveau d\u00e9cret 202 consacre le retour \u00e0 l\u2019\u00e2ge universel\u00a0 de la retraite, quant \u00e0 ce qu\u2019on appelle\u00a0 la retraite anticip\u00e9e ou sans condition d\u2019\u00e2ge, elle est\u00a0 venue en 1997 dans des conditions exceptionnelles \u00bb, dit-il , laissant clairement entendre que la formule est appel\u00e9e \u00e0 \u00eatre abandonn\u00e9e, \u00e0 l&rsquo;exception des entreprises en faillite.<\/div>\n<\/div>\n<p>Auteur: R\u00e9flexion<br \/>\n<a href=\"https:\/\/www.reflexiondz.net\/La-retraite-a-65-ans-n-est-pas-obligatoire_a62811.html\">Cliquez ici pour lire l&rsquo;article depuis sa source.<\/a><\/p>\n","protected":false},"excerpt":{"rendered":"<p>Le directeur g\u00e9n\u00e9ral de la Caisse nationale de retraite (CNR) a indiqu\u00e9 lundi que\u00a0 la retraite \u00e0 65 ans\u00a0 est un choix optionnel, ajoutant que l\u2019\u00e2ge l\u00e9gal de d\u00e9part reste pour le moment les 65 ans. Invit\u00e9 lundi \u00e0 la radio, Slimane Mellouka a expliqu\u00e9 que c\u2019est le d\u00e9ficit chronique de la CNR depuis de [&hellip;]<\/p>\n","protected":false},"author":1740,"featured_media":0,"comment_status":"closed","ping_status":"closed","sticky":false,"template":"","format":"standard","meta":{"fifu_image_url":"","fifu_image_alt":"","footnotes":""},"categories":[53,76],"tags":[],"class_list":["post-85903","post","type-post","status-publish","format-standard","hentry","category-algerie","category-regions"],"_links":{"self":[{"href":"https:\/\/linitiative.ca\/International\/wp-json\/wp\/v2\/posts\/85903","targetHints":{"allow":["GET"]}}],"collection":[{"href":"https:\/\/linitiative.ca\/International\/wp-json\/wp\/v2\/posts"}],"about":[{"href":"https:\/\/linitiative.ca\/International\/wp-json\/wp\/v2\/types\/post"}],"author":[{"embeddable":true,"href":"https:\/\/linitiative.ca\/International\/wp-json\/wp\/v2\/users\/1740"}],"replies":[{"embeddable":true,"href":"https:\/\/linitiative.ca\/International\/wp-json\/wp\/v2\/comments?post=85903"}],"version-history":[{"count":0,"href":"https:\/\/linitiative.ca\/International\/wp-json\/wp\/v2\/posts\/85903\/revisions"}],"wp:attachment":[{"href":"https:\/\/linitiative.ca\/International\/wp-json\/wp\/v2\/media?parent=85903"}],"wp:term":[{"taxonomy":"category","embeddable":true,"href":"https:\/\/linitiative.ca\/International\/wp-json\/wp\/v2\/categories?post=85903"},{"taxonomy":"post_tag","embeddable":true,"href":"https:\/\/linitiative.ca\/International\/wp-json\/wp\/v2\/tags?post=85903"}],"curies":[{"name":"wp","href":"https:\/\/api.w.org\/{rel}","templated":true}]}}