{"id":85924,"date":"2020-05-18T12:20:26","date_gmt":"2020-05-18T16:20:26","guid":{"rendered":"https:\/\/linitiative.ca\/International\/coronavirus-82-nouveaux-cas-lundi-a-16h-6952-au-total\/"},"modified":"2020-05-18T12:20:26","modified_gmt":"2020-05-18T16:20:26","slug":"coronavirus-82-nouveaux-cas-lundi-a-16h-6952-au-total","status":"publish","type":"post","link":"https:\/\/linitiative.ca\/International\/coronavirus-82-nouveaux-cas-lundi-a-16h-6952-au-total\/","title":{"rendered":"Coronavirus : 82 nouveaux cas lundi \u00e0 16h, 6952 au total"},"content":{"rendered":"<p><strong>Voici le nouveau bilan du minist\u00e8re de la Sant\u00e9<\/strong><\/p>\n<div class=\"c10\"\/>\n<p>Le Maroc a enregistr\u00e9 ces derni\u00e8res 24 heures, 82 nouveaux cas, portant le total \u00e0 6952. Le nombre de d\u00e9c\u00e8s est de 192, contre 3758 g\u00e9urisons (+98 ces derni\u00e8res ann\u00e9es).<\/p>\n<div class=\"c17\">\n<fieldset class=\"c16\">\n<legend><strong><span class=\"c11\">Challenge<\/span><span class=\"c12\">news<\/span><\/strong><\/legend>\n<div class=\"c15\">Le meilleur de Challenge s\u00e9lectionn\u00e9 par la r\u00e9daction :<\/p>\n<\/div>\n<\/fieldset>\n<\/div>\n<p>Auteur: challenge<br \/>\n<a href=\"https:\/\/www.challenge.ma\/coronavirus-82-nouveaux-cas-lundi-a-16h-6952-au-total-140745\/\">Cliquez ici pour lire l&rsquo;article depuis sa source.<\/a><\/p>\n","protected":false},"excerpt":{"rendered":"<p>Voici le nouveau bilan du minist\u00e8re de la Sant\u00e9 Le Maroc a enregistr\u00e9 ces derni\u00e8res 24 heures, 82 nouveaux cas, portant le total \u00e0 6952. Le nombre de d\u00e9c\u00e8s est de 192, contre 3758 g\u00e9urisons (+98 ces derni\u00e8res ann\u00e9es). Challengenews Le meilleur de Challenge s\u00e9lectionn\u00e9 par la r\u00e9daction : Auteur: challenge Cliquez ici pour lire [&hellip;]<\/p>\n","protected":false},"author":1787,"featured_media":0,"comment_status":"closed","ping_status":"closed","sticky":false,"template":"","format":"standard","meta":{"fifu_image_url":"","fifu_image_alt":"","footnotes":""},"categories":[78,54],"tags":[],"class_list":["post-85924","post","type-post","status-publish","format-standard","hentry","category-economie","category-maroc"],"_links":{"self":[{"href":"https:\/\/linitiative.ca\/International\/wp-json\/wp\/v2\/posts\/85924","targetHints":{"allow":["GET"]}}],"collection":[{"href":"https:\/\/linitiative.ca\/International\/wp-json\/wp\/v2\/posts"}],"about":[{"href":"https:\/\/linitiative.ca\/International\/wp-json\/wp\/v2\/types\/post"}],"author":[{"embeddable":true,"href":"https:\/\/linitiative.ca\/International\/wp-json\/wp\/v2\/users\/1787"}],"replies":[{"embeddable":true,"href":"https:\/\/linitiative.ca\/International\/wp-json\/wp\/v2\/comments?post=85924"}],"version-history":[{"count":0,"href":"https:\/\/linitiative.ca\/International\/wp-json\/wp\/v2\/posts\/85924\/revisions"}],"wp:attachment":[{"href":"https:\/\/linitiative.ca\/International\/wp-json\/wp\/v2\/media?parent=85924"}],"wp:term":[{"taxonomy":"category","embeddable":true,"href":"https:\/\/linitiative.ca\/International\/wp-json\/wp\/v2\/categories?post=85924"},{"taxonomy":"post_tag","embeddable":true,"href":"https:\/\/linitiative.ca\/International\/wp-json\/wp\/v2\/tags?post=85924"}],"curies":[{"name":"wp","href":"https:\/\/api.w.org\/{rel}","templated":true}]}}