{"id":85935,"date":"2020-05-18T16:18:10","date_gmt":"2020-05-18T20:18:10","guid":{"rendered":"https:\/\/linitiative.ca\/International\/tunisie-les-douaniers-en-colere\/"},"modified":"2020-05-18T16:18:10","modified_gmt":"2020-05-18T20:18:10","slug":"tunisie-les-douaniers-en-colere","status":"publish","type":"post","link":"https:\/\/linitiative.ca\/International\/tunisie-les-douaniers-en-colere\/","title":{"rendered":"Tunisie \u2013 Les douaniers en col\u00e8re"},"content":{"rendered":"<div class=\"post-cont-in left relative\">\n<p>Les agents et cadres des douanes tunisiennes, ainsi que les membres de leurs familles, ont entam\u00e9 une op\u00e9ration de protestation \u00e0 travers les r\u00e9seaux sociaux. Et ce, en rempla\u00e7ant leurs photos de profil, par l\u2019insigne des douanes.<\/p>\n<div class=\"code-block code-block-1 c3\"><ins class=\"adsbygoogle c2\" data-ad-layout=\"in-article\" data-ad-format=\"fluid\" data-ad-client=\"ca-pub-2102118777505746\" data-ad-slot=\"7301775417\"\/> <\/div>\n<p>Ils entendent, ainsi, protester contre la campagne de d\u00e9nigrement qui les cible, et qui vise \u00e0 les obliger \u00e0 se soumettre aux barons de la contrebande et de la corruption. Ils protestent, par ailleurs sur les derni\u00e8res d\u00e9cisions du gouvernement, qui vont les priver de promotions et de primes, pour les deux ann\u00e9es \u00e0 venir.<\/p>\n<p>Ils jugent ce comportement ingrat, de la part du gouvernement, \u00e0 l\u2019\u00e9gard de l\u2019administration qui est en train de lui assurer pas moins de 35% de son budget.<\/p>\n<p><img loading=\"lazy\" decoding=\"async\" class=\"aligncenter size-full wp-image-524068\" src=\"https:\/\/www.tunisienumerique.com\/wp-content\/uploads\/2020\/05\/douanes.jpg\" alt=\"\" width=\"600\" height=\"602\" srcset=\"https:\/\/www.tunisienumerique.com\/wp-content\/uploads\/2020\/05\/douanes.jpg 600w, https:\/\/www.tunisienumerique.com\/wp-content\/uploads\/2020\/05\/douanes-80x80.jpg 80w\" sizes=\"auto, (max-width: 600px) 100vw, 600px\"\/><\/p>\n<div class=\"swp_social_panel swp_horizontal_panel swp_flat_fresh swp_default_full_color swp_individual_full_color swp_other_full_color scale-100 scale-\" data-min-width=\"1100\" data-float-color=\"#ffffff\" data-float=\"bottom\" data-float-mobile=\"bottom\" data-transition=\"slide\">\n<div class=\"nc_tweetContainer swp_share_button total_shares total_sharesalt\"><span class=\"swp_count\">16 <span class=\"swp_label\">Partages<\/span><\/span><\/div>\n<\/div>\n<p><strong>Que se passe-t-il en Tunisie?<\/strong><br \/>Nous expliquons sur notre <a href=\"https:\/\/www.youtube.com\/channel\/UCRzypVq0B_yBad5eGrwBx0Q?sub_confirmation=1\" target=\"_blank\" rel=\"noopener noreferrer\">cha\u00eene YouTube<\/a> . <a href=\"https:\/\/www.youtube.com\/channel\/UCRzypVq0B_yBad5eGrwBx0Q?sub_confirmation=1\" target=\"_blank\" rel=\"noopener noreferrer\">Abonnez-vous!<\/a><\/p>\n<div class=\"mvp-org-wrap mvp-org-logo\" itemprop=\"publisher\" itemscope=\"\" itemtype=\"https:\/\/schema.org\/Organization\"><img decoding=\"async\" src=\"https:\/\/www.tunisienumerique.com\/wp-content\/uploads\/2017\/02\/logo_tunisie_numerique.png\"\/><\/div>\n<div class=\"mvp-related-posts left relative\">\n<h4 class=\"post-header\"><span class=\"post-header\">Lire aussi<\/span><\/h4>\n<\/div>\n<div id=\"article-ad\"><ins class=\"adsbygoogle c4\" data-ad-client=\"ca-pub-2102118777505746\" data-ad-slot=\"6513972734\" data-ad-format=\"auto\" data-full-width-responsive=\"true\"\/> <\/div>\n<\/div>\n<div id=\"post-sidebar-wrap\"><ins class=\"adsbygoogle c4\" data-ad-client=\"ca-pub-2102118777505746\" data-ad-slot=\"6168283410\" data-ad-format=\"auto\" data-full-width-responsive=\"true\"\/> <\/div>\n<p>Auteur: LM<br \/>\n<a href=\"https:\/\/www.tunisienumerique.com\/tunisie-les-douaniers-en-colere\/\">Cliquez ici pour lire l&rsquo;article depuis sa source.<\/a><\/p>\n","protected":false},"excerpt":{"rendered":"<p>Les agents et cadres des douanes tunisiennes, ainsi que les membres de leurs familles, ont entam\u00e9 une op\u00e9ration de protestation \u00e0 travers les r\u00e9seaux sociaux. Et ce, en rempla\u00e7ant leurs photos de profil, par l\u2019insigne des douanes. Ils entendent, ainsi, protester contre la campagne de d\u00e9nigrement qui les cible, et qui vise \u00e0 les obliger [&hellip;]<\/p>\n","protected":false},"author":1789,"featured_media":85936,"comment_status":"closed","ping_status":"closed","sticky":false,"template":"","format":"standard","meta":{"fifu_image_url":"","fifu_image_alt":"","footnotes":""},"categories":[73,55],"tags":[],"class_list":["post-85935","post","type-post","status-publish","format-standard","has-post-thumbnail","hentry","category-actualite","category-tunisie"],"_links":{"self":[{"href":"https:\/\/linitiative.ca\/International\/wp-json\/wp\/v2\/posts\/85935","targetHints":{"allow":["GET"]}}],"collection":[{"href":"https:\/\/linitiative.ca\/International\/wp-json\/wp\/v2\/posts"}],"about":[{"href":"https:\/\/linitiative.ca\/International\/wp-json\/wp\/v2\/types\/post"}],"author":[{"embeddable":true,"href":"https:\/\/linitiative.ca\/International\/wp-json\/wp\/v2\/users\/1789"}],"replies":[{"embeddable":true,"href":"https:\/\/linitiative.ca\/International\/wp-json\/wp\/v2\/comments?post=85935"}],"version-history":[{"count":0,"href":"https:\/\/linitiative.ca\/International\/wp-json\/wp\/v2\/posts\/85935\/revisions"}],"wp:featuredmedia":[{"embeddable":true,"href":"https:\/\/linitiative.ca\/International\/wp-json\/"}],"wp:attachment":[{"href":"https:\/\/linitiative.ca\/International\/wp-json\/wp\/v2\/media?parent=85935"}],"wp:term":[{"taxonomy":"category","embeddable":true,"href":"https:\/\/linitiative.ca\/International\/wp-json\/wp\/v2\/categories?post=85935"},{"taxonomy":"post_tag","embeddable":true,"href":"https:\/\/linitiative.ca\/International\/wp-json\/wp\/v2\/tags?post=85935"}],"curies":[{"name":"wp","href":"https:\/\/api.w.org\/{rel}","templated":true}]}}