{"id":85941,"date":"2020-05-17T18:48:49","date_gmt":"2020-05-17T22:48:49","guid":{"rendered":"https:\/\/linitiative.ca\/International\/presidence-de-la-fbf-bertrand-kabore-le-4e-candidat-declare\/"},"modified":"2020-05-17T18:48:49","modified_gmt":"2020-05-17T22:48:49","slug":"presidence-de-la-fbf-bertrand-kabore-le-4e-candidat-declare","status":"publish","type":"post","link":"https:\/\/linitiative.ca\/International\/presidence-de-la-fbf-bertrand-kabore-le-4e-candidat-declare\/","title":{"rendered":"Pr\u00e9sidence de la FBF Bertrand Kabor\u00e9, le 4e candidat d\u00e9clar\u00e9"},"content":{"rendered":"<div class=\"td-post-featured-image\"><a href=\"https:\/\/www.sidwaya.info\/wp-content\/uploads\/2020\/05\/fbfsid018.jpg\" data-caption=\"\"><img loading=\"lazy\" decoding=\"async\" width=\"696\" height=\"348\" class=\"entry-thumb td-modal-image\" src=\"https:\/\/www.sidwaya.info\/wp-content\/uploads\/2020\/05\/fbfsid018-696x348.jpg\" srcset=\"https:\/\/www.sidwaya.info\/wp-content\/uploads\/2020\/05\/fbfsid018-696x348.jpg 696w, https:\/\/www.sidwaya.info\/wp-content\/uploads\/2020\/05\/fbfsid018-300x150.jpg 300w, https:\/\/www.sidwaya.info\/wp-content\/uploads\/2020\/05\/fbfsid018-1024x512.jpg 1024w, https:\/\/www.sidwaya.info\/wp-content\/uploads\/2020\/05\/fbfsid018-768x384.jpg 768w, https:\/\/www.sidwaya.info\/wp-content\/uploads\/2020\/05\/fbfsid018-839x420.jpg 839w, https:\/\/www.sidwaya.info\/wp-content\/uploads\/2020\/05\/fbfsid018.jpg 1039w\" sizes=\"auto, (max-width: 696px) 100vw, 696px\" alt=\"\" title=\"fbfsid018\"\/><\/a><\/div>\n<p><strong>L\u2019ancien secr\u00e9taire g\u00e9n\u00e9ral de la F\u00e9d\u00e9ration burkinab\u00e8 de football (FBF), Bertrand Kabor\u00e9, a annonc\u00e9, le samedi 16 mai 2020 \u00e0 Ouagadougou, sa candidature au poste de pr\u00e9sident de la fa\u00eeti\u00e8re du football burkinab\u00e8. Candidat malheureux en 2016, il revient cette ann\u00e9e avec de nouveaux arguments pour une nouvelle fois tenter sa chance.<\/strong><\/p>\n<p>\u00abMa candidature au poste de pr\u00e9sident de la FBF est une suite logique de mon v\u00e9cu dans les instances nationales et internationales du football \u00bb, a d\u00e9clar\u00e9 d\u2019entr\u00e9e, Bertrand Kabor\u00e9, devant la presse, le 16 mai dernier \u00e0 Ouagadougou. L\u2019ancien secr\u00e9taire g\u00e9n\u00e9ral de la FBF a juste fait une d\u00e9claration et les journalistes n\u2019ont pas eu l\u2019occasion de poser des questions pour mieux comprendre sa vision. N\u00e9anmoins, dans sa d\u00e9claration, il a brandi sa connaissance du monde du football burkinab\u00e8 pour s\u00e9duire les \u00e9lecteurs. En effet, le candidat d\u00e9clar\u00e9 fut joueur, entra\u00eeneur, dirigeant de clubs, pr\u00e9sident de ligue, charg\u00e9 des relations ext\u00e9rieures de la FBF, secr\u00e9taire g\u00e9n\u00e9ral de la FBF, membre de la commission m\u00e9dia CAF et commissaire au match CAF. Le challenger de Sita Sangar\u00e9 (pr\u00e9sident sortant de la FBF) en 2016 a indiqu\u00e9 que plusieurs pr\u00e9sidents de clubs et repr\u00e9sentants de ligues ont adh\u00e9r\u00e9 \u00e0 son programme et partagent sa vision du football burkinab\u00e8. Il a la ferme conviction que son programme est \u00ab la meilleure th\u00e9rapie pour le rayonnement du football burkinab\u00e8 \u00bb. M. Kabor\u00e9 dit \u00eatre un candidat du \u00abrenouveau et de la coh\u00e9sion dans la famille du football burkinab\u00e8 \u00bb. Son programme pour les 4 ans, s\u2019il est port\u00e9 \u00e0 la t\u00eate de la FBF, s\u2019articulera autour de 7 axes que sont le renforcement des capacit\u00e9 des acteurs du football burkinab\u00e8, la g\u00e9n\u00e9ralisation de la mise en \u0153uvre du football loisir, l\u2019optimisation de la performance sportive, l\u2019am\u00e9lioration des partenariats nationaux et internationaux, le d\u00e9veloppement des revenus substantiels pour les acteurs du football, l\u2019innovation dans les domaines strat\u00e9giques et la cr\u00e9ation des conditions de coh\u00e9sion et de paix au sein de la famille du football. En 2016, Bertrand Kabor\u00e9 avait \u00e9t\u00e9 battu par Sita Sangar\u00e9 \u00e0 la pr\u00e9sidence de la FBF. Cette ann\u00e9e, avant que la hi\u00e9rarchie militaire n\u2019interdise au colonel Sangar\u00e9 de briguer un 3e mandat, Bertrand Kabor\u00e9 avait pourtant d\u00e9clar\u00e9 dans les m\u00e9dias \u00eatre son directeur de campagne. Bertrand Kabor\u00e9 est le 4e candidat d\u00e9clar\u00e9 apr\u00e8s Amado Traor\u00e9, Lazare Banss\u00e9 et Mory Sanou. Le minist\u00e8re des Sports et des Loisirs a donn\u00e9 son quitus le vendredi dernier pour le renouvellement de toutes les f\u00e9d\u00e9rations sportives dans l\u2019intervalle du 27 mai au 30 septembre 2020.<\/p>\n<p>Adama SALAMBERE<\/p>\n<div class=\"td-a-rec td-a-rec-id-content_inline tdi_30_5c8 td_block_template_1\"><img loading=\"lazy\" decoding=\"async\" class=\"aligncenter size-full wp-image-21314\" src=\"https:\/\/www.sidwaya.info\/wp-content\/uploads\/2020\/04\/Bandeau-Covid-19-Sidwaya-1.jpg\" alt=\"\" width=\"790\" height=\"98\"\/><\/div>\n<div class=\"td-a-rec td-a-rec-id-content_bottom tdi_31_125 td_block_template_1\"><img loading=\"lazy\" decoding=\"async\" class=\"aligncenter size-full wp-image-9623\" src=\"https:\/\/www.sidwaya.info\/wp-content\/uploads\/2019\/06\/Projet-bannie\u0300re-Orange-mobile.jpg\" alt=\"\" width=\"728\" height=\"81\"\/><\/div>\n<p>Auteur: BM. Sidwaya<br \/>\n<a href=\"https:\/\/www.sidwaya.info\/blog\/2020\/05\/17\/presidence-de-la-fbf-bertrand-kabore-le-4e-candidat-declare\/\">Cliquez ici pour lire l&rsquo;article depuis sa source.<\/a><\/p>\n","protected":false},"excerpt":{"rendered":"<p>L\u2019ancien secr\u00e9taire g\u00e9n\u00e9ral de la F\u00e9d\u00e9ration burkinab\u00e8 de football (FBF), Bertrand Kabor\u00e9, a annonc\u00e9, le samedi 16 mai 2020 \u00e0 Ouagadougou, sa candidature au poste de pr\u00e9sident de la fa\u00eeti\u00e8re du football burkinab\u00e8. Candidat malheureux en 2016, il revient cette ann\u00e9e avec de nouveaux arguments pour une nouvelle fois tenter sa chance. \u00abMa candidature au [&hellip;]<\/p>\n","protected":false},"author":1816,"featured_media":85942,"comment_status":"closed","ping_status":"closed","sticky":false,"template":"","format":"standard","meta":{"fifu_image_url":"","fifu_image_alt":"","footnotes":""},"categories":[73,81],"tags":[],"class_list":["post-85941","post","type-post","status-publish","format-standard","has-post-thumbnail","hentry","category-actualite","category-burkina-faso"],"_links":{"self":[{"href":"https:\/\/linitiative.ca\/International\/wp-json\/wp\/v2\/posts\/85941","targetHints":{"allow":["GET"]}}],"collection":[{"href":"https:\/\/linitiative.ca\/International\/wp-json\/wp\/v2\/posts"}],"about":[{"href":"https:\/\/linitiative.ca\/International\/wp-json\/wp\/v2\/types\/post"}],"author":[{"embeddable":true,"href":"https:\/\/linitiative.ca\/International\/wp-json\/wp\/v2\/users\/1816"}],"replies":[{"embeddable":true,"href":"https:\/\/linitiative.ca\/International\/wp-json\/wp\/v2\/comments?post=85941"}],"version-history":[{"count":0,"href":"https:\/\/linitiative.ca\/International\/wp-json\/wp\/v2\/posts\/85941\/revisions"}],"wp:featuredmedia":[{"embeddable":true,"href":"https:\/\/linitiative.ca\/International\/wp-json\/"}],"wp:attachment":[{"href":"https:\/\/linitiative.ca\/International\/wp-json\/wp\/v2\/media?parent=85941"}],"wp:term":[{"taxonomy":"category","embeddable":true,"href":"https:\/\/linitiative.ca\/International\/wp-json\/wp\/v2\/categories?post=85941"},{"taxonomy":"post_tag","embeddable":true,"href":"https:\/\/linitiative.ca\/International\/wp-json\/wp\/v2\/tags?post=85941"}],"curies":[{"name":"wp","href":"https:\/\/api.w.org\/{rel}","templated":true}]}}