{"id":85951,"date":"2020-05-18T14:25:22","date_gmt":"2020-05-18T18:25:22","guid":{"rendered":"https:\/\/linitiative.ca\/International\/cameroun-a-propos-de-kledavid-nous-ne-reconnaissons-pas-ce-produit-archidiocese-de-douala\/"},"modified":"2020-05-18T14:25:22","modified_gmt":"2020-05-18T18:25:22","slug":"cameroun-a-propos-de-kledavid-nous-ne-reconnaissons-pas-ce-produit-archidiocese-de-douala","status":"publish","type":"post","link":"https:\/\/linitiative.ca\/International\/cameroun-a-propos-de-kledavid-nous-ne-reconnaissons-pas-ce-produit-archidiocese-de-douala\/","title":{"rendered":"Cameroun\/A propos de Kledavid: \u201cNous ne reconnaissons pas ce produit\u201d (Archidioc\u00e8se de Douala)"},"content":{"rendered":"<div readability=\"32\">\n<p>Publi\u00e9 le 18.05.2020 \u00e0 19h25 par JournalduCameroun.com<\/p>\n<\/div>\n<div readability=\"51\">\n<h2>Le coordonnateur sant\u00e9 de l\u2019archidioc\u00e8se de Douala assure que le traitement mis au point par Mgr Samuel Kleda contre l\u2019infection au nouveau coronavirus \u201cn\u2019a pas encore de nom\u201d<\/h2>\n<p><span class=\"c6\">L\u2019archidioc\u00e8se de Douala, \u00e0 travers la voix de son coordonnateur sant\u00e9,<\/span> <strong>Dr Engelbert Kameni<\/strong><span class=\"c6\">, pr\u00e9sente le produit<\/span> <strong><em>\u201cKledavid\u201d<\/em><\/strong><span class=\"c6\">, attribu\u00e9 \u00e0 l\u2019archev\u00eaque m\u00e9tropolitain de la capitale \u00e9conomique, comme un faux et pas celui mis au point par<\/span> <strong>Mgr Samuel Kleda<\/strong><span class=\"c6\">.<\/span><\/p>\n<p><em><span class=\"c6\">\u201cNous ne reconnaissons pas ce produit\u201d<\/span><\/em><span class=\"c6\">, a affirm\u00e9 le Dr Engelbert Kameni ce 18 mai sur la radio publique nationale du Cameroun.<\/span> <em><span class=\"c6\">\u201cLe produit<\/span><\/em> <span class=\"c6\">[de Mgr Kleda, NDLR]<\/span> <em><span class=\"c6\">n\u2019a pas encore de nom<\/span><\/em><span class=\"c6\">\u201d, a-t-il indiqu\u00e9.<\/span><\/p>\n<p><span class=\"c6\">Mgr Samuel Kleda a pr\u00e9sent\u00e9 son traitement comme une<\/span> <strong><em>\u201chuile essentielle\u201d<\/em><\/strong> <span class=\"c6\">compos\u00e9e de plusieurs plantes. Le produit de l\u2019archev\u00eaque est distribu\u00e9<\/span> <em><span class=\"c6\">\u201cgratuitement\u201d<\/span><\/em> <span class=\"c6\">dans les centres de sant\u00e9 catholiques, sur pr\u00e9sentation d\u2019un test positif \u00e0 la Covid-19.<\/span><\/p>\n<\/div>\n<p>Auteur: Eug\u00e8ne SHEMA<br \/>\n<a href=\"https:\/\/www.journalducameroun.com\/cameroun-a-propos-de-kledavid-nous-ne-reconnaissons-pas-ce-produit-archidiocese-de-douala\/\">Cliquez ici pour lire l&rsquo;article depuis sa source.<\/a><\/p>\n","protected":false},"excerpt":{"rendered":"<p>Publi\u00e9 le 18.05.2020 \u00e0 19h25 par JournalduCameroun.com Le coordonnateur sant\u00e9 de l\u2019archidioc\u00e8se de Douala assure que le traitement mis au point par Mgr Samuel Kleda contre l\u2019infection au nouveau coronavirus \u201cn\u2019a pas encore de nom\u201d L\u2019archidioc\u00e8se de Douala, \u00e0 travers la voix de son coordonnateur sant\u00e9, Dr Engelbert Kameni, pr\u00e9sente le produit \u201cKledavid\u201d, attribu\u00e9 \u00e0 [&hellip;]<\/p>\n","protected":false},"author":1965,"featured_media":0,"comment_status":"closed","ping_status":"closed","sticky":false,"template":"","format":"standard","meta":{"fifu_image_url":"","fifu_image_alt":"","footnotes":""},"categories":[73,82],"tags":[],"class_list":["post-85951","post","type-post","status-publish","format-standard","hentry","category-actualite","category-cameroun"],"_links":{"self":[{"href":"https:\/\/linitiative.ca\/International\/wp-json\/wp\/v2\/posts\/85951","targetHints":{"allow":["GET"]}}],"collection":[{"href":"https:\/\/linitiative.ca\/International\/wp-json\/wp\/v2\/posts"}],"about":[{"href":"https:\/\/linitiative.ca\/International\/wp-json\/wp\/v2\/types\/post"}],"author":[{"embeddable":true,"href":"https:\/\/linitiative.ca\/International\/wp-json\/wp\/v2\/users\/1965"}],"replies":[{"embeddable":true,"href":"https:\/\/linitiative.ca\/International\/wp-json\/wp\/v2\/comments?post=85951"}],"version-history":[{"count":0,"href":"https:\/\/linitiative.ca\/International\/wp-json\/wp\/v2\/posts\/85951\/revisions"}],"wp:attachment":[{"href":"https:\/\/linitiative.ca\/International\/wp-json\/wp\/v2\/media?parent=85951"}],"wp:term":[{"taxonomy":"category","embeddable":true,"href":"https:\/\/linitiative.ca\/International\/wp-json\/wp\/v2\/categories?post=85951"},{"taxonomy":"post_tag","embeddable":true,"href":"https:\/\/linitiative.ca\/International\/wp-json\/wp\/v2\/tags?post=85951"}],"curies":[{"name":"wp","href":"https:\/\/api.w.org\/{rel}","templated":true}]}}