{"id":85952,"date":"2020-05-18T15:18:03","date_gmt":"2020-05-18T19:18:03","guid":{"rendered":"https:\/\/linitiative.ca\/International\/afrique-du-sud-le-confinement-a-pour-priorite-de-sauver-des-vies-ramaphosa\/"},"modified":"2020-05-18T15:18:03","modified_gmt":"2020-05-18T19:18:03","slug":"afrique-du-sud-le-confinement-a-pour-priorite-de-sauver-des-vies-ramaphosa","status":"publish","type":"post","link":"https:\/\/linitiative.ca\/International\/afrique-du-sud-le-confinement-a-pour-priorite-de-sauver-des-vies-ramaphosa\/","title":{"rendered":"Afrique du Sud : le confinement a pour priorit\u00e9 de sauver des vies (Ramaphosa)"},"content":{"rendered":"<div readability=\"32\">\n<p>Publi\u00e9 le 18.05.2020 \u00e0 20h18 par APA News<\/p>\n<\/div>\n<div readability=\"66\">\n<p>Le pr\u00e9sident Cyril Ramaphosa a d\u00e9clar\u00e9 lundi que la mesure de confinement de huit semaines impos\u00e9e pour lutter contre le coronavirus en Afrique du Sud avait pour but de sauver des vies en emp\u00eachant cette maladie mortelle de se propager dans la population.<\/p>\n<p>En r\u00e9ponse aux menaces de l\u2019opposition de le tra\u00eener en justice avec son gouvernement pour mettre fin au confinement national, M. Ramaphosa a d\u00e9clar\u00e9 que les d\u00e9cisions de son gouvernement sur cette mesure stricte \u00e9taient guid\u00e9es par \u00ab\u00a0la n\u00e9cessit\u00e9 de promouvoir le droit \u00e0 la vie et \u00e0 la dignit\u00e9 tels que d\u00e9finis dans la constitution\u00a0\u00bb.<\/p>\n<p>\u00a0\u00ab\u00a0Certains ont r\u00e9ussi dans leurs contestations judiciaires et d\u2019autres non. Certains se sont adress\u00e9s aux tribunaux sur la base de l\u2019urgence de leurs affaires, et ont vu leurs requ\u00eates rejet\u00e9es, et d\u2019autres ont eu recours \u00e0 d\u2019autres voies pour obtenir l\u2019assouplissement qu\u2019ils recherchaient\u00a0\u00bb, a d\u00e9clar\u00e9 M. Ramaphosa.<\/p>\n<p>\u00a0Mais dans tout cela, poursuit M. Ramaphosa, le gouvernement a mis en place des freins et des contrepoids pour s\u2019assurer que chaque aspect de la bonne gouvernance puisse r\u00e9sister \u00e0 l\u2019examen constitutionnel.<\/p>\n<p>\u00a0Outre les partis d\u2019opposition, plusieurs organisations non gouvernementales, des particuliers, des organisations commerciales et des organismes religieux ont \u00e9galement saisi les tribunaux pour contester certains aspects de l\u2019arr\u00eat.<\/p>\n<p>\u00a0L\u2019Afrique du Sud est confin\u00e9e depuis le 27 mars. Une \u00e9volution qui a vu la plupart des industries, des interactions socio-\u00e9conomiques et d\u2019autres activit\u00e9s s\u2019arr\u00eater net au cours des huit derni\u00e8res semaines.<\/p>\n<\/div>\n<p>Auteur: APA News<br \/>\n<a href=\"https:\/\/www.journalducameroun.com\/afrique-du-sud-le-confinement-a-pour-priorite-de-sauver-des-vies-ramaphosa\/\">Cliquez ici pour lire l&rsquo;article depuis sa source.<\/a><\/p>\n","protected":false},"excerpt":{"rendered":"<p>Publi\u00e9 le 18.05.2020 \u00e0 20h18 par APA News Le pr\u00e9sident Cyril Ramaphosa a d\u00e9clar\u00e9 lundi que la mesure de confinement de huit semaines impos\u00e9e pour lutter contre le coronavirus en Afrique du Sud avait pour but de sauver des vies en emp\u00eachant cette maladie mortelle de se propager dans la population. En r\u00e9ponse aux menaces [&hellip;]<\/p>\n","protected":false},"author":1965,"featured_media":0,"comment_status":"closed","ping_status":"closed","sticky":false,"template":"","format":"standard","meta":{"fifu_image_url":"","fifu_image_alt":"","footnotes":""},"categories":[73,82],"tags":[],"class_list":["post-85952","post","type-post","status-publish","format-standard","hentry","category-actualite","category-cameroun"],"_links":{"self":[{"href":"https:\/\/linitiative.ca\/International\/wp-json\/wp\/v2\/posts\/85952","targetHints":{"allow":["GET"]}}],"collection":[{"href":"https:\/\/linitiative.ca\/International\/wp-json\/wp\/v2\/posts"}],"about":[{"href":"https:\/\/linitiative.ca\/International\/wp-json\/wp\/v2\/types\/post"}],"author":[{"embeddable":true,"href":"https:\/\/linitiative.ca\/International\/wp-json\/wp\/v2\/users\/1965"}],"replies":[{"embeddable":true,"href":"https:\/\/linitiative.ca\/International\/wp-json\/wp\/v2\/comments?post=85952"}],"version-history":[{"count":0,"href":"https:\/\/linitiative.ca\/International\/wp-json\/wp\/v2\/posts\/85952\/revisions"}],"wp:attachment":[{"href":"https:\/\/linitiative.ca\/International\/wp-json\/wp\/v2\/media?parent=85952"}],"wp:term":[{"taxonomy":"category","embeddable":true,"href":"https:\/\/linitiative.ca\/International\/wp-json\/wp\/v2\/categories?post=85952"},{"taxonomy":"post_tag","embeddable":true,"href":"https:\/\/linitiative.ca\/International\/wp-json\/wp\/v2\/tags?post=85952"}],"curies":[{"name":"wp","href":"https:\/\/api.w.org\/{rel}","templated":true}]}}