{"id":85954,"date":"2020-05-18T10:43:39","date_gmt":"2020-05-18T14:43:39","guid":{"rendered":"https:\/\/linitiative.ca\/International\/coronavirus-la-menace-qui-vient-des-dechets-medicaux\/"},"modified":"2020-05-18T10:43:39","modified_gmt":"2020-05-18T14:43:39","slug":"coronavirus-la-menace-qui-vient-des-dechets-medicaux","status":"publish","type":"post","link":"https:\/\/linitiative.ca\/International\/coronavirus-la-menace-qui-vient-des-dechets-medicaux\/","title":{"rendered":"Coronavirus : la menace qui vient des d\u00e9chets m\u00e9dicaux"},"content":{"rendered":"<p>La ville de Douala produit quotidiennement 2500 \u00e0 3000 tonnes de d\u00e9chets par jour (d\u00e9chets m\u00e9nagers, industriels, m\u00e9dicaux etc\u2026) Le ph\u00e9nom\u00e8ne <strong>covid-19<\/strong> a incontestablement provoqu\u00e9 une explosion de la production des d\u00e9chets pharmaceutiques. Seringues, gants, cotons, tube de perfusion, compresses et masques chirurgicaux sont en effet abondamment utilis\u00e9s par le personnel de sant\u00e9 et les populations. Les premiers pour se prot\u00e9ger pendant la prise en charge des malades et les seconds pour se prot\u00e9ger contre les risques d\u2019infection.<\/p>\n<p class=\"has-background has-very-light-gray-background-color c2\"><strong>&gt;&gt;Lire aussi<\/strong> \u2013 <strong><a href=\"https:\/\/ecomatin.net\/covid-19-les-producteurs-de-masques-astreints-au-respect-des-normes\/\">Covid 19 : les producteurs de masques astreints au respect des normes<\/a><\/strong><\/p>\n<p>En charge de la collecte et du traitement des ordures et d\u00e9chets multiformes, la soci\u00e9t\u00e9 Hygi\u00e8ne et salubrit\u00e9 du Cameroun(<strong>Hysacam<\/strong>) conna\u00eet quelques perturbations dans la collecte et la gestion des d\u00e9chets usagers li\u00e9s au coronavirus. \u00ab<em>Nous contribuons en tant que soci\u00e9t\u00e9 de ramassage et de traitement d\u2019ordures m\u00e9nag\u00e8res \u00e0 la r\u00e9flexion sur ce plan de riposte. Nous avons constat\u00e9 que les masques qui sont utilis\u00e9s ne sont pas convenablement jet\u00e9s<\/em>\u00bb, a constat\u00e9 <strong>Jean Pierre Ymele<\/strong>, le directeur r\u00e9gional de l\u2019agence r\u00e9gionale Hysacam pour le Littoral.<\/p>\n<p class=\"has-background has-very-light-gray-background-color c2\"><strong>&gt;&gt;Lire aussi<\/strong> \u2013<strong><a href=\"https:\/\/ecomatin.net\/les-artisans-camerounais-vont-produire-15-millions-de-masques-pour-les-360-communes\/\">Les artisans camerounais vont produire 1,5 millions de masques pour les 360 communes<\/a><\/strong><\/p>\n<p>En effet, depuis le d\u00e9but de la pand\u00e9mie, les <strong>masques chirurgicaux<\/strong>, hors usage, jonchent les bordures de routes, poubelles et points de collecte d\u2019ordures dans presque toutes les villes du Cameroun. \u00ab<em>Si le but de ces masques est de recueillir les postillons, ils peuvent \u00eatre contamin\u00e9s. Si nous les jetons sur la chauss\u00e9e, sur le trottoir, ils peuvent s\u2019ils ont \u00e9t\u00e9 contamin\u00e9s, entretenir la chaine de contamination<\/em>\u00bb explique le responsable d\u2019Hysacam. Jean pierre Ymele propose par cons\u00e9quent \u00ab<em>une collecte et un traitement sp\u00e9cifique des masques chirurgicaux et en tissu<\/em>\u00bb. Celui consiste en \u00ab<em>l\u2019emballage pr\u00e9alable des masques faciaux dans un sachet plastique avant de les jeter dans la poubelle<\/em>\u00bb. Concernant les masques r\u00e9utilisables \u00ab <em>nous conseillons de les tremper dans de l\u2019eau savonneuse avant de les jeter. L\u2019eau savonneuse va neutraliser le virus<\/em>\u00bb, indique le directeur.<\/p>\n<p>Le cas du mat\u00e9riel m\u00e9dical de prise en charge, reste le plus pr\u00e9occupant. A ce sujet, le <strong>minist\u00e8re de l\u2019environnement,<\/strong> de la protection de la nature et du d\u00e9veloppement durable (<strong>Minepded<\/strong>) recommande qu\u2019il soit collect\u00e9 et tri\u00e9 de fa\u00e7on sp\u00e9ciale dans une cha\u00eene ou dans un circuit s\u00e9par\u00e9. A ce sujet, l\u2019agence r\u00e9gionale d\u2019Hysacam envisage mettre \u00e0 la disposition de la ville de Douala \u00abdes poubelles sp\u00e9cifiques destin\u00e9es uniquement \u00e0 recueillir les d\u00e9chets et mat\u00e9riels utilis\u00e9s dans le cadre de la gestion des cas covid-19\u00bb, a promis Jean Pierre Ymele.<\/p>\n<p><strong>Interview<\/strong><\/p>\n<div class=\"wp-block-media-text alignwide c4\" readability=\"7\"><img decoding=\"async\" data-attachment-id=\"16062\" data-permalink=\"https:\/\/ecomatin.net\/coronavirus-la-menace-qui-vient-des-dechets-medicaux\/didier-yimkoua-1\/\" data-orig-file=\"https:\/\/ecomatin.net\/wp-content\/uploads\/2020\/05\/DIDIER-YIMKOUA-1.jpg\" data-orig-size=\"1080,1080\" data-comments-opened=\"0\" data-image-meta=\"{&quot;aperture&quot;:&quot;0&quot;,&quot;credit&quot;:&quot;&quot;,&quot;camera&quot;:&quot;&quot;,&quot;caption&quot;:&quot;&quot;,&quot;created_timestamp&quot;:&quot;0&quot;,&quot;copyright&quot;:&quot;&quot;,&quot;focal_length&quot;:&quot;0&quot;,&quot;iso&quot;:&quot;0&quot;,&quot;shutter_speed&quot;:&quot;0&quot;,&quot;title&quot;:&quot;&quot;,&quot;orientation&quot;:&quot;0&quot;}\" data-image-title=\"DIDIER-YIMKOUA-1\" data-image-description=\"\" data-medium-file=\"https:\/\/ecomatin.net\/wp-content\/uploads\/2020\/05\/DIDIER-YIMKOUA-1-300x300.jpg\" data-large-file=\"https:\/\/ecomatin.net\/wp-content\/uploads\/2020\/05\/DIDIER-YIMKOUA-1-1024x1024.jpg\" src=\"https:\/\/ecomatin.net\/wp-content\/uploads\/2020\/05\/DIDIER-YIMKOUA-1-1024x1024.jpg\" alt=\"\" class=\"wp-image-16062\" srcset=\"https:\/\/ecomatin.net\/wp-content\/uploads\/2020\/05\/DIDIER-YIMKOUA-1-1024x1024.jpg 1024w, https:\/\/ecomatin.net\/wp-content\/uploads\/2020\/05\/DIDIER-YIMKOUA-1-300x300.jpg 300w, https:\/\/ecomatin.net\/wp-content\/uploads\/2020\/05\/DIDIER-YIMKOUA-1-150x150.jpg 150w, https:\/\/ecomatin.net\/wp-content\/uploads\/2020\/05\/DIDIER-YIMKOUA-1-768x768.jpg 768w, https:\/\/ecomatin.net\/wp-content\/uploads\/2020\/05\/DIDIER-YIMKOUA-1.jpg 1080w\" sizes=\"(max-width: 1024px) 100vw, 1024px\"\/><\/p>\n<div class=\"wp-block-media-text__content\" readability=\"9\">\n<p class=\"has-background has-medium-font-size has-very-light-gray-background-color\"><strong>\u00ab<em>Les d\u00e9chets rejet\u00e9s dans la nature sont un facteur de contamination<\/em>\u2026.\u00bb Didier Yimkoua, Environnementaliste<\/strong><\/p>\n<\/div>\n<\/div>\n<p><strong>Quel impact les d\u00e9chets usagers du coronavirus peuvent avoir sur l\u2019environnement et la sant\u00e9 des populations ?<\/strong><\/p>\n<p>\u00a0Les d\u00e9chets usagers du covid-19 sont les masques, flacons vides de gel, gants utilis\u00e9s et jet\u00e9s dans la nature. Rien ne garantit \u00e0 ce jour que ces d\u00e9chets sp\u00e9ciaux, car assimilables aux d\u00e9chets hospitaliers, et rejet\u00e9s dans la nature en l\u2019\u00e9tat, ne sont point un facteur de contamination et de propagation du coronavirus. L\u2019impact n\u00e9gatif sur la sant\u00e9 publique n\u2019est pas \u00e0 \u00e9carter. Sur la sant\u00e9 environnementale \u00e9videmment, ces rejets participent de la pollution atmosph\u00e9rique et de l\u2019insalubrit\u00e9. Lorsqu\u2019ils sont abandonn\u00e9s dans les rigoles et caniveaux, ils amplifient les ph\u00e9nom\u00e8nes d\u2019inondation apr\u00e8s les pluies.<\/p>\n<p><strong>Qu\u2019en est-il des d\u00e9pouilles du covid-19\u00a0?<\/strong><\/p>\n<p>\u00a0Pour ce qui est des d\u00e9pouilles des morts du covid-19, le sujet est tr\u00e8s clivant. Je m\u2019en tiens au protocole de mise en bi\u00e8re du corps respect\u00e9 par le corps m\u00e9dical qui estime que c\u2019est de cette mani\u00e8re qu\u2019il faut \u00e9viter la diss\u00e9mination communautaire du virus. Je pense qu\u2019en la mati\u00e8re, il faut un d\u00e9bat entre m\u00e9decins, sociologues, anthropologues, traditionnalistes, et \u00e9cologistes. Le traitement r\u00e9serv\u00e9 aux morts du coronavirus d\u00e9structure notre mode de vie. Or, il fallait en tenir compte afin d\u2019\u00e9viter des batailles entre familles et personnel m\u00e9dical qui n\u2019honorent pas les us et coutume africaines.<\/p>\n<p><strong>Avez-vous saisi les autorit\u00e9s comp\u00e9tentes sur l\u2019impact n\u00e9gatif de la gestion des d\u00e9chets du corona virus sur l\u2019environnement ?<\/strong><\/p>\n<p>Oui nous avons saisi par correspondance monsieur le ministre de la sant\u00e9 publique. Correspondance dans laquelle nous lui avons propos\u00e9 un protocole de gestion \u00e9cologique des d\u00e9chets de masques, gants et flacons vides de gel. La r\u00e9ponse est attendue. Nous avons attir\u00e9 l\u2019attention des maires sur les risques de contamination du virus \u00e0 travers ces d\u00e9chets solides. Nous leur avons propos\u00e9 d\u2019organiser \u00e0 cet effet des campagnes de sensibilisation de masse, de placer \u00e0 des endroits visibles des poubelles et bacs sp\u00e9ciaux uniquement pour ces d\u00e9chets qui, apr\u00e8s stockage doivent \u00eatre incin\u00e9r\u00e9s. Il faut une bonne tra\u00e7abilit\u00e9 de gestion de ces d\u00e9chets solides \u00e9valu\u00e9s \u00e0 une dizaine de tonnes par jour.<\/p>\n<p><strong>Interview<\/strong><\/p>\n<div class=\"wp-block-media-text alignwide c5\" readability=\"7.5\"><img decoding=\"async\" data-attachment-id=\"16063\" data-permalink=\"https:\/\/ecomatin.net\/coronavirus-la-menace-qui-vient-des-dechets-medicaux\/capture-335\/\" data-orig-file=\"https:\/\/ecomatin.net\/wp-content\/uploads\/2020\/05\/Capture-335.jpg\" data-orig-size=\"398,295\" data-comments-opened=\"0\" data-image-meta=\"{&quot;aperture&quot;:&quot;0&quot;,&quot;credit&quot;:&quot;ECO-MATIN3&quot;,&quot;camera&quot;:&quot;&quot;,&quot;caption&quot;:&quot;&quot;,&quot;created_timestamp&quot;:&quot;1589819462&quot;,&quot;copyright&quot;:&quot;&quot;,&quot;focal_length&quot;:&quot;0&quot;,&quot;iso&quot;:&quot;0&quot;,&quot;shutter_speed&quot;:&quot;0&quot;,&quot;title&quot;:&quot;&quot;,&quot;orientation&quot;:&quot;0&quot;}\" data-image-title=\"Capture-335\" data-image-description=\"\" data-medium-file=\"https:\/\/ecomatin.net\/wp-content\/uploads\/2020\/05\/Capture-335-300x222.jpg\" data-large-file=\"https:\/\/ecomatin.net\/wp-content\/uploads\/2020\/05\/Capture-335.jpg\" src=\"https:\/\/ecomatin.net\/wp-content\/uploads\/2020\/05\/Capture-335.jpg\" alt=\"\" class=\"wp-image-16063\" srcset=\"https:\/\/ecomatin.net\/wp-content\/uploads\/2020\/05\/Capture-335.jpg 398w, https:\/\/ecomatin.net\/wp-content\/uploads\/2020\/05\/Capture-335-300x222.jpg 300w\" sizes=\"(max-width: 398px) 100vw, 398px\"\/><\/p>\n<div class=\"wp-block-media-text__content\" readability=\"10\">\n<p class=\"has-background has-medium-font-size has-very-light-gray-background-color\"><strong><em>\u00abLe corona virus survie plusieurs heures sur les d\u00e9chets\u00bb,<\/em> Jean Pierre Ymele, Directeur r\u00e9gional de l\u2019agence Hysacam pour le Littoral<\/strong><\/p>\n<\/div>\n<\/div>\n<p><strong>Que pensez-vous du plan de riposte contre le coronavirus engag\u00e9 par la ville de Douala ?<\/strong><\/p>\n<p>Je veux saluer l\u2019heureuse initiative de la ville qui a initi\u00e9 et associ\u00e9 ses partenaires \u00e0 la r\u00e9flexion du plan de riposte qu\u2019elle a propos\u00e9. Nous devons briser la chaine de contamination et accessoirement, g\u00e9rer tous les cas qui seront positifs \u00e0 la phase post-mortem. Nous avons compris que les mesures d\u2019all\u00e9gement prises par le gouvernement visent \u00e0 maintenir la situation \u00e9conomique. Il ne faut pas que le rem\u00e8de tue le malade. Il faut qu\u2019on continue de vivre sans rel\u00e2cher en respectant les mesures qui ont \u00e9dict\u00e9es par le gouvernement.<\/p>\n<p><strong>Comment se d\u00e9roule la collecte des ordures et d\u00e9chets en p\u00e9riode de coronavirus?<\/strong><\/p>\n<p>Le service est diff\u00e9rent de celui que nous menons traditionnellement. Nous avons pris des mesures particuli\u00e8res et nous pensons que si on am\u00e9liore ce nouveau rythme de collecte, nous pouvons briser cette chaine de contamination. N\u2019oublions pas que le virus peut survivre pendant plusieurs heures \u00e0 travers les d\u00e9chets, voire plusieurs jours dans certaines surfaces. Les d\u00e9chets sont les objets que nous manipulons au quotidien. S\u2019ils sont contamin\u00e9s, les gens qui vivent du contenu des poubelles seront forc\u00e9ment contamin\u00e9s. Il va de soi que la chaine de transmission va se multiplier.<\/p>\n<p><strong>Comment se passe la gestion des d\u00e9chets dans votre entreprise contre la covid-19 ?<\/strong><\/p>\n<p>Nous n\u2019avons pas attendu que le gouvernement adopte les mesures barri\u00e8res. Nous avons mis en place plusieurs s\u00e9ries de mesure. Il s\u2019agit de la protection de nos employ\u00e9s en distribuant les masques Ffp2 et autres \u00e9quipements de protection individuelle. Nous sensibilisons les h\u00f4pitaux et formations hospitali\u00e8res qui re\u00e7oivent les malades atteints de covid-19, afin qu\u2019elles conditionnent convenablement les d\u00e9chets. Nous proc\u00e9dons par ailleurs \u00e0 la d\u00e9sinfection de nos sites logistiques deux fois par semaine.<\/p>\n<p class=\"has-background has-very-light-gray-background-color c2\"><strong>&gt;&gt;Lire aussi \u2013<a href=\"https:\/\/ecomatin.net\/israel-offre-400-masques-par-jour-au-cameroun\/\">Isra\u00ebl offre 400 masques par jour au Cameroun<\/a><\/strong><\/p>\n<div class=\"awac-wrapper awac widget posts-list-widget-13\">\n<h4 class=\"widget-title\">Recent Posts<\/h4>\n<\/div>\n<p>Auteur: EcoMatin<br \/>\n<a href=\"https:\/\/ecomatin.net\/coronavirus-la-menace-qui-vient-des-dechets-medicaux\/\">Cliquez ici pour lire l&rsquo;article depuis sa source.<\/a><\/p>\n","protected":false},"excerpt":{"rendered":"<p>La ville de Douala produit quotidiennement 2500 \u00e0 3000 tonnes de d\u00e9chets par jour (d\u00e9chets m\u00e9nagers, industriels, m\u00e9dicaux etc\u2026) Le ph\u00e9nom\u00e8ne covid-19 a incontestablement provoqu\u00e9 une explosion de la production des d\u00e9chets pharmaceutiques. Seringues, gants, cotons, tube de perfusion, compresses et masques chirurgicaux sont en effet abondamment utilis\u00e9s par le personnel de sant\u00e9 et les [&hellip;]<\/p>\n","protected":false},"author":1969,"featured_media":85955,"comment_status":"closed","ping_status":"closed","sticky":false,"template":"","format":"standard","meta":{"fifu_image_url":"","fifu_image_alt":"","footnotes":""},"categories":[82,78],"tags":[],"class_list":["post-85954","post","type-post","status-publish","format-standard","has-post-thumbnail","hentry","category-cameroun","category-economie"],"_links":{"self":[{"href":"https:\/\/linitiative.ca\/International\/wp-json\/wp\/v2\/posts\/85954","targetHints":{"allow":["GET"]}}],"collection":[{"href":"https:\/\/linitiative.ca\/International\/wp-json\/wp\/v2\/posts"}],"about":[{"href":"https:\/\/linitiative.ca\/International\/wp-json\/wp\/v2\/types\/post"}],"author":[{"embeddable":true,"href":"https:\/\/linitiative.ca\/International\/wp-json\/wp\/v2\/users\/1969"}],"replies":[{"embeddable":true,"href":"https:\/\/linitiative.ca\/International\/wp-json\/wp\/v2\/comments?post=85954"}],"version-history":[{"count":0,"href":"https:\/\/linitiative.ca\/International\/wp-json\/wp\/v2\/posts\/85954\/revisions"}],"wp:featuredmedia":[{"embeddable":true,"href":"https:\/\/linitiative.ca\/International\/wp-json\/"}],"wp:attachment":[{"href":"https:\/\/linitiative.ca\/International\/wp-json\/wp\/v2\/media?parent=85954"}],"wp:term":[{"taxonomy":"category","embeddable":true,"href":"https:\/\/linitiative.ca\/International\/wp-json\/wp\/v2\/categories?post=85954"},{"taxonomy":"post_tag","embeddable":true,"href":"https:\/\/linitiative.ca\/International\/wp-json\/wp\/v2\/tags?post=85954"}],"curies":[{"name":"wp","href":"https:\/\/api.w.org\/{rel}","templated":true}]}}