{"id":85956,"date":"2020-05-18T11:04:24","date_gmt":"2020-05-18T15:04:24","guid":{"rendered":"https:\/\/linitiative.ca\/International\/covid-19-la-position-sunu-assurances-sur-la-gestion-des-patients\/"},"modified":"2020-05-18T11:04:24","modified_gmt":"2020-05-18T15:04:24","slug":"covid-19-la-position-sunu-assurances-sur-la-gestion-des-patients","status":"publish","type":"post","link":"https:\/\/linitiative.ca\/International\/covid-19-la-position-sunu-assurances-sur-la-gestion-des-patients\/","title":{"rendered":"Covid-19 : La position Sunu Assurances sur la gestion des patients"},"content":{"rendered":"<p>La v\u00e9rit\u00e9 est d\u00e9sormais connue apr\u00e8s les accusations formul\u00e9es par la Fondation camerounaise des consommateurs (<strong>Focaco<\/strong>) sur la gestion des patients du covid-19 par la compagnie <strong>Sunu Assurances.<\/strong> Ladite compagnie d\u00e9ment formellement la version de la Focaco, faisant \u00e9tat d\u2019un \u00abrefus de prise en charge\u00bb des assur\u00e9s de Sunu atteints de corona virus. Contact\u00e9 par Ecomatin, une source en interne rassurait sur cet \u00e9pineux dossier: \u00ab<em>ce qu\u2019il faut savoir c\u2019est que les contrats d\u2019assurance sont encadr\u00e9s et valid\u00e9s par l\u2019autorit\u00e9 de tutelle \u00e0 savoir le Minist\u00e8re des finances qui s\u2019assure de la protection des droits des clients et assur\u00e9s. De mani\u00e8re g\u00e9n\u00e9rale, et ce dans tous les pays du monde, les pand\u00e9mies sont exclues des garanties accord\u00e9es par les compagnies. Car les m\u00e9canismes d\u2019appr\u00e9ciation des risques et de tarification ne prennent pas en compte les pand\u00e9mies. Les cons\u00e9quences p\u00e9cuniaires des pand\u00e9mies rel\u00e8vent des obligations r\u00e9galiennes de l\u2019Etat. Raison pour laquelle le Minsante a annonc\u00e9 la prise en charge gratuite des cas d\u00e9clar\u00e9s. Cela n\u2019est pas seulement valable pour l\u2019assurance sant\u00e9, mais sur tous les sujets assurantiels. Dans le cadre des \u00e9meutes dites de la faim en 2008 par exemple, les engagements des assureurs ont \u00e9t\u00e9 confin\u00e9s. Car les contrats sont clairs dessus<\/em>\u00bb.<\/p>\n<p class=\"has-background has-very-light-gray-background-color c2\"><strong>&gt;&gt;Lire aussi-<a href=\"https:\/\/ecomatin.net\/covid-19-remous-dans-le-secteur-des-assurances-sur-la-prise-en-charge\/\">Covid-19 : remous dans le secteur des assurances sur la prise en charge<\/a><\/strong><\/p>\n<p>Cette version intervenait apr\u00e8s celle de l\u2019Association des soci\u00e9t\u00e9s d\u2019assurances du Cameroun (<strong>Asac<\/strong>) pour qui la prise en charge des patients du Covid-19 rel\u00e8ve de la pr\u00e9rogative de l\u2019Etat. \u00ab<em>Comme vous le savez, une pand\u00e9mie est d\u00e9clar\u00e9e par l\u2019Organisation mondiale de la sant\u00e9 (Oms). C\u2019est le cas du covid-19. D\u00e8s lors sa prise en charge rel\u00e8ve de la pr\u00e9rogative exclusive de l\u2019Etat qui prend toutes les mesures propres \u00e0 un cas de force majeure absolue, quelles que soient les garanties pr\u00e9vus dans les contrats d\u2019assurance-maladies<\/em>\u00bb peut-on lire sur un communiqu\u00e9 de cette association. De son c\u00f4t\u00e9, Sunu assurances apporte plus d\u2019\u00e9clairages sur la gestion de ses assur\u00e9s, ainsi que ses interventions aux c\u00f4t\u00e9s du gouvernement et des collectivit\u00e9s. \u00ab\u2026<em>tous les cas confirm\u00e9s de malades atteints de Covid-19 sont couverts int\u00e9gralement par l\u2019Etat du Cameroun comme l\u2019a rappel\u00e9 le <strong>Ministre de la sant\u00e9 publique<\/strong> dans son communiqu\u00e9 du 16 mars 2020 \u00e0 l\u2019attention des structures sanitaires. Avant la confirmation, nous continuons de garantir toutes de sant\u00e9 de nos assur\u00e9s<\/em>\u00bb, mentionne la direction g\u00e9n\u00e9rale.<\/p>\n<p>Dans le volet responsabilit\u00e9 soci\u00e9tale et accompagnement du gouvernement, Sunu assurances a renforc\u00e9 ses actions en qualit\u00e9 d\u2019entreprise citoyenne. A travers ses filiales \u00abVie\u00bb et \u00abLard\u00bb du Cameroun, l\u2019assureur a proc\u00e9d\u00e9, le 6 avril 2020, \u00e0 la remise d\u2019un don de mat\u00e9riels de sant\u00e9 et d\u2019\u00e9quipements de protections d\u2019une valeur de 30 millions de F CFA \u00e0 <strong>l\u2019h\u00f4pital Laquintinie<\/strong> de Douala, l\u2019un des centres sp\u00e9ciaux de prise en charge des patients du covid-19. Rappelons que Sunu assurances Cameroun est n\u00e9e de l\u2019acquisition de l\u2019ex-soci\u00e9t\u00e9 de dommages <strong>Caminsur<\/strong>. Le groupe est repr\u00e9sent\u00e9 dans 15 pays africains. La filiale camerounaise dirig\u00e9e par Moussa Diouf, dispose d\u2019un capital social de 2.100.000.000 de Fcfa. Sunu assurances Cameroun commercialise plusieurs produits: sant\u00e9, multirisques, habitation, automobile, transports, civile, responsabilit\u00e9, incendie etc\u2026<\/p>\n<p class=\"has-background has-very-light-gray-background-color c2\"><strong>&gt;&gt;Lire aussi-<a href=\"https:\/\/ecomatin.net\/le-gicam-pour-un-plan-de-soutien-massif-aux-entreprises\/\">Coronavirus: le Gicam pour un plan de soutien massif aux entreprises<\/a><\/strong><\/p>\n<div class=\"awac-wrapper awac widget posts-list-widget-13\">\n<h4 class=\"widget-title\">Recent Posts<\/h4>\n<\/div>\n<p>Auteur: EcoMatin<br \/>\n<a href=\"https:\/\/ecomatin.net\/covid-19-la-position-sunu-assurances-sur-la-gestion-des-patients\/\">Cliquez ici pour lire l&rsquo;article depuis sa source.<\/a><\/p>\n","protected":false},"excerpt":{"rendered":"<p>La v\u00e9rit\u00e9 est d\u00e9sormais connue apr\u00e8s les accusations formul\u00e9es par la Fondation camerounaise des consommateurs (Focaco) sur la gestion des patients du covid-19 par la compagnie Sunu Assurances. Ladite compagnie d\u00e9ment formellement la version de la Focaco, faisant \u00e9tat d\u2019un \u00abrefus de prise en charge\u00bb des assur\u00e9s de Sunu atteints de corona virus. Contact\u00e9 par [&hellip;]<\/p>\n","protected":false},"author":1969,"featured_media":0,"comment_status":"closed","ping_status":"closed","sticky":false,"template":"","format":"standard","meta":{"fifu_image_url":"","fifu_image_alt":"","footnotes":""},"categories":[82,78],"tags":[],"class_list":["post-85956","post","type-post","status-publish","format-standard","hentry","category-cameroun","category-economie"],"_links":{"self":[{"href":"https:\/\/linitiative.ca\/International\/wp-json\/wp\/v2\/posts\/85956","targetHints":{"allow":["GET"]}}],"collection":[{"href":"https:\/\/linitiative.ca\/International\/wp-json\/wp\/v2\/posts"}],"about":[{"href":"https:\/\/linitiative.ca\/International\/wp-json\/wp\/v2\/types\/post"}],"author":[{"embeddable":true,"href":"https:\/\/linitiative.ca\/International\/wp-json\/wp\/v2\/users\/1969"}],"replies":[{"embeddable":true,"href":"https:\/\/linitiative.ca\/International\/wp-json\/wp\/v2\/comments?post=85956"}],"version-history":[{"count":0,"href":"https:\/\/linitiative.ca\/International\/wp-json\/wp\/v2\/posts\/85956\/revisions"}],"wp:attachment":[{"href":"https:\/\/linitiative.ca\/International\/wp-json\/wp\/v2\/media?parent=85956"}],"wp:term":[{"taxonomy":"category","embeddable":true,"href":"https:\/\/linitiative.ca\/International\/wp-json\/wp\/v2\/categories?post=85956"},{"taxonomy":"post_tag","embeddable":true,"href":"https:\/\/linitiative.ca\/International\/wp-json\/wp\/v2\/tags?post=85956"}],"curies":[{"name":"wp","href":"https:\/\/api.w.org\/{rel}","templated":true}]}}